{"id":11030,"date":"2016-09-15T08:35:50","date_gmt":"2016-09-15T06:35:50","guid":{"rendered":"http:\/\/www.incurvy.de\/trends-grosse-groessen\/?p=11030"},"modified":"2024-03-01T11:26:22","modified_gmt":"2024-03-01T09:26:22","slug":"mode-grosse-groessen-was-diese-saison-kombiniert-wird","status":"publish","type":"post","link":"https:\/\/www.incurvy.de\/trends-grosse-groessen\/mode-grosse-groessen-was-diese-saison-kombiniert-wird\/","title":{"rendered":"Mode gro\u00dfe Gr\u00f6\u00dfen: Was diese Saison kombiniert wird"},"content":{"rendered":"<h2>Herbst Mode gro\u00dfe Gr\u00f6\u00dfe<\/h2>\n<p style=\"text-align: justify;\">In der Herbst Mode gro\u00dfe Gr\u00f6\u00dfe diese Saison werden <strong>Herbstt\u00f6ne mit Knallfarben kombiniert<\/strong>. Ein leuchtend sch\u00f6ner Herbst ist die beste Einstimmung auf die dunkle Jahreszeit, wenn sich die Sonne nur noch kurz blicken l\u00e4sst. Denn w\u00e4hrend sich die Natur auf den Winterschlaf vorbereitet, l\u00e4sst du deine Garderobe leuchten. Die trendigen Herbstt\u00f6ne kombinierst du am besten mit knalligen Farben, die deine Sommerlaune noch ein wenig l\u00e4nger erhalten.<\/p>\n<h2 style=\"text-align: justify;\">Tipps f\u00fcr deine Herbst Mode &#8211; Farben<strong><br \/>\n<\/strong><\/h2>\n<ol style=\"text-align: justify;\">\n<li>\n<h3>Orange<\/h3>\n<\/li>\n<\/ol>\n<p style=\"text-align: justify;\">Die Farbe ist fruchtig, lecker und strahlend sch\u00f6n. Ich empfehle dir einen XXL Feinstrickpullover zu einem schwarzen, gr\u00fcnen oder braunen Faltenrock \u00dcbergr\u00f6\u00dfe. Dazu tr\u00e4gst du warme Strumpfhosen gro\u00dfe Gr\u00f6\u00dfe und coole Boots.<\/p>\n<ol style=\"text-align: justify;\" start=\"2\">\n<li>\n<h3>Kobaltblau<\/h3>\n<\/li>\n<\/ol>\n<p style=\"text-align: justify;\">Dieses Blau ist leuchtend und zeitlos. Eine Plus Size Weste in dieser Farbe sieht trendig mit einer gro\u00dfe Gr\u00f6\u00dfen Jeans, Slipper und einem wei\u00dfen Pullover aus. Die kuschelige Variante im Hippie-Look ist eine Fellweste im knalligen Blau, die deinem Look ein wenig Hippie-Touch verleiht.<\/p>\n<ol style=\"text-align: justify;\" start=\"3\">\n<li>\n<h3>Pink \/ Rosa<\/h3>\n<\/li>\n<\/ol>\n<p style=\"text-align: justify;\">Pink und Rosa sind die M\u00e4dchenfarben schlechthin. Trotzdem stehen sie auch erwachsenen Frauen sehr gut, du musst sie nur erwachsen kombinieren. Wie w\u00e4rs mit einer pink- oder rosafarbenen Bluse in gro\u00dfen Gr\u00f60en, die zusammen mit einer eleganten Marlene Hose getragen wird? Sehr schick finde ich auch altrosafarbene R\u00f6cke, die mit hellen Oberteilen und schicken Pumps kombiniert werden.<\/p>\n<ol style=\"text-align: justify;\" start=\"4\">\n<li>\n<h3>Beerenfarben<\/h3>\n<\/li>\n<\/ol>\n<p style=\"text-align: justify;\">Schon h\u00e4ufiger haben uns diese Farbt\u00f6ne im Herbst begleitet. Verwunderlich ist es nicht, denn jetzt findest du noch immer Himbeeren und Brombeeren in der freien Natur. Die leckeren Farben sind ideal auf Capes, die du \u00fcber dein Plus Size Outfit ziehst. Aktuell sind beerenfarbene Tuniken und Pullover der Hit unter deinen Basics.<\/p>\n<ol style=\"text-align: justify;\" start=\"5\">\n<li>\n<h3>Wei\u00df<\/h3>\n<\/li>\n<\/ol>\n<p style=\"text-align: justify;\">Im Herbst ist ein Cremewei\u00df in Verbindung mit Rosa, Beerenfarben oder nat\u00fcrlichen Farben angesagt. Auf einer Hose oder einem Oberteil \u2013 die Farbe leuchtet schon von weitem und vertreibt alle d\u00fcsteren Herbststimmungen.<\/p>\n<ol style=\"text-align: justify;\" start=\"6\">\n<li>\n<h3>Mustermix<\/h3>\n<\/li>\n<\/ol>\n<p style=\"text-align: justify;\">Wild ist ein Mustermix aus verschiedenen Knallfarben. Entweder sind mehrere Farben in einem Teil vereint &#8211; das macht eine Kombination einfacher, da du zum bunten Oberteil eine dunkle Hose tragen kannst, ohne dir vorher Gedanken zu machen &#8211; oder du greifst zum knallroten XXL Pullover und kombinierst ihn mit einer kobaltblauen Hose. Absolute Aufmerksamkeit erfordern auch die Kombinationen aus Pink und Apfelgr\u00fcn, Wei\u00df und Schwarz, Orange und Hellbraun.<\/p>\n<p style=\"text-align: justify;\">Im Trend liegen neben den oben genannten Farben auch nach wie vor die Farben <strong>Babyblau und Hellrosa<\/strong>, die zu den <a href=\"https:\/\/www.incurvy.de\/trends-grosse-groessen\/die-trendfarben-2016-rose-quartz-und-serenity\/\" target=\"_blank\" rel=\"noopener\">Trendfarben 2016<\/a> gew\u00e4hlt wurden. Dein pers\u00f6nlicher Geschmack entscheidet nat\u00fcrlich auch \u00fcber die Farben deines Outfits. Wenn du lieber dunkle und gedeckte T\u00f6ne magst, dann passen auch diese gut in die Jahreszeit. Kleine Eyecatcher in <a href=\"https:\/\/www.incurvy.de\/trends-grosse-groessen\/bring-farbe-den-herbst\/\" target=\"_blank\" rel=\"nofollow noopener\">knalligen Farben<\/a> gen\u00fcgen schon, um die herbstliche Tristesse zu vertreiben. Daf\u00fcr greifst du zu T\u00fcchern in bunten Farben, knallige G\u00fcrtel oder Taschen oder bunten Schmuck.<\/p>\n<h3 style=\"text-align: justify;\">Noch mehr Tipps<\/h3>\n<p style=\"text-align: justify;\">Hier haben wir \u00fcbrigens ein Check-up erstellt, ob deine <a href=\"https:\/\/www.incurvy.de\/trends-grosse-groessen\/check-up-fuer-die-uebergangszeit-ist-deine-garderobe-fit-fuer-den-herbst\/\" target=\"_blank\" rel=\"noopener\">Garderobe fit f\u00fcr den Herbst<\/a> ist. Teste dich selbst. Darunter findest du Must-haves f\u00fcr die Zwischenzeit. In der Herbst Mode gro\u00dfe Gr\u00f6\u00dfen sind <a href=\"https:\/\/www.incurvy.de\/damenmode\/strickjacken-cardigans\/\" target=\"_blank\" rel=\"noopener\">Strickjacken und Cardigans<\/a> nat\u00fcrlich kuschelige Begleiter, auf die wir uns jedes Jahr freuen. Auf incurvy findest neuen Strick, der dich durch den Herbst und Winter f\u00fchrt.<\/p>\n<p style=\"text-align: justify;\">Was letztes Jahr im Herbst\/Winter im Trend war, erf\u00e4hrst du hier unter <a href=\"https:\/\/www.incurvy.de\/trends-grosse-groessen\/modetrends-herbst-winter-201516\/\" target=\"_blank\" rel=\"nofollow noopener\">Modetrends Herbst\/Winter 2015\/16<\/a>!<\/p>\n<p style=\"text-align: justify;\">\n","protected":false},"excerpt":{"rendered":"<p>Herbst Mode gro\u00dfe Gr\u00f6\u00dfe In der Herbst Mode gro\u00dfe Gr\u00f6\u00dfe diese Saison werden Herbstt\u00f6ne mit Knallfarben kombiniert. Ein leuchtend sch\u00f6ner Herbst ist&hellip;<\/p>\n","protected":false},"author":10,"featured_media":0,"comment_status":"open","ping_status":"open","sticky":false,"template":"","format":"standard","meta":{"footnotes":""},"categories":[9,2,5,1,8],"tags":[1646,1647,58,1648,1239],"class_list":["post-11030","post","type-post","status-publish","format-standard","hentry","category-damenmode-grosse-groessen","category-interessante-blog-themen","category-mode-tipps-tricks","category-kategorie-plus-size-mode","category-plus-size-news","tag-herbst-mode-grosse-groessen","tag-herbstmode","tag-mode-grosse-groessen","tag-plus-size-herbst-mode","tag-trendfarben-2016"],"yoast_head":"<!-- This site is optimized with the Yoast SEO plugin v27.5 - https:\/\/yoast.com\/product\/yoast-seo-wordpress\/ -->\n<title>Mode gro\u00dfe Gr\u00f6\u00dfe - Damenmode gro\u00dfe Gr\u00f6\u00dfe<\/title>\n<meta name=\"description\" content=\"In der Mode gro\u00dfe Gr\u00f6\u00dfe diese Saison werden Herbstt\u00f6ne mit Knallfarben kombiniert. Tipps f\u00fcr Deine Herbst Garderobe jetzt entdecken!\" \/>\n<meta name=\"robots\" content=\"index, follow, max-snippet:-1, max-image-preview:large, max-video-preview:-1\" \/>\n<link rel=\"canonical\" href=\"https:\/\/www.incurvy.de\/trends-grosse-groessen\/mode-grosse-groessen-was-diese-saison-kombiniert-wird\/\" \/>\n<meta property=\"og:locale\" content=\"de_DE\" \/>\n<meta property=\"og:type\" content=\"article\" \/>\n<meta property=\"og:title\" content=\"Mode gro\u00dfe Gr\u00f6\u00dfe - Damenmode gro\u00dfe Gr\u00f6\u00dfe\" \/>\n<meta property=\"og:description\" content=\"In der Mode gro\u00dfe Gr\u00f6\u00dfe diese Saison werden Herbstt\u00f6ne mit Knallfarben kombiniert. Tipps f\u00fcr Deine Herbst Garderobe jetzt entdecken!\" \/>\n<meta property=\"og:url\" content=\"https:\/\/www.incurvy.de\/trends-grosse-groessen\/mode-grosse-groessen-was-diese-saison-kombiniert-wird\/\" \/>\n<meta property=\"og:site_name\" content=\"INCURVY Plus-Size Fashion - BLOG\" \/>\n<meta property=\"article:published_time\" content=\"2016-09-15T06:35:50+00:00\" \/>\n<meta property=\"article:modified_time\" content=\"2024-03-01T09:26:22+00:00\" \/>\n<meta name=\"author\" content=\"Eleonore\" \/>\n<meta name=\"twitter:card\" content=\"summary_large_image\" \/>\n<meta name=\"twitter:label1\" content=\"Verfasst von\" \/>\n\t<meta name=\"twitter:data1\" content=\"Eleonore\" \/>\n\t<meta name=\"twitter:label2\" content=\"Gesch\u00e4tzte Lesezeit\" \/>\n\t<meta name=\"twitter:data2\" content=\"3\u00a0Minuten\" \/>\n<script type=\"application\/ld+json\" class=\"yoast-schema-graph\">{\"@context\":\"https:\\\/\\\/schema.org\",\"@graph\":[{\"@type\":\"Article\",\"@id\":\"https:\\\/\\\/www.incurvy.de\\\/trends-grosse-groessen\\\/mode-grosse-groessen-was-diese-saison-kombiniert-wird\\\/#article\",\"isPartOf\":{\"@id\":\"https:\\\/\\\/www.incurvy.de\\\/trends-grosse-groessen\\\/mode-grosse-groessen-was-diese-saison-kombiniert-wird\\\/\"},\"author\":{\"name\":\"Eleonore\",\"@id\":\"https:\\\/\\\/www.incurvy.de\\\/trends-grosse-groessen\\\/#\\\/schema\\\/person\\\/0f0b11c021b39ea29dafea3a21fef662\"},\"headline\":\"Mode gro\u00dfe Gr\u00f6\u00dfen: Was diese Saison kombiniert wird\",\"datePublished\":\"2016-09-15T06:35:50+00:00\",\"dateModified\":\"2024-03-01T09:26:22+00:00\",\"mainEntityOfPage\":{\"@id\":\"https:\\\/\\\/www.incurvy.de\\\/trends-grosse-groessen\\\/mode-grosse-groessen-was-diese-saison-kombiniert-wird\\\/\"},\"wordCount\":579,\"commentCount\":0,\"publisher\":{\"@id\":\"https:\\\/\\\/www.incurvy.de\\\/trends-grosse-groessen\\\/#\\\/schema\\\/person\\\/0f0b11c021b39ea29dafea3a21fef662\"},\"keywords\":[\"Herbst Mode gro\u00dfe Gr\u00f6\u00dfen\",\"Herbstmode\",\"Mode gro\u00dfe Gr\u00f6\u00dfen\",\"Plus Size Herbst Mode\",\"Trendfarben 2016\"],\"articleSection\":[\"Damenmode gro\u00dfe Gr\u00f6\u00dfen\",\"Interessante Themen\",\"Mode Tipps &amp; Tricks\",\"Plus-Size Mode\",\"Plus-Size News\"],\"inLanguage\":\"de\",\"potentialAction\":[{\"@type\":\"CommentAction\",\"name\":\"Comment\",\"target\":[\"https:\\\/\\\/www.incurvy.de\\\/trends-grosse-groessen\\\/mode-grosse-groessen-was-diese-saison-kombiniert-wird\\\/#respond\"]}]},{\"@type\":\"WebPage\",\"@id\":\"https:\\\/\\\/www.incurvy.de\\\/trends-grosse-groessen\\\/mode-grosse-groessen-was-diese-saison-kombiniert-wird\\\/\",\"url\":\"https:\\\/\\\/www.incurvy.de\\\/trends-grosse-groessen\\\/mode-grosse-groessen-was-diese-saison-kombiniert-wird\\\/\",\"name\":\"Mode gro\u00dfe Gr\u00f6\u00dfe - Damenmode gro\u00dfe Gr\u00f6\u00dfe\",\"isPartOf\":{\"@id\":\"https:\\\/\\\/www.incurvy.de\\\/trends-grosse-groessen\\\/#website\"},\"datePublished\":\"2016-09-15T06:35:50+00:00\",\"dateModified\":\"2024-03-01T09:26:22+00:00\",\"description\":\"In der Mode gro\u00dfe Gr\u00f6\u00dfe diese Saison werden Herbstt\u00f6ne mit Knallfarben kombiniert. Tipps f\u00fcr Deine Herbst Garderobe jetzt entdecken!\",\"breadcrumb\":{\"@id\":\"https:\\\/\\\/www.incurvy.de\\\/trends-grosse-groessen\\\/mode-grosse-groessen-was-diese-saison-kombiniert-wird\\\/#breadcrumb\"},\"inLanguage\":\"de\",\"potentialAction\":[{\"@type\":\"ReadAction\",\"target\":[\"https:\\\/\\\/www.incurvy.de\\\/trends-grosse-groessen\\\/mode-grosse-groessen-was-diese-saison-kombiniert-wird\\\/\"]}]},{\"@type\":\"BreadcrumbList\",\"@id\":\"https:\\\/\\\/www.incurvy.de\\\/trends-grosse-groessen\\\/mode-grosse-groessen-was-diese-saison-kombiniert-wird\\\/#breadcrumb\",\"itemListElement\":[{\"@type\":\"ListItem\",\"position\":1,\"name\":\"Home\",\"item\":\"https:\\\/\\\/www.incurvy.de\\\/trends-grosse-groessen\\\/\"},{\"@type\":\"ListItem\",\"position\":2,\"name\":\"Mode gro\u00dfe Gr\u00f6\u00dfen: Was diese Saison kombiniert wird\"}]},{\"@type\":\"WebSite\",\"@id\":\"https:\\\/\\\/www.incurvy.de\\\/trends-grosse-groessen\\\/#website\",\"url\":\"https:\\\/\\\/www.incurvy.de\\\/trends-grosse-groessen\\\/\",\"name\":\"INCURVY Plus-Size Fashion - BLOG\",\"description\":\"INCURVY Plus-Size Fashion - BLOG\",\"publisher\":{\"@id\":\"https:\\\/\\\/www.incurvy.de\\\/trends-grosse-groessen\\\/#\\\/schema\\\/person\\\/0f0b11c021b39ea29dafea3a21fef662\"},\"potentialAction\":[{\"@type\":\"SearchAction\",\"target\":{\"@type\":\"EntryPoint\",\"urlTemplate\":\"https:\\\/\\\/www.incurvy.de\\\/trends-grosse-groessen\\\/?s={search_term_string}\"},\"query-input\":{\"@type\":\"PropertyValueSpecification\",\"valueRequired\":true,\"valueName\":\"search_term_string\"}}],\"inLanguage\":\"de\"},{\"@type\":[\"Person\",\"Organization\"],\"@id\":\"https:\\\/\\\/www.incurvy.de\\\/trends-grosse-groessen\\\/#\\\/schema\\\/person\\\/0f0b11c021b39ea29dafea3a21fef662\",\"name\":\"Eleonore\",\"image\":{\"@type\":\"ImageObject\",\"inLanguage\":\"de\",\"@id\":\"https:\\\/\\\/www.incurvy.de\\\/trends-grosse-groessen\\\/wp-content\\\/uploads\\\/2024\\\/02\\\/inCurvyLogoTransparent.png\",\"url\":\"https:\\\/\\\/www.incurvy.de\\\/trends-grosse-groessen\\\/wp-content\\\/uploads\\\/2024\\\/02\\\/inCurvyLogoTransparent.png\",\"contentUrl\":\"https:\\\/\\\/www.incurvy.de\\\/trends-grosse-groessen\\\/wp-content\\\/uploads\\\/2024\\\/02\\\/inCurvyLogoTransparent.png\",\"width\":1920,\"height\":1080,\"caption\":\"Eleonore\"},\"logo\":{\"@id\":\"https:\\\/\\\/www.incurvy.de\\\/trends-grosse-groessen\\\/wp-content\\\/uploads\\\/2024\\\/02\\\/inCurvyLogoTransparent.png\"},\"url\":\"https:\\\/\\\/www.incurvy.de\\\/trends-grosse-groessen\\\/author\\\/eleonore\\\/\"}]}<\/script>\n<!-- \/ Yoast SEO plugin. -->","yoast_head_json":{"title":"Mode gro\u00dfe Gr\u00f6\u00dfe - Damenmode gro\u00dfe Gr\u00f6\u00dfe","description":"In der Mode gro\u00dfe Gr\u00f6\u00dfe diese Saison werden Herbstt\u00f6ne mit Knallfarben kombiniert. Tipps f\u00fcr Deine Herbst Garderobe jetzt entdecken!","robots":{"index":"index","follow":"follow","max-snippet":"max-snippet:-1","max-image-preview":"max-image-preview:large","max-video-preview":"max-video-preview:-1"},"canonical":"https:\/\/www.incurvy.de\/trends-grosse-groessen\/mode-grosse-groessen-was-diese-saison-kombiniert-wird\/","og_locale":"de_DE","og_type":"article","og_title":"Mode gro\u00dfe Gr\u00f6\u00dfe - Damenmode gro\u00dfe Gr\u00f6\u00dfe","og_description":"In der Mode gro\u00dfe Gr\u00f6\u00dfe diese Saison werden Herbstt\u00f6ne mit Knallfarben kombiniert. Tipps f\u00fcr Deine Herbst Garderobe jetzt entdecken!","og_url":"https:\/\/www.incurvy.de\/trends-grosse-groessen\/mode-grosse-groessen-was-diese-saison-kombiniert-wird\/","og_site_name":"INCURVY Plus-Size Fashion - BLOG","article_published_time":"2016-09-15T06:35:50+00:00","article_modified_time":"2024-03-01T09:26:22+00:00","author":"Eleonore","twitter_card":"summary_large_image","twitter_misc":{"Verfasst von":"Eleonore","Gesch\u00e4tzte Lesezeit":"3\u00a0Minuten"},"schema":{"@context":"https:\/\/schema.org","@graph":[{"@type":"Article","@id":"https:\/\/www.incurvy.de\/trends-grosse-groessen\/mode-grosse-groessen-was-diese-saison-kombiniert-wird\/#article","isPartOf":{"@id":"https:\/\/www.incurvy.de\/trends-grosse-groessen\/mode-grosse-groessen-was-diese-saison-kombiniert-wird\/"},"author":{"name":"Eleonore","@id":"https:\/\/www.incurvy.de\/trends-grosse-groessen\/#\/schema\/person\/0f0b11c021b39ea29dafea3a21fef662"},"headline":"Mode gro\u00dfe Gr\u00f6\u00dfen: Was diese Saison kombiniert wird","datePublished":"2016-09-15T06:35:50+00:00","dateModified":"2024-03-01T09:26:22+00:00","mainEntityOfPage":{"@id":"https:\/\/www.incurvy.de\/trends-grosse-groessen\/mode-grosse-groessen-was-diese-saison-kombiniert-wird\/"},"wordCount":579,"commentCount":0,"publisher":{"@id":"https:\/\/www.incurvy.de\/trends-grosse-groessen\/#\/schema\/person\/0f0b11c021b39ea29dafea3a21fef662"},"keywords":["Herbst Mode gro\u00dfe Gr\u00f6\u00dfen","Herbstmode","Mode gro\u00dfe Gr\u00f6\u00dfen","Plus Size Herbst Mode","Trendfarben 2016"],"articleSection":["Damenmode gro\u00dfe Gr\u00f6\u00dfen","Interessante Themen","Mode Tipps &amp; Tricks","Plus-Size Mode","Plus-Size News"],"inLanguage":"de","potentialAction":[{"@type":"CommentAction","name":"Comment","target":["https:\/\/www.incurvy.de\/trends-grosse-groessen\/mode-grosse-groessen-was-diese-saison-kombiniert-wird\/#respond"]}]},{"@type":"WebPage","@id":"https:\/\/www.incurvy.de\/trends-grosse-groessen\/mode-grosse-groessen-was-diese-saison-kombiniert-wird\/","url":"https:\/\/www.incurvy.de\/trends-grosse-groessen\/mode-grosse-groessen-was-diese-saison-kombiniert-wird\/","name":"Mode gro\u00dfe Gr\u00f6\u00dfe - Damenmode gro\u00dfe Gr\u00f6\u00dfe","isPartOf":{"@id":"https:\/\/www.incurvy.de\/trends-grosse-groessen\/#website"},"datePublished":"2016-09-15T06:35:50+00:00","dateModified":"2024-03-01T09:26:22+00:00","description":"In der Mode gro\u00dfe Gr\u00f6\u00dfe diese Saison werden Herbstt\u00f6ne mit Knallfarben kombiniert. Tipps f\u00fcr Deine Herbst Garderobe jetzt entdecken!","breadcrumb":{"@id":"https:\/\/www.incurvy.de\/trends-grosse-groessen\/mode-grosse-groessen-was-diese-saison-kombiniert-wird\/#breadcrumb"},"inLanguage":"de","potentialAction":[{"@type":"ReadAction","target":["https:\/\/www.incurvy.de\/trends-grosse-groessen\/mode-grosse-groessen-was-diese-saison-kombiniert-wird\/"]}]},{"@type":"BreadcrumbList","@id":"https:\/\/www.incurvy.de\/trends-grosse-groessen\/mode-grosse-groessen-was-diese-saison-kombiniert-wird\/#breadcrumb","itemListElement":[{"@type":"ListItem","position":1,"name":"Home","item":"https:\/\/www.incurvy.de\/trends-grosse-groessen\/"},{"@type":"ListItem","position":2,"name":"Mode gro\u00dfe Gr\u00f6\u00dfen: Was diese Saison kombiniert wird"}]},{"@type":"WebSite","@id":"https:\/\/www.incurvy.de\/trends-grosse-groessen\/#website","url":"https:\/\/www.incurvy.de\/trends-grosse-groessen\/","name":"INCURVY Plus-Size Fashion - BLOG","description":"INCURVY Plus-Size Fashion - BLOG","publisher":{"@id":"https:\/\/www.incurvy.de\/trends-grosse-groessen\/#\/schema\/person\/0f0b11c021b39ea29dafea3a21fef662"},"potentialAction":[{"@type":"SearchAction","target":{"@type":"EntryPoint","urlTemplate":"https:\/\/www.incurvy.de\/trends-grosse-groessen\/?s={search_term_string}"},"query-input":{"@type":"PropertyValueSpecification","valueRequired":true,"valueName":"search_term_string"}}],"inLanguage":"de"},{"@type":["Person","Organization"],"@id":"https:\/\/www.incurvy.de\/trends-grosse-groessen\/#\/schema\/person\/0f0b11c021b39ea29dafea3a21fef662","name":"Eleonore","image":{"@type":"ImageObject","inLanguage":"de","@id":"https:\/\/www.incurvy.de\/trends-grosse-groessen\/wp-content\/uploads\/2024\/02\/inCurvyLogoTransparent.png","url":"https:\/\/www.incurvy.de\/trends-grosse-groessen\/wp-content\/uploads\/2024\/02\/inCurvyLogoTransparent.png","contentUrl":"https:\/\/www.incurvy.de\/trends-grosse-groessen\/wp-content\/uploads\/2024\/02\/inCurvyLogoTransparent.png","width":1920,"height":1080,"caption":"Eleonore"},"logo":{"@id":"https:\/\/www.incurvy.de\/trends-grosse-groessen\/wp-content\/uploads\/2024\/02\/inCurvyLogoTransparent.png"},"url":"https:\/\/www.incurvy.de\/trends-grosse-groessen\/author\/eleonore\/"}]}},"_links":{"self":[{"href":"https:\/\/www.incurvy.de\/trends-grosse-groessen\/wp-json\/wp\/v2\/posts\/11030","targetHints":{"allow":["GET"]}}],"collection":[{"href":"https:\/\/www.incurvy.de\/trends-grosse-groessen\/wp-json\/wp\/v2\/posts"}],"about":[{"href":"https:\/\/www.incurvy.de\/trends-grosse-groessen\/wp-json\/wp\/v2\/types\/post"}],"author":[{"embeddable":true,"href":"https:\/\/www.incurvy.de\/trends-grosse-groessen\/wp-json\/wp\/v2\/users\/10"}],"replies":[{"embeddable":true,"href":"https:\/\/www.incurvy.de\/trends-grosse-groessen\/wp-json\/wp\/v2\/comments?post=11030"}],"version-history":[{"count":0,"href":"https:\/\/www.incurvy.de\/trends-grosse-groessen\/wp-json\/wp\/v2\/posts\/11030\/revisions"}],"wp:attachment":[{"href":"https:\/\/www.incurvy.de\/trends-grosse-groessen\/wp-json\/wp\/v2\/media?parent=11030"}],"wp:term":[{"taxonomy":"category","embeddable":true,"href":"https:\/\/www.incurvy.de\/trends-grosse-groessen\/wp-json\/wp\/v2\/categories?post=11030"},{"taxonomy":"post_tag","embeddable":true,"href":"https:\/\/www.incurvy.de\/trends-grosse-groessen\/wp-json\/wp\/v2\/tags?post=11030"}],"curies":[{"name":"wp","href":"https:\/\/api.w.org\/{rel}","templated":true}]}}