{"id":12046,"date":"2017-04-14T08:14:07","date_gmt":"2017-04-14T06:14:07","guid":{"rendered":"http:\/\/www.incurvy.de\/trends-grosse-groessen\/?p=12046"},"modified":"2023-08-28T16:21:46","modified_gmt":"2023-08-28T14:21:46","slug":"darum-ist-der-trenchcoat-der-perfekte-grosse-groessen-mantel","status":"publish","type":"post","link":"https:\/\/www.incurvy.de\/trends-grosse-groessen\/darum-ist-der-trenchcoat-der-perfekte-grosse-groessen-mantel\/","title":{"rendered":"Darum ist der Trenchcoat der perfekte gro\u00dfe Gr\u00f6\u00dfen Mantel"},"content":{"rendered":"<h2>Der Trenchcoat ist ein echtes Kultobjekt und Evergreen, ein perfekter gro\u00dfe Gr\u00f6\u00dfen Mantel<\/h2>\n<p style=\"text-align: justify;\">Der Trenchcoat ist ein echtes Kultobjekt und Evergreen. Der Mantel als Inbegriff von Understatement, britischem Modeverst\u00e4ndnis und klassischem Style ist ein hervorragendes Kombinationswunder. Aus diesem Grund ist er eigentlich in jeder Saison gefragt und pr\u00e4sent und deshalb mein Thema heute: Trenchcoat der perfekte gro\u00dfe Gr\u00f6\u00dfen Mantel.<\/p>\n<h2 style=\"text-align: justify;\">Trenchcoat der perfekte gro\u00dfe Gr\u00f6\u00dfen Mantel: So kombinierst du ihn<\/h2>\n<p style=\"text-align: justify;\">Im Fr\u00fchling ist der\u00a0 <strong>Trenchcoat der perfekte Fr\u00fchlingsmantel<\/strong>. Denn er ist \u00fcblicherweise aus einem einfachen Stoff hergestellt. Wind und Wetter werden gut abgehalten, trotzdem kommst du nicht ins Schwitzen. Da ein Plus Size Trenchcoat meist locker geschnitten ist, kannst du drunter mehrere Schichten tragen. Beim wechselhaften Fr\u00fchlingswetter ist das der beste Tipp f\u00fcr ein Outfit an der frischen Luft.<\/p>\n<p style=\"text-align: justify;\">Genau daf\u00fcr wurde der Trenchcoat, der Mantelklassiker schlechthin, urspr\u00fcnglich entwickelt: Im ersten Weltkrieg sch\u00fctzte er britische Soldaten vor jeglichem Wetter. Noch heute kannst du seine Urspr\u00fcnge an der doppelreihigen Knopfleiste, dem G\u00fcrtel, Kragen und Schulterklappen erkennen. Zahlreiche Modelle sind modisch an die heutige Zeit angepasst, doch hin und wieder werden Trenchcoats entworfen, die einen ausgepr\u00e4gten milit\u00e4rischen Style haben.<\/p>\n<p style=\"text-align: justify;\">Der klassische Trenchcoat heute ist beige in Abstufungen oder schwarz, reicht bis zu den Knien und hat immer noch die doppelreihige Knopfleiste. <strong>Er ist ein absoluter Bestseller, denn er steht wirklich jeder Frau!<\/strong><\/p>\n<h3 style=\"text-align: justify;\">Meine 5 Tipps f\u00fcr deinen liebsten Fr\u00fchlingsmantel:<\/h3>\n<ul>\n<li style=\"text-align: justify;\"><strong>Blumenoutfit<\/strong> &#8211; Passend zum bl\u00fchenden Knospen und frischen Farben greifst du zum XXL Blumenkleid. Dieses kombinierst du mit Plateau-Sneakers und nat\u00fcrlich deinem doppelreihigen Trenchcoat gro\u00dfe Gr\u00f6\u00dfen. Gegen abwechslungsreiches Aprilwetter sind extralange Trenchcoats gro\u00dfe Gr\u00f6\u00dfen geeignet, die deine Beine etwas w\u00e4rmen.<\/li>\n<\/ul>\n<ul>\n<li style=\"text-align: justify;\"><strong>Knallige Farben<\/strong> &#8211; Deinen klassischen Plus Size Trenchcoat in beige kombinierst du mit knalligen Farben. Ein hellblauer Long-Pullover wird mit bunter Leggings und farbenfrohen Accessoires getragen. Als Ruhepol wirkt der Trenchcoat dem aufregenden Farbkick entgegen.<\/li>\n<\/ul>\n<ul>\n<li style=\"text-align: justify;\"><strong>Business-Look<\/strong> \u2013 Eine klassische, wei\u00dfe Bluse wird mit einer breiten Marlene Hose gro\u00dfe Gr\u00f6\u00dfen kombiniert. Dazu tr\u00e4gst du spitze Pumps und deinen Trenchcoat, der deinem eleganten Outfit etwas Coolness verpasst.<\/li>\n<\/ul>\n<ul>\n<li style=\"text-align: justify;\"><strong>Legerer Freizeitlook<\/strong> \u2013 Jeans, Pullover, Sneaker. Das ist die ideale Kombi f\u00fcr ein Wohlf\u00fchloutfit in der Stadt. Passend dazu ziehst du deinen Trenchcoat an, der als Hingucker innen gemustert ist. Ganz wichtig: du tr\u00e4gst deinen Mantel offen oder knotest ihn nur leicht zusammen.<\/li>\n<\/ul>\n<ul>\n<li style=\"text-align: justify;\"><strong>Trendige Klassiker<\/strong> \u2013 Zum Klassiker Trenchcoat ziehst du ein Ringelshirt an, das einen \u00e4hnlichen Klassikerstatus hat. Jetzt kombinierst du Culottes, die im Fr\u00fchling prima geeignet sind. Die fast langen und breiten Hosen lassen Licht und Luft an deine Beine. Dazu ziehst du nach Geschmack Sandalen oder Pumps an.<\/li>\n<\/ul>\n<p>\u00dcbrigens auf incurvy shoppst du jetzt die aktuellsten <a href=\"https:\/\/www.incurvy.de\/damenmode\/maentel-parkas\/\" target=\"_blank\" rel=\"noopener\">M\u00e4ntel &amp; Parkas in gro\u00dfen Gr\u00f6\u00dfen<\/a>!<\/p>\n<p>Bild Quelle: \u00a9 progressman &#8211; Fotolia.com<\/p>\n","protected":false},"excerpt":{"rendered":"<p>Der Trenchcoat ist ein echtes Kultobjekt und Evergreen, ein perfekter gro\u00dfe Gr\u00f6\u00dfen Mantel Der Trenchcoat ist ein echtes Kultobjekt und Evergreen. Der&hellip;<\/p>\n","protected":false},"author":9,"featured_media":12051,"comment_status":"open","ping_status":"open","sticky":false,"template":"","format":"standard","meta":{"footnotes":""},"categories":[9,2,5,1],"tags":[718,509,997,2371,1981,58,1214,513,1980,1982],"class_list":["post-12046","post","type-post","status-publish","format-standard","has-post-thumbnail","hentry","category-damenmode-grosse-groessen","category-interessante-blog-themen","category-mode-tipps-tricks","category-kategorie-plus-size-mode","tag-damenmode-in-grossen-groessen","tag-fruehlingsmaentel","tag-mantel-grosse-groessen","tag-maentel-in-uebergroesse","tag-mantelklassiker","tag-mode-grosse-groessen","tag-plus-size-trenchcoat","tag-trenchcoat","tag-trenchcoat-der-perfekte-fruehlingsmantel","tag-trenchcoat-grosse-groessen"],"yoast_head":"<!-- This site is optimized with the Yoast SEO plugin v27.5 - https:\/\/yoast.com\/product\/yoast-seo-wordpress\/ -->\n<title>gro\u00dfe Gr\u00f6\u00dfen Mantel - Trenchcoat perfekter gro\u00dfe Gr\u00f6\u00dfen Mantel<\/title>\n<meta name=\"description\" content=\"Der Trenchcoat ist ein echtes Kultobjekt und Evergreen. Wie du ihn kombinierst? Meine Tipps f\u00fcr den perfekten gro\u00dfe Gr\u00f6\u00dfen Mantel!\" \/>\n<meta name=\"robots\" content=\"index, follow, max-snippet:-1, max-image-preview:large, max-video-preview:-1\" \/>\n<link rel=\"canonical\" href=\"https:\/\/www.incurvy.de\/trends-grosse-groessen\/darum-ist-der-trenchcoat-der-perfekte-grosse-groessen-mantel\/\" \/>\n<meta property=\"og:locale\" content=\"de_DE\" \/>\n<meta property=\"og:type\" content=\"article\" \/>\n<meta property=\"og:title\" content=\"gro\u00dfe Gr\u00f6\u00dfen Mantel - Trenchcoat perfekter gro\u00dfe Gr\u00f6\u00dfen Mantel\" \/>\n<meta property=\"og:description\" content=\"Der Trenchcoat ist ein echtes Kultobjekt und Evergreen. Wie du ihn kombinierst? Meine Tipps f\u00fcr den perfekten gro\u00dfe Gr\u00f6\u00dfen Mantel!\" \/>\n<meta property=\"og:url\" content=\"https:\/\/www.incurvy.de\/trends-grosse-groessen\/darum-ist-der-trenchcoat-der-perfekte-grosse-groessen-mantel\/\" \/>\n<meta property=\"og:site_name\" content=\"INCURVY Plus-Size Fashion - BLOG\" \/>\n<meta property=\"article:published_time\" content=\"2017-04-14T06:14:07+00:00\" \/>\n<meta property=\"article:modified_time\" content=\"2023-08-28T14:21:46+00:00\" \/>\n<meta property=\"og:image\" content=\"https:\/\/incurvy.co.uk\/wp-content\/uploads\/2017\/04\/Fotolia_progressman.jpg\" \/>\n\t<meta property=\"og:image:width\" content=\"849\" \/>\n\t<meta property=\"og:image:height\" content=\"566\" \/>\n\t<meta property=\"og:image:type\" content=\"image\/jpeg\" \/>\n<meta name=\"author\" content=\"Yvonne\" \/>\n<meta name=\"twitter:card\" content=\"summary_large_image\" \/>\n<meta name=\"twitter:label1\" content=\"Verfasst von\" \/>\n\t<meta name=\"twitter:data1\" content=\"Yvonne\" \/>\n\t<meta name=\"twitter:label2\" content=\"Gesch\u00e4tzte Lesezeit\" \/>\n\t<meta name=\"twitter:data2\" content=\"3\u00a0Minuten\" \/>\n<script type=\"application\/ld+json\" class=\"yoast-schema-graph\">{\"@context\":\"https:\\\/\\\/schema.org\",\"@graph\":[{\"@type\":\"Article\",\"@id\":\"https:\\\/\\\/www.incurvy.de\\\/trends-grosse-groessen\\\/darum-ist-der-trenchcoat-der-perfekte-grosse-groessen-mantel\\\/#article\",\"isPartOf\":{\"@id\":\"https:\\\/\\\/www.incurvy.de\\\/trends-grosse-groessen\\\/darum-ist-der-trenchcoat-der-perfekte-grosse-groessen-mantel\\\/\"},\"author\":{\"name\":\"Yvonne\",\"@id\":\"https:\\\/\\\/www.incurvy.de\\\/trends-grosse-groessen\\\/#\\\/schema\\\/person\\\/c24248fcf191ac08a18003a8fb9edbc7\"},\"headline\":\"Darum ist der Trenchcoat der perfekte gro\u00dfe Gr\u00f6\u00dfen Mantel\",\"datePublished\":\"2017-04-14T06:14:07+00:00\",\"dateModified\":\"2023-08-28T14:21:46+00:00\",\"mainEntityOfPage\":{\"@id\":\"https:\\\/\\\/www.incurvy.de\\\/trends-grosse-groessen\\\/darum-ist-der-trenchcoat-der-perfekte-grosse-groessen-mantel\\\/\"},\"wordCount\":488,\"commentCount\":0,\"publisher\":{\"@id\":\"https:\\\/\\\/www.incurvy.de\\\/trends-grosse-groessen\\\/#\\\/schema\\\/person\\\/0f0b11c021b39ea29dafea3a21fef662\"},\"image\":{\"@id\":\"https:\\\/\\\/www.incurvy.de\\\/trends-grosse-groessen\\\/darum-ist-der-trenchcoat-der-perfekte-grosse-groessen-mantel\\\/#primaryimage\"},\"thumbnailUrl\":\"https:\\\/\\\/incurvy.co.uk\\\/wp-content\\\/uploads\\\/2017\\\/04\\\/Fotolia_progressman.jpg\",\"keywords\":[\"Damenmode in gro\u00dfen Gr\u00f6\u00dfen\",\"Fr\u00fchlingsm\u00e4ntel\",\"Mantel gro\u00dfe Gr\u00f6\u00dfen\",\"M\u00e4ntel in \u00dcbergr\u00f6sse\",\"Mantelklassiker\",\"Mode gro\u00dfe Gr\u00f6\u00dfen\",\"Plus Size Trenchcoat\",\"Trenchcoat\",\"Trenchcoat der perfekte Fr\u00fchlingsmantel\",\"Trenchcoat gro\u00dfe Gr\u00f6\u00dfen\"],\"articleSection\":[\"Damenmode gro\u00dfe Gr\u00f6\u00dfen\",\"Interessante Themen\",\"Mode Tipps &amp; Tricks\",\"Plus-Size Mode\"],\"inLanguage\":\"de\",\"potentialAction\":[{\"@type\":\"CommentAction\",\"name\":\"Comment\",\"target\":[\"https:\\\/\\\/www.incurvy.de\\\/trends-grosse-groessen\\\/darum-ist-der-trenchcoat-der-perfekte-grosse-groessen-mantel\\\/#respond\"]}]},{\"@type\":\"WebPage\",\"@id\":\"https:\\\/\\\/www.incurvy.de\\\/trends-grosse-groessen\\\/darum-ist-der-trenchcoat-der-perfekte-grosse-groessen-mantel\\\/\",\"url\":\"https:\\\/\\\/www.incurvy.de\\\/trends-grosse-groessen\\\/darum-ist-der-trenchcoat-der-perfekte-grosse-groessen-mantel\\\/\",\"name\":\"gro\u00dfe Gr\u00f6\u00dfen Mantel - Trenchcoat perfekter gro\u00dfe Gr\u00f6\u00dfen Mantel\",\"isPartOf\":{\"@id\":\"https:\\\/\\\/www.incurvy.de\\\/trends-grosse-groessen\\\/#website\"},\"primaryImageOfPage\":{\"@id\":\"https:\\\/\\\/www.incurvy.de\\\/trends-grosse-groessen\\\/darum-ist-der-trenchcoat-der-perfekte-grosse-groessen-mantel\\\/#primaryimage\"},\"image\":{\"@id\":\"https:\\\/\\\/www.incurvy.de\\\/trends-grosse-groessen\\\/darum-ist-der-trenchcoat-der-perfekte-grosse-groessen-mantel\\\/#primaryimage\"},\"thumbnailUrl\":\"https:\\\/\\\/incurvy.co.uk\\\/wp-content\\\/uploads\\\/2017\\\/04\\\/Fotolia_progressman.jpg\",\"datePublished\":\"2017-04-14T06:14:07+00:00\",\"dateModified\":\"2023-08-28T14:21:46+00:00\",\"description\":\"Der Trenchcoat ist ein echtes Kultobjekt und Evergreen. Wie du ihn kombinierst? Meine Tipps f\u00fcr den perfekten gro\u00dfe Gr\u00f6\u00dfen Mantel!\",\"breadcrumb\":{\"@id\":\"https:\\\/\\\/www.incurvy.de\\\/trends-grosse-groessen\\\/darum-ist-der-trenchcoat-der-perfekte-grosse-groessen-mantel\\\/#breadcrumb\"},\"inLanguage\":\"de\",\"potentialAction\":[{\"@type\":\"ReadAction\",\"target\":[\"https:\\\/\\\/www.incurvy.de\\\/trends-grosse-groessen\\\/darum-ist-der-trenchcoat-der-perfekte-grosse-groessen-mantel\\\/\"]}]},{\"@type\":\"ImageObject\",\"inLanguage\":\"de\",\"@id\":\"https:\\\/\\\/www.incurvy.de\\\/trends-grosse-groessen\\\/darum-ist-der-trenchcoat-der-perfekte-grosse-groessen-mantel\\\/#primaryimage\",\"url\":\"https:\\\/\\\/incurvy.co.uk\\\/wp-content\\\/uploads\\\/2017\\\/04\\\/Fotolia_progressman.jpg\",\"contentUrl\":\"https:\\\/\\\/incurvy.co.uk\\\/wp-content\\\/uploads\\\/2017\\\/04\\\/Fotolia_progressman.jpg\",\"width\":849,\"height\":566,\"caption\":\"\u00a9 progressman - Fotolia.com\"},{\"@type\":\"BreadcrumbList\",\"@id\":\"https:\\\/\\\/www.incurvy.de\\\/trends-grosse-groessen\\\/darum-ist-der-trenchcoat-der-perfekte-grosse-groessen-mantel\\\/#breadcrumb\",\"itemListElement\":[{\"@type\":\"ListItem\",\"position\":1,\"name\":\"Home\",\"item\":\"https:\\\/\\\/www.incurvy.de\\\/trends-grosse-groessen\\\/\"},{\"@type\":\"ListItem\",\"position\":2,\"name\":\"Darum ist der Trenchcoat der perfekte gro\u00dfe Gr\u00f6\u00dfen Mantel\"}]},{\"@type\":\"WebSite\",\"@id\":\"https:\\\/\\\/www.incurvy.de\\\/trends-grosse-groessen\\\/#website\",\"url\":\"https:\\\/\\\/www.incurvy.de\\\/trends-grosse-groessen\\\/\",\"name\":\"INCURVY Plus-Size Fashion - BLOG\",\"description\":\"INCURVY Plus-Size Fashion - BLOG\",\"publisher\":{\"@id\":\"https:\\\/\\\/www.incurvy.de\\\/trends-grosse-groessen\\\/#\\\/schema\\\/person\\\/0f0b11c021b39ea29dafea3a21fef662\"},\"potentialAction\":[{\"@type\":\"SearchAction\",\"target\":{\"@type\":\"EntryPoint\",\"urlTemplate\":\"https:\\\/\\\/www.incurvy.de\\\/trends-grosse-groessen\\\/?s={search_term_string}\"},\"query-input\":{\"@type\":\"PropertyValueSpecification\",\"valueRequired\":true,\"valueName\":\"search_term_string\"}}],\"inLanguage\":\"de\"},{\"@type\":[\"Person\",\"Organization\"],\"@id\":\"https:\\\/\\\/www.incurvy.de\\\/trends-grosse-groessen\\\/#\\\/schema\\\/person\\\/0f0b11c021b39ea29dafea3a21fef662\",\"name\":\"Eleonore\",\"image\":{\"@type\":\"ImageObject\",\"inLanguage\":\"de\",\"@id\":\"https:\\\/\\\/www.incurvy.de\\\/trends-grosse-groessen\\\/wp-content\\\/uploads\\\/2024\\\/02\\\/inCurvyLogoTransparent.png\",\"url\":\"https:\\\/\\\/www.incurvy.de\\\/trends-grosse-groessen\\\/wp-content\\\/uploads\\\/2024\\\/02\\\/inCurvyLogoTransparent.png\",\"contentUrl\":\"https:\\\/\\\/www.incurvy.de\\\/trends-grosse-groessen\\\/wp-content\\\/uploads\\\/2024\\\/02\\\/inCurvyLogoTransparent.png\",\"width\":1920,\"height\":1080,\"caption\":\"Eleonore\"},\"logo\":{\"@id\":\"https:\\\/\\\/www.incurvy.de\\\/trends-grosse-groessen\\\/wp-content\\\/uploads\\\/2024\\\/02\\\/inCurvyLogoTransparent.png\"}},{\"@type\":\"Person\",\"@id\":\"https:\\\/\\\/www.incurvy.de\\\/trends-grosse-groessen\\\/#\\\/schema\\\/person\\\/c24248fcf191ac08a18003a8fb9edbc7\",\"name\":\"Yvonne\",\"image\":{\"@type\":\"ImageObject\",\"inLanguage\":\"de\",\"@id\":\"https:\\\/\\\/secure.gravatar.com\\\/avatar\\\/369c34cc4d37efef17780dc262a53e80ab7cb1c051a17ed889d711d5f94f78f3?s=96&d=mm&r=g\",\"url\":\"https:\\\/\\\/secure.gravatar.com\\\/avatar\\\/369c34cc4d37efef17780dc262a53e80ab7cb1c051a17ed889d711d5f94f78f3?s=96&d=mm&r=g\",\"contentUrl\":\"https:\\\/\\\/secure.gravatar.com\\\/avatar\\\/369c34cc4d37efef17780dc262a53e80ab7cb1c051a17ed889d711d5f94f78f3?s=96&d=mm&r=g\",\"caption\":\"Yvonne\"},\"url\":\"https:\\\/\\\/www.incurvy.de\\\/trends-grosse-groessen\\\/author\\\/yvonne\\\/\"}]}<\/script>\n<!-- \/ Yoast SEO plugin. -->","yoast_head_json":{"title":"gro\u00dfe Gr\u00f6\u00dfen Mantel - Trenchcoat perfekter gro\u00dfe Gr\u00f6\u00dfen Mantel","description":"Der Trenchcoat ist ein echtes Kultobjekt und Evergreen. Wie du ihn kombinierst? Meine Tipps f\u00fcr den perfekten gro\u00dfe Gr\u00f6\u00dfen Mantel!","robots":{"index":"index","follow":"follow","max-snippet":"max-snippet:-1","max-image-preview":"max-image-preview:large","max-video-preview":"max-video-preview:-1"},"canonical":"https:\/\/www.incurvy.de\/trends-grosse-groessen\/darum-ist-der-trenchcoat-der-perfekte-grosse-groessen-mantel\/","og_locale":"de_DE","og_type":"article","og_title":"gro\u00dfe Gr\u00f6\u00dfen Mantel - Trenchcoat perfekter gro\u00dfe Gr\u00f6\u00dfen Mantel","og_description":"Der Trenchcoat ist ein echtes Kultobjekt und Evergreen. Wie du ihn kombinierst? Meine Tipps f\u00fcr den perfekten gro\u00dfe Gr\u00f6\u00dfen Mantel!","og_url":"https:\/\/www.incurvy.de\/trends-grosse-groessen\/darum-ist-der-trenchcoat-der-perfekte-grosse-groessen-mantel\/","og_site_name":"INCURVY Plus-Size Fashion - BLOG","article_published_time":"2017-04-14T06:14:07+00:00","article_modified_time":"2023-08-28T14:21:46+00:00","og_image":[{"width":849,"height":566,"url":"https:\/\/incurvy.co.uk\/wp-content\/uploads\/2017\/04\/Fotolia_progressman.jpg","type":"image\/jpeg"}],"author":"Yvonne","twitter_card":"summary_large_image","twitter_misc":{"Verfasst von":"Yvonne","Gesch\u00e4tzte Lesezeit":"3\u00a0Minuten"},"schema":{"@context":"https:\/\/schema.org","@graph":[{"@type":"Article","@id":"https:\/\/www.incurvy.de\/trends-grosse-groessen\/darum-ist-der-trenchcoat-der-perfekte-grosse-groessen-mantel\/#article","isPartOf":{"@id":"https:\/\/www.incurvy.de\/trends-grosse-groessen\/darum-ist-der-trenchcoat-der-perfekte-grosse-groessen-mantel\/"},"author":{"name":"Yvonne","@id":"https:\/\/www.incurvy.de\/trends-grosse-groessen\/#\/schema\/person\/c24248fcf191ac08a18003a8fb9edbc7"},"headline":"Darum ist der Trenchcoat der perfekte gro\u00dfe Gr\u00f6\u00dfen Mantel","datePublished":"2017-04-14T06:14:07+00:00","dateModified":"2023-08-28T14:21:46+00:00","mainEntityOfPage":{"@id":"https:\/\/www.incurvy.de\/trends-grosse-groessen\/darum-ist-der-trenchcoat-der-perfekte-grosse-groessen-mantel\/"},"wordCount":488,"commentCount":0,"publisher":{"@id":"https:\/\/www.incurvy.de\/trends-grosse-groessen\/#\/schema\/person\/0f0b11c021b39ea29dafea3a21fef662"},"image":{"@id":"https:\/\/www.incurvy.de\/trends-grosse-groessen\/darum-ist-der-trenchcoat-der-perfekte-grosse-groessen-mantel\/#primaryimage"},"thumbnailUrl":"https:\/\/incurvy.co.uk\/wp-content\/uploads\/2017\/04\/Fotolia_progressman.jpg","keywords":["Damenmode in gro\u00dfen Gr\u00f6\u00dfen","Fr\u00fchlingsm\u00e4ntel","Mantel gro\u00dfe Gr\u00f6\u00dfen","M\u00e4ntel in \u00dcbergr\u00f6sse","Mantelklassiker","Mode gro\u00dfe Gr\u00f6\u00dfen","Plus Size Trenchcoat","Trenchcoat","Trenchcoat der perfekte Fr\u00fchlingsmantel","Trenchcoat gro\u00dfe Gr\u00f6\u00dfen"],"articleSection":["Damenmode gro\u00dfe Gr\u00f6\u00dfen","Interessante Themen","Mode Tipps &amp; Tricks","Plus-Size Mode"],"inLanguage":"de","potentialAction":[{"@type":"CommentAction","name":"Comment","target":["https:\/\/www.incurvy.de\/trends-grosse-groessen\/darum-ist-der-trenchcoat-der-perfekte-grosse-groessen-mantel\/#respond"]}]},{"@type":"WebPage","@id":"https:\/\/www.incurvy.de\/trends-grosse-groessen\/darum-ist-der-trenchcoat-der-perfekte-grosse-groessen-mantel\/","url":"https:\/\/www.incurvy.de\/trends-grosse-groessen\/darum-ist-der-trenchcoat-der-perfekte-grosse-groessen-mantel\/","name":"gro\u00dfe Gr\u00f6\u00dfen Mantel - Trenchcoat perfekter gro\u00dfe Gr\u00f6\u00dfen Mantel","isPartOf":{"@id":"https:\/\/www.incurvy.de\/trends-grosse-groessen\/#website"},"primaryImageOfPage":{"@id":"https:\/\/www.incurvy.de\/trends-grosse-groessen\/darum-ist-der-trenchcoat-der-perfekte-grosse-groessen-mantel\/#primaryimage"},"image":{"@id":"https:\/\/www.incurvy.de\/trends-grosse-groessen\/darum-ist-der-trenchcoat-der-perfekte-grosse-groessen-mantel\/#primaryimage"},"thumbnailUrl":"https:\/\/incurvy.co.uk\/wp-content\/uploads\/2017\/04\/Fotolia_progressman.jpg","datePublished":"2017-04-14T06:14:07+00:00","dateModified":"2023-08-28T14:21:46+00:00","description":"Der Trenchcoat ist ein echtes Kultobjekt und Evergreen. Wie du ihn kombinierst? Meine Tipps f\u00fcr den perfekten gro\u00dfe Gr\u00f6\u00dfen Mantel!","breadcrumb":{"@id":"https:\/\/www.incurvy.de\/trends-grosse-groessen\/darum-ist-der-trenchcoat-der-perfekte-grosse-groessen-mantel\/#breadcrumb"},"inLanguage":"de","potentialAction":[{"@type":"ReadAction","target":["https:\/\/www.incurvy.de\/trends-grosse-groessen\/darum-ist-der-trenchcoat-der-perfekte-grosse-groessen-mantel\/"]}]},{"@type":"ImageObject","inLanguage":"de","@id":"https:\/\/www.incurvy.de\/trends-grosse-groessen\/darum-ist-der-trenchcoat-der-perfekte-grosse-groessen-mantel\/#primaryimage","url":"https:\/\/incurvy.co.uk\/wp-content\/uploads\/2017\/04\/Fotolia_progressman.jpg","contentUrl":"https:\/\/incurvy.co.uk\/wp-content\/uploads\/2017\/04\/Fotolia_progressman.jpg","width":849,"height":566,"caption":"\u00a9 progressman - Fotolia.com"},{"@type":"BreadcrumbList","@id":"https:\/\/www.incurvy.de\/trends-grosse-groessen\/darum-ist-der-trenchcoat-der-perfekte-grosse-groessen-mantel\/#breadcrumb","itemListElement":[{"@type":"ListItem","position":1,"name":"Home","item":"https:\/\/www.incurvy.de\/trends-grosse-groessen\/"},{"@type":"ListItem","position":2,"name":"Darum ist der Trenchcoat der perfekte gro\u00dfe Gr\u00f6\u00dfen Mantel"}]},{"@type":"WebSite","@id":"https:\/\/www.incurvy.de\/trends-grosse-groessen\/#website","url":"https:\/\/www.incurvy.de\/trends-grosse-groessen\/","name":"INCURVY Plus-Size Fashion - BLOG","description":"INCURVY Plus-Size Fashion - BLOG","publisher":{"@id":"https:\/\/www.incurvy.de\/trends-grosse-groessen\/#\/schema\/person\/0f0b11c021b39ea29dafea3a21fef662"},"potentialAction":[{"@type":"SearchAction","target":{"@type":"EntryPoint","urlTemplate":"https:\/\/www.incurvy.de\/trends-grosse-groessen\/?s={search_term_string}"},"query-input":{"@type":"PropertyValueSpecification","valueRequired":true,"valueName":"search_term_string"}}],"inLanguage":"de"},{"@type":["Person","Organization"],"@id":"https:\/\/www.incurvy.de\/trends-grosse-groessen\/#\/schema\/person\/0f0b11c021b39ea29dafea3a21fef662","name":"Eleonore","image":{"@type":"ImageObject","inLanguage":"de","@id":"https:\/\/www.incurvy.de\/trends-grosse-groessen\/wp-content\/uploads\/2024\/02\/inCurvyLogoTransparent.png","url":"https:\/\/www.incurvy.de\/trends-grosse-groessen\/wp-content\/uploads\/2024\/02\/inCurvyLogoTransparent.png","contentUrl":"https:\/\/www.incurvy.de\/trends-grosse-groessen\/wp-content\/uploads\/2024\/02\/inCurvyLogoTransparent.png","width":1920,"height":1080,"caption":"Eleonore"},"logo":{"@id":"https:\/\/www.incurvy.de\/trends-grosse-groessen\/wp-content\/uploads\/2024\/02\/inCurvyLogoTransparent.png"}},{"@type":"Person","@id":"https:\/\/www.incurvy.de\/trends-grosse-groessen\/#\/schema\/person\/c24248fcf191ac08a18003a8fb9edbc7","name":"Yvonne","image":{"@type":"ImageObject","inLanguage":"de","@id":"https:\/\/secure.gravatar.com\/avatar\/369c34cc4d37efef17780dc262a53e80ab7cb1c051a17ed889d711d5f94f78f3?s=96&d=mm&r=g","url":"https:\/\/secure.gravatar.com\/avatar\/369c34cc4d37efef17780dc262a53e80ab7cb1c051a17ed889d711d5f94f78f3?s=96&d=mm&r=g","contentUrl":"https:\/\/secure.gravatar.com\/avatar\/369c34cc4d37efef17780dc262a53e80ab7cb1c051a17ed889d711d5f94f78f3?s=96&d=mm&r=g","caption":"Yvonne"},"url":"https:\/\/www.incurvy.de\/trends-grosse-groessen\/author\/yvonne\/"}]}},"_links":{"self":[{"href":"https:\/\/www.incurvy.de\/trends-grosse-groessen\/wp-json\/wp\/v2\/posts\/12046","targetHints":{"allow":["GET"]}}],"collection":[{"href":"https:\/\/www.incurvy.de\/trends-grosse-groessen\/wp-json\/wp\/v2\/posts"}],"about":[{"href":"https:\/\/www.incurvy.de\/trends-grosse-groessen\/wp-json\/wp\/v2\/types\/post"}],"author":[{"embeddable":true,"href":"https:\/\/www.incurvy.de\/trends-grosse-groessen\/wp-json\/wp\/v2\/users\/9"}],"replies":[{"embeddable":true,"href":"https:\/\/www.incurvy.de\/trends-grosse-groessen\/wp-json\/wp\/v2\/comments?post=12046"}],"version-history":[{"count":0,"href":"https:\/\/www.incurvy.de\/trends-grosse-groessen\/wp-json\/wp\/v2\/posts\/12046\/revisions"}],"wp:featuredmedia":[{"embeddable":true,"href":"https:\/\/www.incurvy.de\/trends-grosse-groessen\/wp-json\/wp\/v2\/media\/12051"}],"wp:attachment":[{"href":"https:\/\/www.incurvy.de\/trends-grosse-groessen\/wp-json\/wp\/v2\/media?parent=12046"}],"wp:term":[{"taxonomy":"category","embeddable":true,"href":"https:\/\/www.incurvy.de\/trends-grosse-groessen\/wp-json\/wp\/v2\/categories?post=12046"},{"taxonomy":"post_tag","embeddable":true,"href":"https:\/\/www.incurvy.de\/trends-grosse-groessen\/wp-json\/wp\/v2\/tags?post=12046"}],"curies":[{"name":"wp","href":"https:\/\/api.w.org\/{rel}","templated":true}]}}