{"id":12198,"date":"2017-07-13T20:55:59","date_gmt":"2017-07-13T18:55:59","guid":{"rendered":"http:\/\/www.incurvy.de\/trends-grosse-groessen\/?p=12198"},"modified":"2023-08-28T09:44:59","modified_gmt":"2023-08-28T07:44:59","slug":"denim-in-grossen-groessen-von-kopf-bis-fuss","status":"publish","type":"post","link":"https:\/\/www.incurvy.de\/trends-grosse-groessen\/denim-in-grossen-groessen-von-kopf-bis-fuss\/","title":{"rendered":"Denim in gro\u00dfen Gr\u00f6\u00dfen von Kopf bis Fu\u00df"},"content":{"rendered":"<h2>Eigentlich gibt es nur wenige Style-Tipps zu Denim in gro\u00dfen Gr\u00f6\u00dfen, die ich dir hier aber gerne verrate<\/h2>\n<p style=\"text-align: justify;\">Blaumachen kann ja so sch\u00f6n sein! Von Kopf bis Fu\u00df in Denim in gro\u00dfen Gr\u00f6\u00dfen geh\u00fcllt l\u00e4sst sich der Alltag ganz bequem und stylisch \u00fcberstehen. Da der Jeansstoff als Allrounder schlechthin gilt, kannst du im Prinzip jedes Jeansteil miteinander kombinieren, das du in deinem Kleiderschrank findest. Eigentlich gibt es nur wenige Style-Tipps zu Denim von Kopf bis Fu\u00df, die ich dir hier aber gerne verrate.<\/p>\n<h2 style=\"text-align: justify;\">So geht Denim in gro\u00dfe Gr\u00f6\u00dfen von Kopf bis Fu\u00df<\/h2>\n<ol style=\"text-align: justify;\">\n<li><strong>Gleiche Farbe und gleicher XXL Jeansstoff<\/strong> sind dann harmonische Kombinationspartner, wenn du noch eine weitere Farbe hinzunimmst. Ansonsten entstehen schnell Assoziationen mit dem klassischen Blaumann. Ich empfehle beispielsweise zum <em>dunkelblauen Jeanshemd<\/em> gro\u00dfe Gr\u00f6\u00dfen und der <em>Plus Size Jeanshose<\/em> einen <em>roten breiten G\u00fcrtel<\/em>.<\/li>\n<li><strong>Abwechslung hineinbringen!<\/strong> Jeans ist nicht gleich Jeans. Du findest coole Destroyed-Jeans, Slim-Jeans, Plus Size Jeans mit Fransen, Denim Culottes \u2013 die Auswahl ist riesig und sollte zumindest begutachtet werden. Denn ein dezentes Jeanshemd sieht mit einer abgefahrenen Jeanshose ziemlich aufregend im Gegensatz zu einer Kombination mit einer simplen Raw-Jeans.<\/li>\n<li><strong>Auf die Waschungen <\/strong>solltest du achten. Hier lautet die Regel: weniger ist mehr. Wenn Ober- und Unterteil verwaschen sind, Cut-Outs oder andere Details aufweisen, dann ist der Plus Size Jeanslook sehr aufdringlich. Daher empfehle ich: Trage Details und Waschungen auf deiner Schokoladenseite und kombiniere sie mit dunkleren, einfach designten Jeansteilen.<\/li>\n<li><strong>Ganz oder gar nicht. <\/strong>Damit meine ich die Farbunterschiede deines Plus Size Outfits. Ein Denim Allover-Look wirkt am sch\u00f6nsten, wenn die Teile komplett unterschiedlich gef\u00e4rbt sind oder nur minimale Unterschiede aufweisen.<\/li>\n<\/ol>\n<p style=\"text-align: justify;\">Jetzt m\u00f6chte ich dir noch meine liebsten Denim von Kopf bis Fu\u00df Kombinationen f\u00fcr warme Temperaturen vorstellen.<\/p>\n<h2 style=\"text-align: justify;\">Denim Styling Kombinationen f\u00fcr warme Tage<\/h2>\n<ul>\n<li style=\"text-align: justify;\"><strong>Schicker Freizeitlook<\/strong> gro\u00dfe Gr\u00f6\u00dfen: Ich trage meine liebsten Keilsandaletten mit einer weiten Jeansshorts und kombiniere dazu eine kurz\u00e4rmelige Plus Size Jeansbluse oder kurz\u00e4rmlige Jeansweste gro\u00dfe Gr\u00f6\u00dfen in gleicher Farbe. Dazu passen ein eleganter Shopper und die riesige 70er Jahre Retro Sonnenbrille perfekt. Sehr sch\u00f6n sind die angesagten Blusen mit Volants-\u00c4rmeln, die du aktuell auch in der Denim-Variante findest.<\/li>\n<\/ul>\n<ul>\n<li style=\"text-align: justify;\"><strong>Feminin und etwas rockig angehaucht <\/strong>wirkt dein gro\u00dfe Gr\u00f6\u00dfen Jeanskleid, wenn du es mit leichten <em>Sommerboots <\/em>und einer <em>klassischen Jeansjacke<\/em> Hierbei empfehle ich auch farbliche Unterschiede zu achten. Die Jeansjacke gro\u00dfe Gr\u00f6\u00dfen wirkt insgesamt rockiger, wenn sie etwas heller und eventuell aufgeraut ist.<\/li>\n<\/ul>\n<ul>\n<li style=\"text-align: justify;\"><strong>H\u00fcbsch und alltagstauglich<\/strong> sieht der gro\u00dfe Gr\u00f6\u00dfen<em> Jeansrock<\/em> mit einer <em>Plus Size Jeansbluse.<\/em> Ich pers\u00f6nlich finde es in diesem Fall sch\u00f6ne, wenn die helle Jeansbluse in den Rock gesteckt wird. Bez\u00fcglich der Jeansr\u00f6cke steht dir eine gro\u00dfe Auswahl zur Verf\u00fcgung. Aktuell findest du besonders h\u00e4ufig <em>ausgestellte A-Linienr\u00f6cke<\/em> und <em>Bleistiftr\u00f6cke<\/em> mit s\u00fc\u00dfen Details wie Patches oder durchgehender Knopfleiste in Denim. Der Klassiker ist der <em>gerade geschnittene Jeansrock<\/em>, der aufgrund seiner unkomplizierten Schnittform ein absolutes Must-Have ist.<\/li>\n<\/ul>\n<ul>\n<li style=\"text-align: justify;\"><strong>Der Denim Coat <\/strong>ist eine ideale \u00dcbergangsjacke gro\u00dfe Gr\u00f6\u00dfen. Er ist im Fr\u00fchjahr diesen Jahres richtig in Fahrt gekommen und geh\u00f6rt zu den modischen Highlights. Du kannst ihn prima tragen, wenn dir der Fr\u00fchling und Sommer die kalte Schulter zeigen. Dann sieht er hervorragend zum blumigen Sommer- oder Jeanskleid aus.<\/li>\n<\/ul>\n<p>Du findest <a href=\"https:\/\/www.incurvy.de\/damenmode\/jeans\/\" target=\"_blank\" rel=\"noopener\">hier trendige Jeans gro\u00dfe Gr\u00f6\u00dfen<\/a>!<\/p>\n<p>&nbsp;<\/p>\n<p>&nbsp;<\/p>\n","protected":false},"excerpt":{"rendered":"<p>Eigentlich gibt es nur wenige Style-Tipps zu Denim in gro\u00dfen Gr\u00f6\u00dfen, die ich dir hier aber gerne verrate Blaumachen kann ja so&hellip;<\/p>\n","protected":false},"author":1,"featured_media":15065,"comment_status":"open","ping_status":"open","sticky":false,"template":"","format":"standard","meta":{"footnotes":""},"categories":[9,2,5,1],"tags":[40,2045,2046,2049,37,2319,58,2047,1191,2309,2048,2349,140],"class_list":["post-12198","post","type-post","status-publish","format-standard","has-post-thumbnail","hentry","category-damenmode-grosse-groessen","category-interessante-blog-themen","category-mode-tipps-tricks","category-kategorie-plus-size-mode","tag-denim","tag-denim-styling","tag-denim-von-kopf-bis-fuss","tag-grosse-groessen-jeans","tag-jeans-grosse-groessen","tag-jeans-in-grossen-groessen","tag-mode-grosse-groessen","tag-plus-size-denim","tag-plus-size-jeans","tag-uebergroesse-damenmode","tag-von-kopf-bis-fuss-in-denim","tag-xxl-fashion","tag-xxl-mode"],"yoast_head":"<!-- This site is optimized with the Yoast SEO plugin v27.5 - https:\/\/yoast.com\/product\/yoast-seo-wordpress\/ -->\n<title>Denim in gro\u00dfen Gr\u00f6\u00dfen - Denim grosse Groessen - xxl Jeanslook<\/title>\n<meta name=\"description\" content=\"Da der Jeansstoff als Allrounder gilt, kannst du im Prinzip jedes Jeansteil kombinieren. So geht Denim in gro\u00dfen Gr\u00f6\u00dfen von Kopf bis Fu\u00df.\" \/>\n<meta name=\"robots\" content=\"index, follow, max-snippet:-1, max-image-preview:large, max-video-preview:-1\" \/>\n<link rel=\"canonical\" href=\"https:\/\/www.incurvy.de\/trends-grosse-groessen\/denim-in-grossen-groessen-von-kopf-bis-fuss\/\" \/>\n<meta property=\"og:locale\" content=\"de_DE\" \/>\n<meta property=\"og:type\" content=\"article\" \/>\n<meta property=\"og:title\" content=\"Denim in gro\u00dfen Gr\u00f6\u00dfen - Denim grosse Groessen - xxl Jeanslook\" \/>\n<meta property=\"og:description\" content=\"Da der Jeansstoff als Allrounder gilt, kannst du im Prinzip jedes Jeansteil kombinieren. So geht Denim in gro\u00dfen Gr\u00f6\u00dfen von Kopf bis Fu\u00df.\" \/>\n<meta property=\"og:url\" content=\"https:\/\/www.incurvy.de\/trends-grosse-groessen\/denim-in-grossen-groessen-von-kopf-bis-fuss\/\" \/>\n<meta property=\"og:site_name\" content=\"INCURVY Plus-Size Fashion - BLOG\" \/>\n<meta property=\"article:published_time\" content=\"2017-07-13T18:55:59+00:00\" \/>\n<meta property=\"article:modified_time\" content=\"2023-08-28T07:44:59+00:00\" \/>\n<meta property=\"og:image\" content=\"https:\/\/incurvy.co.uk\/wp-content\/uploads\/2017\/07\/MG_6741.jpg\" \/>\n\t<meta property=\"og:image:width\" content=\"1920\" \/>\n\t<meta property=\"og:image:height\" content=\"1280\" \/>\n\t<meta property=\"og:image:type\" content=\"image\/jpeg\" \/>\n<meta name=\"author\" content=\"Sofia\" \/>\n<meta name=\"twitter:card\" content=\"summary_large_image\" \/>\n<meta name=\"twitter:label1\" content=\"Verfasst von\" \/>\n\t<meta name=\"twitter:data1\" content=\"Sofia\" \/>\n\t<meta name=\"twitter:label2\" content=\"Gesch\u00e4tzte Lesezeit\" \/>\n\t<meta name=\"twitter:data2\" content=\"3\u00a0Minuten\" \/>\n<script type=\"application\/ld+json\" class=\"yoast-schema-graph\">{\"@context\":\"https:\\\/\\\/schema.org\",\"@graph\":[{\"@type\":\"Article\",\"@id\":\"https:\\\/\\\/www.incurvy.de\\\/trends-grosse-groessen\\\/denim-in-grossen-groessen-von-kopf-bis-fuss\\\/#article\",\"isPartOf\":{\"@id\":\"https:\\\/\\\/www.incurvy.de\\\/trends-grosse-groessen\\\/denim-in-grossen-groessen-von-kopf-bis-fuss\\\/\"},\"author\":{\"name\":\"Sofia\",\"@id\":\"https:\\\/\\\/www.incurvy.de\\\/trends-grosse-groessen\\\/#\\\/schema\\\/person\\\/e0bcf5f8e74b1ed54bee9a5beb26522d\"},\"headline\":\"Denim in gro\u00dfen Gr\u00f6\u00dfen von Kopf bis Fu\u00df\",\"datePublished\":\"2017-07-13T18:55:59+00:00\",\"dateModified\":\"2023-08-28T07:44:59+00:00\",\"mainEntityOfPage\":{\"@id\":\"https:\\\/\\\/www.incurvy.de\\\/trends-grosse-groessen\\\/denim-in-grossen-groessen-von-kopf-bis-fuss\\\/\"},\"wordCount\":581,\"commentCount\":0,\"publisher\":{\"@id\":\"https:\\\/\\\/www.incurvy.de\\\/trends-grosse-groessen\\\/#\\\/schema\\\/person\\\/0f0b11c021b39ea29dafea3a21fef662\"},\"image\":{\"@id\":\"https:\\\/\\\/www.incurvy.de\\\/trends-grosse-groessen\\\/denim-in-grossen-groessen-von-kopf-bis-fuss\\\/#primaryimage\"},\"thumbnailUrl\":\"https:\\\/\\\/incurvy.co.uk\\\/wp-content\\\/uploads\\\/2017\\\/07\\\/MG_6741.jpg\",\"keywords\":[\"Denim\",\"Denim Styling\",\"Denim von Kopf bis Fu\u00df\",\"gro\u00dfe Gr\u00f6\u00dfen Jeans\",\"Jeans gro\u00dfe Gr\u00f6\u00dfen\",\"Jeans in gro\u00dfen Gr\u00f6\u00dfen\",\"Mode gro\u00dfe Gr\u00f6\u00dfen\",\"Plus Size Denim\",\"Plus Size Jeans\",\"\u00dcbergr\u00f6sse Damenmode\",\"Von Kopf bis Fu\u00df in Denim\",\"xxl Fashion\",\"XXL-Mode\"],\"articleSection\":[\"Damenmode gro\u00dfe Gr\u00f6\u00dfen\",\"Interessante Themen\",\"Mode Tipps &amp; Tricks\",\"Plus-Size Mode\"],\"inLanguage\":\"de\",\"potentialAction\":[{\"@type\":\"CommentAction\",\"name\":\"Comment\",\"target\":[\"https:\\\/\\\/www.incurvy.de\\\/trends-grosse-groessen\\\/denim-in-grossen-groessen-von-kopf-bis-fuss\\\/#respond\"]}]},{\"@type\":\"WebPage\",\"@id\":\"https:\\\/\\\/www.incurvy.de\\\/trends-grosse-groessen\\\/denim-in-grossen-groessen-von-kopf-bis-fuss\\\/\",\"url\":\"https:\\\/\\\/www.incurvy.de\\\/trends-grosse-groessen\\\/denim-in-grossen-groessen-von-kopf-bis-fuss\\\/\",\"name\":\"Denim in gro\u00dfen Gr\u00f6\u00dfen - Denim grosse Groessen - xxl Jeanslook\",\"isPartOf\":{\"@id\":\"https:\\\/\\\/www.incurvy.de\\\/trends-grosse-groessen\\\/#website\"},\"primaryImageOfPage\":{\"@id\":\"https:\\\/\\\/www.incurvy.de\\\/trends-grosse-groessen\\\/denim-in-grossen-groessen-von-kopf-bis-fuss\\\/#primaryimage\"},\"image\":{\"@id\":\"https:\\\/\\\/www.incurvy.de\\\/trends-grosse-groessen\\\/denim-in-grossen-groessen-von-kopf-bis-fuss\\\/#primaryimage\"},\"thumbnailUrl\":\"https:\\\/\\\/incurvy.co.uk\\\/wp-content\\\/uploads\\\/2017\\\/07\\\/MG_6741.jpg\",\"datePublished\":\"2017-07-13T18:55:59+00:00\",\"dateModified\":\"2023-08-28T07:44:59+00:00\",\"description\":\"Da der Jeansstoff als Allrounder gilt, kannst du im Prinzip jedes Jeansteil kombinieren. So geht Denim in gro\u00dfen Gr\u00f6\u00dfen von Kopf bis Fu\u00df.\",\"breadcrumb\":{\"@id\":\"https:\\\/\\\/www.incurvy.de\\\/trends-grosse-groessen\\\/denim-in-grossen-groessen-von-kopf-bis-fuss\\\/#breadcrumb\"},\"inLanguage\":\"de\",\"potentialAction\":[{\"@type\":\"ReadAction\",\"target\":[\"https:\\\/\\\/www.incurvy.de\\\/trends-grosse-groessen\\\/denim-in-grossen-groessen-von-kopf-bis-fuss\\\/\"]}]},{\"@type\":\"ImageObject\",\"inLanguage\":\"de\",\"@id\":\"https:\\\/\\\/www.incurvy.de\\\/trends-grosse-groessen\\\/denim-in-grossen-groessen-von-kopf-bis-fuss\\\/#primaryimage\",\"url\":\"https:\\\/\\\/incurvy.co.uk\\\/wp-content\\\/uploads\\\/2017\\\/07\\\/MG_6741.jpg\",\"contentUrl\":\"https:\\\/\\\/incurvy.co.uk\\\/wp-content\\\/uploads\\\/2017\\\/07\\\/MG_6741.jpg\",\"width\":1920,\"height\":1280,\"caption\":\"Grosse Grossen Denim\"},{\"@type\":\"BreadcrumbList\",\"@id\":\"https:\\\/\\\/www.incurvy.de\\\/trends-grosse-groessen\\\/denim-in-grossen-groessen-von-kopf-bis-fuss\\\/#breadcrumb\",\"itemListElement\":[{\"@type\":\"ListItem\",\"position\":1,\"name\":\"Home\",\"item\":\"https:\\\/\\\/www.incurvy.de\\\/trends-grosse-groessen\\\/\"},{\"@type\":\"ListItem\",\"position\":2,\"name\":\"Denim in gro\u00dfen Gr\u00f6\u00dfen von Kopf bis Fu\u00df\"}]},{\"@type\":\"WebSite\",\"@id\":\"https:\\\/\\\/www.incurvy.de\\\/trends-grosse-groessen\\\/#website\",\"url\":\"https:\\\/\\\/www.incurvy.de\\\/trends-grosse-groessen\\\/\",\"name\":\"INCURVY Plus-Size Fashion - BLOG\",\"description\":\"INCURVY Plus-Size Fashion - BLOG\",\"publisher\":{\"@id\":\"https:\\\/\\\/www.incurvy.de\\\/trends-grosse-groessen\\\/#\\\/schema\\\/person\\\/0f0b11c021b39ea29dafea3a21fef662\"},\"potentialAction\":[{\"@type\":\"SearchAction\",\"target\":{\"@type\":\"EntryPoint\",\"urlTemplate\":\"https:\\\/\\\/www.incurvy.de\\\/trends-grosse-groessen\\\/?s={search_term_string}\"},\"query-input\":{\"@type\":\"PropertyValueSpecification\",\"valueRequired\":true,\"valueName\":\"search_term_string\"}}],\"inLanguage\":\"de\"},{\"@type\":[\"Person\",\"Organization\"],\"@id\":\"https:\\\/\\\/www.incurvy.de\\\/trends-grosse-groessen\\\/#\\\/schema\\\/person\\\/0f0b11c021b39ea29dafea3a21fef662\",\"name\":\"Eleonore\",\"image\":{\"@type\":\"ImageObject\",\"inLanguage\":\"de\",\"@id\":\"https:\\\/\\\/www.incurvy.de\\\/trends-grosse-groessen\\\/wp-content\\\/uploads\\\/2024\\\/02\\\/inCurvyLogoTransparent.png\",\"url\":\"https:\\\/\\\/www.incurvy.de\\\/trends-grosse-groessen\\\/wp-content\\\/uploads\\\/2024\\\/02\\\/inCurvyLogoTransparent.png\",\"contentUrl\":\"https:\\\/\\\/www.incurvy.de\\\/trends-grosse-groessen\\\/wp-content\\\/uploads\\\/2024\\\/02\\\/inCurvyLogoTransparent.png\",\"width\":1920,\"height\":1080,\"caption\":\"Eleonore\"},\"logo\":{\"@id\":\"https:\\\/\\\/www.incurvy.de\\\/trends-grosse-groessen\\\/wp-content\\\/uploads\\\/2024\\\/02\\\/inCurvyLogoTransparent.png\"}},{\"@type\":\"Person\",\"@id\":\"https:\\\/\\\/www.incurvy.de\\\/trends-grosse-groessen\\\/#\\\/schema\\\/person\\\/e0bcf5f8e74b1ed54bee9a5beb26522d\",\"name\":\"Sofia\",\"image\":{\"@type\":\"ImageObject\",\"inLanguage\":\"de\",\"@id\":\"https:\\\/\\\/secure.gravatar.com\\\/avatar\\\/4a182d84a0a0ac73964750f4faa49be2ca435fed0e5e56d4a63a9c04ac78d94c?s=96&d=mm&r=g\",\"url\":\"https:\\\/\\\/secure.gravatar.com\\\/avatar\\\/4a182d84a0a0ac73964750f4faa49be2ca435fed0e5e56d4a63a9c04ac78d94c?s=96&d=mm&r=g\",\"contentUrl\":\"https:\\\/\\\/secure.gravatar.com\\\/avatar\\\/4a182d84a0a0ac73964750f4faa49be2ca435fed0e5e56d4a63a9c04ac78d94c?s=96&d=mm&r=g\",\"caption\":\"Sofia\"},\"url\":\"https:\\\/\\\/www.incurvy.de\\\/trends-grosse-groessen\\\/author\\\/admin\\\/\"}]}<\/script>\n<!-- \/ Yoast SEO plugin. -->","yoast_head_json":{"title":"Denim in gro\u00dfen Gr\u00f6\u00dfen - Denim grosse Groessen - xxl Jeanslook","description":"Da der Jeansstoff als Allrounder gilt, kannst du im Prinzip jedes Jeansteil kombinieren. So geht Denim in gro\u00dfen Gr\u00f6\u00dfen von Kopf bis Fu\u00df.","robots":{"index":"index","follow":"follow","max-snippet":"max-snippet:-1","max-image-preview":"max-image-preview:large","max-video-preview":"max-video-preview:-1"},"canonical":"https:\/\/www.incurvy.de\/trends-grosse-groessen\/denim-in-grossen-groessen-von-kopf-bis-fuss\/","og_locale":"de_DE","og_type":"article","og_title":"Denim in gro\u00dfen Gr\u00f6\u00dfen - Denim grosse Groessen - xxl Jeanslook","og_description":"Da der Jeansstoff als Allrounder gilt, kannst du im Prinzip jedes Jeansteil kombinieren. So geht Denim in gro\u00dfen Gr\u00f6\u00dfen von Kopf bis Fu\u00df.","og_url":"https:\/\/www.incurvy.de\/trends-grosse-groessen\/denim-in-grossen-groessen-von-kopf-bis-fuss\/","og_site_name":"INCURVY Plus-Size Fashion - BLOG","article_published_time":"2017-07-13T18:55:59+00:00","article_modified_time":"2023-08-28T07:44:59+00:00","og_image":[{"width":1920,"height":1280,"url":"https:\/\/incurvy.co.uk\/wp-content\/uploads\/2017\/07\/MG_6741.jpg","type":"image\/jpeg"}],"author":"Sofia","twitter_card":"summary_large_image","twitter_misc":{"Verfasst von":"Sofia","Gesch\u00e4tzte Lesezeit":"3\u00a0Minuten"},"schema":{"@context":"https:\/\/schema.org","@graph":[{"@type":"Article","@id":"https:\/\/www.incurvy.de\/trends-grosse-groessen\/denim-in-grossen-groessen-von-kopf-bis-fuss\/#article","isPartOf":{"@id":"https:\/\/www.incurvy.de\/trends-grosse-groessen\/denim-in-grossen-groessen-von-kopf-bis-fuss\/"},"author":{"name":"Sofia","@id":"https:\/\/www.incurvy.de\/trends-grosse-groessen\/#\/schema\/person\/e0bcf5f8e74b1ed54bee9a5beb26522d"},"headline":"Denim in gro\u00dfen Gr\u00f6\u00dfen von Kopf bis Fu\u00df","datePublished":"2017-07-13T18:55:59+00:00","dateModified":"2023-08-28T07:44:59+00:00","mainEntityOfPage":{"@id":"https:\/\/www.incurvy.de\/trends-grosse-groessen\/denim-in-grossen-groessen-von-kopf-bis-fuss\/"},"wordCount":581,"commentCount":0,"publisher":{"@id":"https:\/\/www.incurvy.de\/trends-grosse-groessen\/#\/schema\/person\/0f0b11c021b39ea29dafea3a21fef662"},"image":{"@id":"https:\/\/www.incurvy.de\/trends-grosse-groessen\/denim-in-grossen-groessen-von-kopf-bis-fuss\/#primaryimage"},"thumbnailUrl":"https:\/\/incurvy.co.uk\/wp-content\/uploads\/2017\/07\/MG_6741.jpg","keywords":["Denim","Denim Styling","Denim von Kopf bis Fu\u00df","gro\u00dfe Gr\u00f6\u00dfen Jeans","Jeans gro\u00dfe Gr\u00f6\u00dfen","Jeans in gro\u00dfen Gr\u00f6\u00dfen","Mode gro\u00dfe Gr\u00f6\u00dfen","Plus Size Denim","Plus Size Jeans","\u00dcbergr\u00f6sse Damenmode","Von Kopf bis Fu\u00df in Denim","xxl Fashion","XXL-Mode"],"articleSection":["Damenmode gro\u00dfe Gr\u00f6\u00dfen","Interessante Themen","Mode Tipps &amp; Tricks","Plus-Size Mode"],"inLanguage":"de","potentialAction":[{"@type":"CommentAction","name":"Comment","target":["https:\/\/www.incurvy.de\/trends-grosse-groessen\/denim-in-grossen-groessen-von-kopf-bis-fuss\/#respond"]}]},{"@type":"WebPage","@id":"https:\/\/www.incurvy.de\/trends-grosse-groessen\/denim-in-grossen-groessen-von-kopf-bis-fuss\/","url":"https:\/\/www.incurvy.de\/trends-grosse-groessen\/denim-in-grossen-groessen-von-kopf-bis-fuss\/","name":"Denim in gro\u00dfen Gr\u00f6\u00dfen - Denim grosse Groessen - xxl Jeanslook","isPartOf":{"@id":"https:\/\/www.incurvy.de\/trends-grosse-groessen\/#website"},"primaryImageOfPage":{"@id":"https:\/\/www.incurvy.de\/trends-grosse-groessen\/denim-in-grossen-groessen-von-kopf-bis-fuss\/#primaryimage"},"image":{"@id":"https:\/\/www.incurvy.de\/trends-grosse-groessen\/denim-in-grossen-groessen-von-kopf-bis-fuss\/#primaryimage"},"thumbnailUrl":"https:\/\/incurvy.co.uk\/wp-content\/uploads\/2017\/07\/MG_6741.jpg","datePublished":"2017-07-13T18:55:59+00:00","dateModified":"2023-08-28T07:44:59+00:00","description":"Da der Jeansstoff als Allrounder gilt, kannst du im Prinzip jedes Jeansteil kombinieren. So geht Denim in gro\u00dfen Gr\u00f6\u00dfen von Kopf bis Fu\u00df.","breadcrumb":{"@id":"https:\/\/www.incurvy.de\/trends-grosse-groessen\/denim-in-grossen-groessen-von-kopf-bis-fuss\/#breadcrumb"},"inLanguage":"de","potentialAction":[{"@type":"ReadAction","target":["https:\/\/www.incurvy.de\/trends-grosse-groessen\/denim-in-grossen-groessen-von-kopf-bis-fuss\/"]}]},{"@type":"ImageObject","inLanguage":"de","@id":"https:\/\/www.incurvy.de\/trends-grosse-groessen\/denim-in-grossen-groessen-von-kopf-bis-fuss\/#primaryimage","url":"https:\/\/incurvy.co.uk\/wp-content\/uploads\/2017\/07\/MG_6741.jpg","contentUrl":"https:\/\/incurvy.co.uk\/wp-content\/uploads\/2017\/07\/MG_6741.jpg","width":1920,"height":1280,"caption":"Grosse Grossen Denim"},{"@type":"BreadcrumbList","@id":"https:\/\/www.incurvy.de\/trends-grosse-groessen\/denim-in-grossen-groessen-von-kopf-bis-fuss\/#breadcrumb","itemListElement":[{"@type":"ListItem","position":1,"name":"Home","item":"https:\/\/www.incurvy.de\/trends-grosse-groessen\/"},{"@type":"ListItem","position":2,"name":"Denim in gro\u00dfen Gr\u00f6\u00dfen von Kopf bis Fu\u00df"}]},{"@type":"WebSite","@id":"https:\/\/www.incurvy.de\/trends-grosse-groessen\/#website","url":"https:\/\/www.incurvy.de\/trends-grosse-groessen\/","name":"INCURVY Plus-Size Fashion - BLOG","description":"INCURVY Plus-Size Fashion - BLOG","publisher":{"@id":"https:\/\/www.incurvy.de\/trends-grosse-groessen\/#\/schema\/person\/0f0b11c021b39ea29dafea3a21fef662"},"potentialAction":[{"@type":"SearchAction","target":{"@type":"EntryPoint","urlTemplate":"https:\/\/www.incurvy.de\/trends-grosse-groessen\/?s={search_term_string}"},"query-input":{"@type":"PropertyValueSpecification","valueRequired":true,"valueName":"search_term_string"}}],"inLanguage":"de"},{"@type":["Person","Organization"],"@id":"https:\/\/www.incurvy.de\/trends-grosse-groessen\/#\/schema\/person\/0f0b11c021b39ea29dafea3a21fef662","name":"Eleonore","image":{"@type":"ImageObject","inLanguage":"de","@id":"https:\/\/www.incurvy.de\/trends-grosse-groessen\/wp-content\/uploads\/2024\/02\/inCurvyLogoTransparent.png","url":"https:\/\/www.incurvy.de\/trends-grosse-groessen\/wp-content\/uploads\/2024\/02\/inCurvyLogoTransparent.png","contentUrl":"https:\/\/www.incurvy.de\/trends-grosse-groessen\/wp-content\/uploads\/2024\/02\/inCurvyLogoTransparent.png","width":1920,"height":1080,"caption":"Eleonore"},"logo":{"@id":"https:\/\/www.incurvy.de\/trends-grosse-groessen\/wp-content\/uploads\/2024\/02\/inCurvyLogoTransparent.png"}},{"@type":"Person","@id":"https:\/\/www.incurvy.de\/trends-grosse-groessen\/#\/schema\/person\/e0bcf5f8e74b1ed54bee9a5beb26522d","name":"Sofia","image":{"@type":"ImageObject","inLanguage":"de","@id":"https:\/\/secure.gravatar.com\/avatar\/4a182d84a0a0ac73964750f4faa49be2ca435fed0e5e56d4a63a9c04ac78d94c?s=96&d=mm&r=g","url":"https:\/\/secure.gravatar.com\/avatar\/4a182d84a0a0ac73964750f4faa49be2ca435fed0e5e56d4a63a9c04ac78d94c?s=96&d=mm&r=g","contentUrl":"https:\/\/secure.gravatar.com\/avatar\/4a182d84a0a0ac73964750f4faa49be2ca435fed0e5e56d4a63a9c04ac78d94c?s=96&d=mm&r=g","caption":"Sofia"},"url":"https:\/\/www.incurvy.de\/trends-grosse-groessen\/author\/admin\/"}]}},"_links":{"self":[{"href":"https:\/\/www.incurvy.de\/trends-grosse-groessen\/wp-json\/wp\/v2\/posts\/12198","targetHints":{"allow":["GET"]}}],"collection":[{"href":"https:\/\/www.incurvy.de\/trends-grosse-groessen\/wp-json\/wp\/v2\/posts"}],"about":[{"href":"https:\/\/www.incurvy.de\/trends-grosse-groessen\/wp-json\/wp\/v2\/types\/post"}],"author":[{"embeddable":true,"href":"https:\/\/www.incurvy.de\/trends-grosse-groessen\/wp-json\/wp\/v2\/users\/1"}],"replies":[{"embeddable":true,"href":"https:\/\/www.incurvy.de\/trends-grosse-groessen\/wp-json\/wp\/v2\/comments?post=12198"}],"version-history":[{"count":0,"href":"https:\/\/www.incurvy.de\/trends-grosse-groessen\/wp-json\/wp\/v2\/posts\/12198\/revisions"}],"wp:featuredmedia":[{"embeddable":true,"href":"https:\/\/www.incurvy.de\/trends-grosse-groessen\/wp-json\/wp\/v2\/media\/15065"}],"wp:attachment":[{"href":"https:\/\/www.incurvy.de\/trends-grosse-groessen\/wp-json\/wp\/v2\/media?parent=12198"}],"wp:term":[{"taxonomy":"category","embeddable":true,"href":"https:\/\/www.incurvy.de\/trends-grosse-groessen\/wp-json\/wp\/v2\/categories?post=12198"},{"taxonomy":"post_tag","embeddable":true,"href":"https:\/\/www.incurvy.de\/trends-grosse-groessen\/wp-json\/wp\/v2\/tags?post=12198"}],"curies":[{"name":"wp","href":"https:\/\/api.w.org\/{rel}","templated":true}]}}