{"id":12331,"date":"2017-11-18T08:34:22","date_gmt":"2017-11-18T06:34:22","guid":{"rendered":"http:\/\/www.incurvy.de\/trends-grosse-groessen\/?p=12331"},"modified":"2024-03-01T11:17:06","modified_gmt":"2024-03-01T09:17:06","slug":"so-kombinierst-du-grosse-groessen-jeans","status":"publish","type":"post","link":"https:\/\/www.incurvy.de\/trends-grosse-groessen\/so-kombinierst-du-grosse-groessen-jeans\/","title":{"rendered":"So kombinierst du gro\u00dfe Gr\u00f6\u00dfen Jeans"},"content":{"rendered":"<p style=\"text-align: justify;\">Die ewige Suche nach der perfekten gro\u00dfe Gr\u00f6\u00dfen Jeans. Heute kann und will ich sie nicht beenden, doch ich m\u00f6chte dir einen Tipp f\u00fcr ein brandaktuelles Modell geben. Diese hat aufgrund ihres Schnittes das Zeug zur Lieblingsjeans, denn die Blicke werden auf einen ganz besonderen Bereich gelenkt: die Kn\u00f6chel. Die <strong>Vokuhila-Jeans<\/strong> endet genau dort in spezieller Art, sodass nicht deine Figur, sondern dein abgefahrenes Styling im Vordergrund steht.<\/p>\n<h2 style=\"text-align: justify;\">Vo \u2013 ku \u2013 hi \u2013 la \u00e0 Vorne \u2013 Kurz \u2013 Hinten \u2013 Lang<\/h2>\n<p style=\"text-align: justify;\">Fashionistas \u00e4lteren Datums erinnern sich wahrscheinlich noch an die Vokuhila-Frisur der 80er Jahre. Genau wie die Trendjeans heute wurde der Kopf vorne kurz und hinten lang gehalten. Allerdings meine ich damit nicht die klassische Pony-Frisur. Die Haare auf dem Kopf wurden komplett kurz geschnitten oder teilweise geschoren, w\u00e4hrend im Nacken eine Str\u00e4hne lang gelassen wurde. M\u00e4nner und Frauen liebten diesen Haarschnitt, der ab den 90ern zum Gl\u00fcck von der Bildfl\u00e4che verschwand. Ab sofort ist Vokuhila wieder da, allerdings nicht auf Kopf, sondern an den Beinen.<\/p>\n<p style=\"text-align: justify;\">Die Vokuhila Jeans hat <em>abgeschnittene Beinenden, wobei die R\u00fcckseite l\u00e4nger ist als die Vorderseite<\/em>. Mittlerweile wird die <strong>Plus Size Vokuhila Jeans<\/strong> in verschiedenen Variationen angeboten. Teilweise ist die Vorderseite l\u00e4nger oder der Seitenbereich. Ansonsten handelt es sich um eine <em>locker geschnittene Jeanshose<\/em>, die teilweise ausgestellt ist. Vokuhila-Jeans haben meist auch ein ausgewaschenes Design und\/oder einen Destroyed Look.<\/p>\n<h2 style=\"text-align: justify;\">So stylst du deine Vokuhila \u00a0gro\u00dfe Gr\u00f6\u00dfen Jeans<\/h2>\n<p style=\"text-align: justify;\">Wichtig bei jedem Styling ist, dass die Vokuhila-Jeans gro\u00dfe Gr\u00f6\u00dfen <strong>nicht durch Schuhe oder Stiefel bedeckt wird<\/strong>. Sie kommt erst dann richtig zur Geltung, wenn sie offen getragen wird.<\/p>\n<ul style=\"text-align: justify;\">\n<li><strong>Casual Styling<\/strong>: Zur Vokuhila-Jeans kombinierst du einen l\u00e4ssigen Sweater und kurze wei\u00dfe Sneakers. Dazu passt ein trendiger Parka oder ein schwarzer Wollmantel, der mit seinem eleganten Style einen tollen Kontrast bildet.<\/li>\n<li><strong>Rock-Chic:<\/strong> Die Vokuhila-Jeans wird mit schwarzen Pumps, einem Shirt mit XL-Print und einer Lederjacke kombiniert. Statt des Shirts greifst du bei kalten Temperaturen einfach zum Oversize-Pullover, der unter der Lederjacke hervorguckt.<\/li>\n<li><strong>Schicker Freizeitlook:<\/strong> Die klassische wei\u00dfe Bluse gro\u00dfe Gr\u00f6\u00dfen tr\u00e4gst du zur Vokuhila-Jeans. Kombiniert wird der Look mit eleganten Schn\u00fcrschuhen, Lackschuhen oder Slipper. Dazu wird ein Trenchcoat oder ein Blazer XXL getragen.<\/li>\n<\/ul>\n<h3 style=\"text-align: justify;\">Vokuhila-Jeans im DIY-Projekt<\/h3>\n<p style=\"text-align: justify;\">Die \u00dcbergr\u00f6\u00dfen Vokuhila-Jeans kannst du auch selbst herstellen. Daf\u00fcr verwendest du eine ausgediente Jeans, die du am Saum bis zum Kn\u00f6chel abschneidest. Jetzt werden vorne circa 10 Zentimeter mehr abgeschnitten. Eine gerade Linie muss nicht zwingend sein, auch schr\u00e4g oder schief geschnitten wirkt stylisch. Wenn du m\u00f6chtest, kannst du noch weitere Destroyed-Effekte auf dem Oberschenkel oder im Knie-Bereich gestalten. Wie du diese selbst machst, kannst du <a href=\"https:\/\/www.incurvy.de\/trends-grosse-groessen\/der-rockstar-unter-den-hosen-destroyed-jeans-grosse-groessen\/\" target=\"_blank\" rel=\"noopener\">HIER<\/a> nachlesen.<\/p>\n<p style=\"text-align: justify;\">Entecke bei incurvy <a href=\"https:\/\/www.incurvy.de\/damenmode\/jeans\/\" target=\"_blank\" rel=\"noopener\">gro\u00dfe Gr\u00f6\u00dfen Jeans<\/a> f\u00fcr Plus Size Ladies!<\/p>\n<p>&nbsp;<\/p>\n<p>Bild Quelle: Adobestock.com \u00a9 arnuphapy<\/p>\n","protected":false},"excerpt":{"rendered":"<p>Die ewige Suche nach der perfekten gro\u00dfe Gr\u00f6\u00dfen Jeans. Heute kann und will ich sie nicht beenden, doch ich m\u00f6chte dir einen&hellip;<\/p>\n","protected":false},"author":9,"featured_media":12336,"comment_status":"open","ping_status":"open","sticky":false,"template":"","format":"standard","meta":{"footnotes":""},"categories":[9,2,5,1],"tags":[554,2112,37,2111,2109,2108,2110],"class_list":["post-12331","post","type-post","status-publish","format-standard","has-post-thumbnail","hentry","category-damenmode-grosse-groessen","category-interessante-blog-themen","category-mode-tipps-tricks","category-kategorie-plus-size-mode","tag-capri-jeans-grosse-groessen","tag-damenjeans-grosse-groessen","tag-jeans-grosse-groessen","tag-plus-size-vokuhila-jeans","tag-vokuhila","tag-vokuhila-jeans","tag-vokuhila-jeans-grosse-groessen"],"yoast_head":"<!-- This site is optimized with the Yoast SEO plugin v27.5 - https:\/\/yoast.com\/product\/yoast-seo-wordpress\/ -->\n<title>Gro\u00dfe Gr\u00f6\u00dfen Jeans - Jeans gro\u00dfe Gr\u00f6\u00dfen - Jeans \u00dcbergr\u00f6\u00dfe<\/title>\n<meta name=\"description\" content=\"Die gro\u00dfe Gr\u00f6\u00dfen Jeans Vokuhila endet genau dort in spezieller Art, sodass nicht deine Figur, sondern dein Styling im Vordergrund steht.\" \/>\n<meta name=\"robots\" content=\"index, follow, max-snippet:-1, max-image-preview:large, max-video-preview:-1\" \/>\n<link rel=\"canonical\" href=\"https:\/\/www.incurvy.de\/trends-grosse-groessen\/so-kombinierst-du-grosse-groessen-jeans\/\" \/>\n<meta property=\"og:locale\" content=\"de_DE\" \/>\n<meta property=\"og:type\" content=\"article\" \/>\n<meta property=\"og:title\" content=\"Gro\u00dfe Gr\u00f6\u00dfen Jeans - Jeans gro\u00dfe Gr\u00f6\u00dfen - Jeans \u00dcbergr\u00f6\u00dfe\" \/>\n<meta property=\"og:description\" content=\"Die gro\u00dfe Gr\u00f6\u00dfen Jeans Vokuhila endet genau dort in spezieller Art, sodass nicht deine Figur, sondern dein Styling im Vordergrund steht.\" \/>\n<meta property=\"og:url\" content=\"https:\/\/www.incurvy.de\/trends-grosse-groessen\/so-kombinierst-du-grosse-groessen-jeans\/\" \/>\n<meta property=\"og:site_name\" content=\"INCURVY Plus-Size Fashion - BLOG\" \/>\n<meta property=\"article:published_time\" content=\"2017-11-18T06:34:22+00:00\" \/>\n<meta property=\"article:modified_time\" content=\"2024-03-01T09:17:06+00:00\" \/>\n<meta property=\"og:image\" content=\"https:\/\/incurvy.co.uk\/wp-content\/uploads\/2017\/11\/Fotolia_arnuphapy.jpg\" \/>\n\t<meta property=\"og:image:width\" content=\"844\" \/>\n\t<meta property=\"og:image:height\" content=\"568\" \/>\n\t<meta property=\"og:image:type\" content=\"image\/jpeg\" \/>\n<meta name=\"author\" content=\"Yvonne\" \/>\n<meta name=\"twitter:card\" content=\"summary_large_image\" \/>\n<meta name=\"twitter:label1\" content=\"Verfasst von\" \/>\n\t<meta name=\"twitter:data1\" content=\"Yvonne\" \/>\n\t<meta name=\"twitter:label2\" content=\"Gesch\u00e4tzte Lesezeit\" \/>\n\t<meta name=\"twitter:data2\" content=\"3\u00a0Minuten\" \/>\n<script type=\"application\/ld+json\" class=\"yoast-schema-graph\">{\"@context\":\"https:\\\/\\\/schema.org\",\"@graph\":[{\"@type\":\"Article\",\"@id\":\"https:\\\/\\\/www.incurvy.de\\\/trends-grosse-groessen\\\/so-kombinierst-du-grosse-groessen-jeans\\\/#article\",\"isPartOf\":{\"@id\":\"https:\\\/\\\/www.incurvy.de\\\/trends-grosse-groessen\\\/so-kombinierst-du-grosse-groessen-jeans\\\/\"},\"author\":{\"name\":\"Yvonne\",\"@id\":\"https:\\\/\\\/www.incurvy.de\\\/trends-grosse-groessen\\\/#\\\/schema\\\/person\\\/c24248fcf191ac08a18003a8fb9edbc7\"},\"headline\":\"So kombinierst du gro\u00dfe Gr\u00f6\u00dfen Jeans\",\"datePublished\":\"2017-11-18T06:34:22+00:00\",\"dateModified\":\"2024-03-01T09:17:06+00:00\",\"mainEntityOfPage\":{\"@id\":\"https:\\\/\\\/www.incurvy.de\\\/trends-grosse-groessen\\\/so-kombinierst-du-grosse-groessen-jeans\\\/\"},\"wordCount\":475,\"commentCount\":0,\"publisher\":{\"@id\":\"https:\\\/\\\/www.incurvy.de\\\/trends-grosse-groessen\\\/#\\\/schema\\\/person\\\/0f0b11c021b39ea29dafea3a21fef662\"},\"image\":{\"@id\":\"https:\\\/\\\/www.incurvy.de\\\/trends-grosse-groessen\\\/so-kombinierst-du-grosse-groessen-jeans\\\/#primaryimage\"},\"thumbnailUrl\":\"https:\\\/\\\/incurvy.co.uk\\\/wp-content\\\/uploads\\\/2017\\\/11\\\/Fotolia_arnuphapy.jpg\",\"keywords\":[\"Capri-Jeans gro\u00dfe Gr\u00f6\u00dfen\",\"Damenjeans gro\u00dfe Gr\u00f6\u00dfen\",\"Jeans gro\u00dfe Gr\u00f6\u00dfen\",\"Plus Size Vokuhila Jeans\",\"Vokuhila\",\"Vokuhila-Jeans\",\"Vokuhila-Jeans gro\u00dfe Gr\u00f6\u00dfen\"],\"articleSection\":[\"Damenmode gro\u00dfe Gr\u00f6\u00dfen\",\"Interessante Themen\",\"Mode Tipps &amp; Tricks\",\"Plus-Size Mode\"],\"inLanguage\":\"de\",\"potentialAction\":[{\"@type\":\"CommentAction\",\"name\":\"Comment\",\"target\":[\"https:\\\/\\\/www.incurvy.de\\\/trends-grosse-groessen\\\/so-kombinierst-du-grosse-groessen-jeans\\\/#respond\"]}]},{\"@type\":\"WebPage\",\"@id\":\"https:\\\/\\\/www.incurvy.de\\\/trends-grosse-groessen\\\/so-kombinierst-du-grosse-groessen-jeans\\\/\",\"url\":\"https:\\\/\\\/www.incurvy.de\\\/trends-grosse-groessen\\\/so-kombinierst-du-grosse-groessen-jeans\\\/\",\"name\":\"Gro\u00dfe Gr\u00f6\u00dfen Jeans - Jeans gro\u00dfe Gr\u00f6\u00dfen - Jeans \u00dcbergr\u00f6\u00dfe\",\"isPartOf\":{\"@id\":\"https:\\\/\\\/www.incurvy.de\\\/trends-grosse-groessen\\\/#website\"},\"primaryImageOfPage\":{\"@id\":\"https:\\\/\\\/www.incurvy.de\\\/trends-grosse-groessen\\\/so-kombinierst-du-grosse-groessen-jeans\\\/#primaryimage\"},\"image\":{\"@id\":\"https:\\\/\\\/www.incurvy.de\\\/trends-grosse-groessen\\\/so-kombinierst-du-grosse-groessen-jeans\\\/#primaryimage\"},\"thumbnailUrl\":\"https:\\\/\\\/incurvy.co.uk\\\/wp-content\\\/uploads\\\/2017\\\/11\\\/Fotolia_arnuphapy.jpg\",\"datePublished\":\"2017-11-18T06:34:22+00:00\",\"dateModified\":\"2024-03-01T09:17:06+00:00\",\"description\":\"Die gro\u00dfe Gr\u00f6\u00dfen Jeans Vokuhila endet genau dort in spezieller Art, sodass nicht deine Figur, sondern dein Styling im Vordergrund steht.\",\"breadcrumb\":{\"@id\":\"https:\\\/\\\/www.incurvy.de\\\/trends-grosse-groessen\\\/so-kombinierst-du-grosse-groessen-jeans\\\/#breadcrumb\"},\"inLanguage\":\"de\",\"potentialAction\":[{\"@type\":\"ReadAction\",\"target\":[\"https:\\\/\\\/www.incurvy.de\\\/trends-grosse-groessen\\\/so-kombinierst-du-grosse-groessen-jeans\\\/\"]}]},{\"@type\":\"ImageObject\",\"inLanguage\":\"de\",\"@id\":\"https:\\\/\\\/www.incurvy.de\\\/trends-grosse-groessen\\\/so-kombinierst-du-grosse-groessen-jeans\\\/#primaryimage\",\"url\":\"https:\\\/\\\/incurvy.co.uk\\\/wp-content\\\/uploads\\\/2017\\\/11\\\/Fotolia_arnuphapy.jpg\",\"contentUrl\":\"https:\\\/\\\/incurvy.co.uk\\\/wp-content\\\/uploads\\\/2017\\\/11\\\/Fotolia_arnuphapy.jpg\",\"width\":844,\"height\":568,\"caption\":\"Adobestock.com \u00a9 arnuphapy\"},{\"@type\":\"BreadcrumbList\",\"@id\":\"https:\\\/\\\/www.incurvy.de\\\/trends-grosse-groessen\\\/so-kombinierst-du-grosse-groessen-jeans\\\/#breadcrumb\",\"itemListElement\":[{\"@type\":\"ListItem\",\"position\":1,\"name\":\"Home\",\"item\":\"https:\\\/\\\/www.incurvy.de\\\/trends-grosse-groessen\\\/\"},{\"@type\":\"ListItem\",\"position\":2,\"name\":\"So kombinierst du gro\u00dfe Gr\u00f6\u00dfen Jeans\"}]},{\"@type\":\"WebSite\",\"@id\":\"https:\\\/\\\/www.incurvy.de\\\/trends-grosse-groessen\\\/#website\",\"url\":\"https:\\\/\\\/www.incurvy.de\\\/trends-grosse-groessen\\\/\",\"name\":\"INCURVY Plus-Size Fashion - BLOG\",\"description\":\"INCURVY Plus-Size Fashion - BLOG\",\"publisher\":{\"@id\":\"https:\\\/\\\/www.incurvy.de\\\/trends-grosse-groessen\\\/#\\\/schema\\\/person\\\/0f0b11c021b39ea29dafea3a21fef662\"},\"potentialAction\":[{\"@type\":\"SearchAction\",\"target\":{\"@type\":\"EntryPoint\",\"urlTemplate\":\"https:\\\/\\\/www.incurvy.de\\\/trends-grosse-groessen\\\/?s={search_term_string}\"},\"query-input\":{\"@type\":\"PropertyValueSpecification\",\"valueRequired\":true,\"valueName\":\"search_term_string\"}}],\"inLanguage\":\"de\"},{\"@type\":[\"Person\",\"Organization\"],\"@id\":\"https:\\\/\\\/www.incurvy.de\\\/trends-grosse-groessen\\\/#\\\/schema\\\/person\\\/0f0b11c021b39ea29dafea3a21fef662\",\"name\":\"Eleonore\",\"image\":{\"@type\":\"ImageObject\",\"inLanguage\":\"de\",\"@id\":\"https:\\\/\\\/www.incurvy.de\\\/trends-grosse-groessen\\\/wp-content\\\/uploads\\\/2024\\\/02\\\/inCurvyLogoTransparent.png\",\"url\":\"https:\\\/\\\/www.incurvy.de\\\/trends-grosse-groessen\\\/wp-content\\\/uploads\\\/2024\\\/02\\\/inCurvyLogoTransparent.png\",\"contentUrl\":\"https:\\\/\\\/www.incurvy.de\\\/trends-grosse-groessen\\\/wp-content\\\/uploads\\\/2024\\\/02\\\/inCurvyLogoTransparent.png\",\"width\":1920,\"height\":1080,\"caption\":\"Eleonore\"},\"logo\":{\"@id\":\"https:\\\/\\\/www.incurvy.de\\\/trends-grosse-groessen\\\/wp-content\\\/uploads\\\/2024\\\/02\\\/inCurvyLogoTransparent.png\"}},{\"@type\":\"Person\",\"@id\":\"https:\\\/\\\/www.incurvy.de\\\/trends-grosse-groessen\\\/#\\\/schema\\\/person\\\/c24248fcf191ac08a18003a8fb9edbc7\",\"name\":\"Yvonne\",\"image\":{\"@type\":\"ImageObject\",\"inLanguage\":\"de\",\"@id\":\"https:\\\/\\\/secure.gravatar.com\\\/avatar\\\/369c34cc4d37efef17780dc262a53e80ab7cb1c051a17ed889d711d5f94f78f3?s=96&d=mm&r=g\",\"url\":\"https:\\\/\\\/secure.gravatar.com\\\/avatar\\\/369c34cc4d37efef17780dc262a53e80ab7cb1c051a17ed889d711d5f94f78f3?s=96&d=mm&r=g\",\"contentUrl\":\"https:\\\/\\\/secure.gravatar.com\\\/avatar\\\/369c34cc4d37efef17780dc262a53e80ab7cb1c051a17ed889d711d5f94f78f3?s=96&d=mm&r=g\",\"caption\":\"Yvonne\"},\"url\":\"https:\\\/\\\/www.incurvy.de\\\/trends-grosse-groessen\\\/author\\\/yvonne\\\/\"}]}<\/script>\n<!-- \/ Yoast SEO plugin. -->","yoast_head_json":{"title":"Gro\u00dfe Gr\u00f6\u00dfen Jeans - Jeans gro\u00dfe Gr\u00f6\u00dfen - Jeans \u00dcbergr\u00f6\u00dfe","description":"Die gro\u00dfe Gr\u00f6\u00dfen Jeans Vokuhila endet genau dort in spezieller Art, sodass nicht deine Figur, sondern dein Styling im Vordergrund steht.","robots":{"index":"index","follow":"follow","max-snippet":"max-snippet:-1","max-image-preview":"max-image-preview:large","max-video-preview":"max-video-preview:-1"},"canonical":"https:\/\/www.incurvy.de\/trends-grosse-groessen\/so-kombinierst-du-grosse-groessen-jeans\/","og_locale":"de_DE","og_type":"article","og_title":"Gro\u00dfe Gr\u00f6\u00dfen Jeans - Jeans gro\u00dfe Gr\u00f6\u00dfen - Jeans \u00dcbergr\u00f6\u00dfe","og_description":"Die gro\u00dfe Gr\u00f6\u00dfen Jeans Vokuhila endet genau dort in spezieller Art, sodass nicht deine Figur, sondern dein Styling im Vordergrund steht.","og_url":"https:\/\/www.incurvy.de\/trends-grosse-groessen\/so-kombinierst-du-grosse-groessen-jeans\/","og_site_name":"INCURVY Plus-Size Fashion - BLOG","article_published_time":"2017-11-18T06:34:22+00:00","article_modified_time":"2024-03-01T09:17:06+00:00","og_image":[{"width":844,"height":568,"url":"https:\/\/incurvy.co.uk\/wp-content\/uploads\/2017\/11\/Fotolia_arnuphapy.jpg","type":"image\/jpeg"}],"author":"Yvonne","twitter_card":"summary_large_image","twitter_misc":{"Verfasst von":"Yvonne","Gesch\u00e4tzte Lesezeit":"3\u00a0Minuten"},"schema":{"@context":"https:\/\/schema.org","@graph":[{"@type":"Article","@id":"https:\/\/www.incurvy.de\/trends-grosse-groessen\/so-kombinierst-du-grosse-groessen-jeans\/#article","isPartOf":{"@id":"https:\/\/www.incurvy.de\/trends-grosse-groessen\/so-kombinierst-du-grosse-groessen-jeans\/"},"author":{"name":"Yvonne","@id":"https:\/\/www.incurvy.de\/trends-grosse-groessen\/#\/schema\/person\/c24248fcf191ac08a18003a8fb9edbc7"},"headline":"So kombinierst du gro\u00dfe Gr\u00f6\u00dfen Jeans","datePublished":"2017-11-18T06:34:22+00:00","dateModified":"2024-03-01T09:17:06+00:00","mainEntityOfPage":{"@id":"https:\/\/www.incurvy.de\/trends-grosse-groessen\/so-kombinierst-du-grosse-groessen-jeans\/"},"wordCount":475,"commentCount":0,"publisher":{"@id":"https:\/\/www.incurvy.de\/trends-grosse-groessen\/#\/schema\/person\/0f0b11c021b39ea29dafea3a21fef662"},"image":{"@id":"https:\/\/www.incurvy.de\/trends-grosse-groessen\/so-kombinierst-du-grosse-groessen-jeans\/#primaryimage"},"thumbnailUrl":"https:\/\/incurvy.co.uk\/wp-content\/uploads\/2017\/11\/Fotolia_arnuphapy.jpg","keywords":["Capri-Jeans gro\u00dfe Gr\u00f6\u00dfen","Damenjeans gro\u00dfe Gr\u00f6\u00dfen","Jeans gro\u00dfe Gr\u00f6\u00dfen","Plus Size Vokuhila Jeans","Vokuhila","Vokuhila-Jeans","Vokuhila-Jeans gro\u00dfe Gr\u00f6\u00dfen"],"articleSection":["Damenmode gro\u00dfe Gr\u00f6\u00dfen","Interessante Themen","Mode Tipps &amp; Tricks","Plus-Size Mode"],"inLanguage":"de","potentialAction":[{"@type":"CommentAction","name":"Comment","target":["https:\/\/www.incurvy.de\/trends-grosse-groessen\/so-kombinierst-du-grosse-groessen-jeans\/#respond"]}]},{"@type":"WebPage","@id":"https:\/\/www.incurvy.de\/trends-grosse-groessen\/so-kombinierst-du-grosse-groessen-jeans\/","url":"https:\/\/www.incurvy.de\/trends-grosse-groessen\/so-kombinierst-du-grosse-groessen-jeans\/","name":"Gro\u00dfe Gr\u00f6\u00dfen Jeans - Jeans gro\u00dfe Gr\u00f6\u00dfen - Jeans \u00dcbergr\u00f6\u00dfe","isPartOf":{"@id":"https:\/\/www.incurvy.de\/trends-grosse-groessen\/#website"},"primaryImageOfPage":{"@id":"https:\/\/www.incurvy.de\/trends-grosse-groessen\/so-kombinierst-du-grosse-groessen-jeans\/#primaryimage"},"image":{"@id":"https:\/\/www.incurvy.de\/trends-grosse-groessen\/so-kombinierst-du-grosse-groessen-jeans\/#primaryimage"},"thumbnailUrl":"https:\/\/incurvy.co.uk\/wp-content\/uploads\/2017\/11\/Fotolia_arnuphapy.jpg","datePublished":"2017-11-18T06:34:22+00:00","dateModified":"2024-03-01T09:17:06+00:00","description":"Die gro\u00dfe Gr\u00f6\u00dfen Jeans Vokuhila endet genau dort in spezieller Art, sodass nicht deine Figur, sondern dein Styling im Vordergrund steht.","breadcrumb":{"@id":"https:\/\/www.incurvy.de\/trends-grosse-groessen\/so-kombinierst-du-grosse-groessen-jeans\/#breadcrumb"},"inLanguage":"de","potentialAction":[{"@type":"ReadAction","target":["https:\/\/www.incurvy.de\/trends-grosse-groessen\/so-kombinierst-du-grosse-groessen-jeans\/"]}]},{"@type":"ImageObject","inLanguage":"de","@id":"https:\/\/www.incurvy.de\/trends-grosse-groessen\/so-kombinierst-du-grosse-groessen-jeans\/#primaryimage","url":"https:\/\/incurvy.co.uk\/wp-content\/uploads\/2017\/11\/Fotolia_arnuphapy.jpg","contentUrl":"https:\/\/incurvy.co.uk\/wp-content\/uploads\/2017\/11\/Fotolia_arnuphapy.jpg","width":844,"height":568,"caption":"Adobestock.com \u00a9 arnuphapy"},{"@type":"BreadcrumbList","@id":"https:\/\/www.incurvy.de\/trends-grosse-groessen\/so-kombinierst-du-grosse-groessen-jeans\/#breadcrumb","itemListElement":[{"@type":"ListItem","position":1,"name":"Home","item":"https:\/\/www.incurvy.de\/trends-grosse-groessen\/"},{"@type":"ListItem","position":2,"name":"So kombinierst du gro\u00dfe Gr\u00f6\u00dfen Jeans"}]},{"@type":"WebSite","@id":"https:\/\/www.incurvy.de\/trends-grosse-groessen\/#website","url":"https:\/\/www.incurvy.de\/trends-grosse-groessen\/","name":"INCURVY Plus-Size Fashion - BLOG","description":"INCURVY Plus-Size Fashion - BLOG","publisher":{"@id":"https:\/\/www.incurvy.de\/trends-grosse-groessen\/#\/schema\/person\/0f0b11c021b39ea29dafea3a21fef662"},"potentialAction":[{"@type":"SearchAction","target":{"@type":"EntryPoint","urlTemplate":"https:\/\/www.incurvy.de\/trends-grosse-groessen\/?s={search_term_string}"},"query-input":{"@type":"PropertyValueSpecification","valueRequired":true,"valueName":"search_term_string"}}],"inLanguage":"de"},{"@type":["Person","Organization"],"@id":"https:\/\/www.incurvy.de\/trends-grosse-groessen\/#\/schema\/person\/0f0b11c021b39ea29dafea3a21fef662","name":"Eleonore","image":{"@type":"ImageObject","inLanguage":"de","@id":"https:\/\/www.incurvy.de\/trends-grosse-groessen\/wp-content\/uploads\/2024\/02\/inCurvyLogoTransparent.png","url":"https:\/\/www.incurvy.de\/trends-grosse-groessen\/wp-content\/uploads\/2024\/02\/inCurvyLogoTransparent.png","contentUrl":"https:\/\/www.incurvy.de\/trends-grosse-groessen\/wp-content\/uploads\/2024\/02\/inCurvyLogoTransparent.png","width":1920,"height":1080,"caption":"Eleonore"},"logo":{"@id":"https:\/\/www.incurvy.de\/trends-grosse-groessen\/wp-content\/uploads\/2024\/02\/inCurvyLogoTransparent.png"}},{"@type":"Person","@id":"https:\/\/www.incurvy.de\/trends-grosse-groessen\/#\/schema\/person\/c24248fcf191ac08a18003a8fb9edbc7","name":"Yvonne","image":{"@type":"ImageObject","inLanguage":"de","@id":"https:\/\/secure.gravatar.com\/avatar\/369c34cc4d37efef17780dc262a53e80ab7cb1c051a17ed889d711d5f94f78f3?s=96&d=mm&r=g","url":"https:\/\/secure.gravatar.com\/avatar\/369c34cc4d37efef17780dc262a53e80ab7cb1c051a17ed889d711d5f94f78f3?s=96&d=mm&r=g","contentUrl":"https:\/\/secure.gravatar.com\/avatar\/369c34cc4d37efef17780dc262a53e80ab7cb1c051a17ed889d711d5f94f78f3?s=96&d=mm&r=g","caption":"Yvonne"},"url":"https:\/\/www.incurvy.de\/trends-grosse-groessen\/author\/yvonne\/"}]}},"_links":{"self":[{"href":"https:\/\/www.incurvy.de\/trends-grosse-groessen\/wp-json\/wp\/v2\/posts\/12331","targetHints":{"allow":["GET"]}}],"collection":[{"href":"https:\/\/www.incurvy.de\/trends-grosse-groessen\/wp-json\/wp\/v2\/posts"}],"about":[{"href":"https:\/\/www.incurvy.de\/trends-grosse-groessen\/wp-json\/wp\/v2\/types\/post"}],"author":[{"embeddable":true,"href":"https:\/\/www.incurvy.de\/trends-grosse-groessen\/wp-json\/wp\/v2\/users\/9"}],"replies":[{"embeddable":true,"href":"https:\/\/www.incurvy.de\/trends-grosse-groessen\/wp-json\/wp\/v2\/comments?post=12331"}],"version-history":[{"count":0,"href":"https:\/\/www.incurvy.de\/trends-grosse-groessen\/wp-json\/wp\/v2\/posts\/12331\/revisions"}],"wp:featuredmedia":[{"embeddable":true,"href":"https:\/\/www.incurvy.de\/trends-grosse-groessen\/wp-json\/wp\/v2\/media\/12336"}],"wp:attachment":[{"href":"https:\/\/www.incurvy.de\/trends-grosse-groessen\/wp-json\/wp\/v2\/media?parent=12331"}],"wp:term":[{"taxonomy":"category","embeddable":true,"href":"https:\/\/www.incurvy.de\/trends-grosse-groessen\/wp-json\/wp\/v2\/categories?post=12331"},{"taxonomy":"post_tag","embeddable":true,"href":"https:\/\/www.incurvy.de\/trends-grosse-groessen\/wp-json\/wp\/v2\/tags?post=12331"}],"curies":[{"name":"wp","href":"https:\/\/api.w.org\/{rel}","templated":true}]}}