{"id":12339,"date":"2017-11-27T18:48:53","date_gmt":"2017-11-27T16:48:53","guid":{"rendered":"http:\/\/www.incurvy.de\/trends-grosse-groessen\/?p=12339"},"modified":"2024-03-01T11:16:26","modified_gmt":"2024-03-01T09:16:26","slug":"karierte-blazer-grosse-groessen-trend","status":"publish","type":"post","link":"https:\/\/www.incurvy.de\/trends-grosse-groessen\/karierte-blazer-grosse-groessen-trend\/","title":{"rendered":"Karierte Blazer gro\u00dfe Gr\u00f6\u00dfen Trend"},"content":{"rendered":"<h2><strong>Karierte Blazer gro\u00dfe Gr\u00f6\u00dfen<\/strong> zeichnen modebewusste Damen als echte Trendsetterinnen aus<\/h2>\n<p style=\"text-align: justify;\">Im goldenen Herbst galten sie schon als das <strong>Trend Must-Have der Saison<\/strong>, doch auch im milden Winter sind sie noch gefragt.<strong> Karierte Blazer gro\u00dfe Gr\u00f6\u00dfen<\/strong> zeichnen modebewusste Damen als echte Trendsetterinnen aus. Du kannst sie mit entsprechenden Accessoires und w\u00e4rmenden Kombinationen auch im Winter tragen, wenn es drau\u00dfen kalt und ungem\u00fctlich ist.<\/p>\n<h2 style=\"text-align: justify;\">Kleinkariert ist angesagt<\/h2>\n<p style=\"text-align: justify;\">Wer h\u00e4tte mal gedacht, dass kleinkariert so angesagt sein kann. Das Wort selbst ist eher negativ behaftet. Es meint die nervige Eigenschaft, immer haargenau auf Kleinigkeiten zu achten. Modisch betrachtet war kleinkariert auch nicht wirklich der Renner \u2013 der Gedanke an spie\u00dfige und langweilige Menschen erscheint direkt im Kopf, wenn ich an karierte Blazer denke. Doch in dieser Saison gab es eine Trendwende, denn <strong>kleinkariert sind die aktuellen Trend-Blazer 2017\/2018<\/strong>.<\/p>\n<p style=\"text-align: justify;\">Die Plus Size Blazer \u00fcberzeugen mit einer Vielfalt unterschiedlicher Karos, die meist klein designt sind. Auch sind die Kontraste nicht stark ausgepr\u00e4gt, sodass die unaufdringlichen Jacken perfekt kombiniert werden k\u00f6nnen. Gerne pr\u00e4sentiere ich dir meine liebsten Outfits f\u00fcr einen milden Winter:<\/p>\n<ul style=\"text-align: justify;\">\n<li><strong>Klassischer Look<\/strong>: Ein karierter Blazer gro\u00dfe Gr\u00f6\u00dfen wird mit einem wei\u00dfen <a href=\"https:\/\/www.incurvy.de\/damenmode\/pullover\/\" target=\"_blank\" rel=\"noopener\">XXL Pullover<\/a> und einer Slim-Jeans sowie Stiefeln getragen. Mit einem sehr langen, kuscheligen Schal h\u00e4ltst du die K\u00e4lte ab.<\/li>\n<\/ul>\n<ul style=\"text-align: justify;\">\n<li><strong>Winterlicher Zwiebellook:<\/strong> Unter dem \u00dcbergr\u00f6\u00dfen Blazer tr\u00e4gst du ein neutrales Shirt und eine entspannte Boyfriend-Jeans gro\u00dfe Gr\u00f6\u00dfen. Gegen sehr kalte Temperaturen hilft ein l\u00e4ssiger Parka, der zum eleganten Blazer einen idealen Kontrast darstellt.<\/li>\n<\/ul>\n<ul style=\"text-align: justify;\">\n<li><strong>Cooler Business-Style:<\/strong> Ein schwarzer Rock gro\u00dfe Gr\u00f6\u00dfen oder eine schwarze Stoffhose werden mit einer schwarzen oder wei\u00dfen Bluse mit V-Ausschnitt getragen. Den karierten Blazer tr\u00e4gst du statt der Anzugjacke und kombinierst auch noch ein farblich passendes Tuch dazu.<\/li>\n<\/ul>\n<ul style=\"text-align: justify;\">\n<li><strong>Rock-Chic:<\/strong> Deine schwarze Jeans wird mit kernigen Boots kombiniert. Dazu tr\u00e4gst du ein Statement-Shirt oder ein Top. Dar\u00fcber ziehst du einen bequemen Hoodie oder eine Zip-Jacke gro\u00dfe Gr\u00f6\u00dfen. Diese sollte farblich zu den Karos deines Blazers passen, die dar\u00fcber getragen wird.<\/li>\n<\/ul>\n<h2 style=\"text-align: justify;\">Karierte Blazer gro\u00dfe Gr\u00f6\u00dfen: Vielseitigkeit ist seine St\u00e4rke<\/h2>\n<p style=\"text-align: justify;\">\u00dcber diesen aktuellen Trend freue ich mich besonders, weil ich der Meinung bin, dass ein Blazer zur Standardausstattung im gut sortierten Kleiderschrank geh\u00f6rt. Diese Jacke kleidet dich immer gut, versteckt gut P\u00f6lsterchen und kann ganz vielseitig wirken.<\/p>\n<p style=\"text-align: justify;\">Ein karierter Blazer kann entspannt in der Freizeit getragen werden, wenn du die restliche Kleidung entsprechend w\u00e4hlst. Am besten setzt du Kontraste zum eleganten Schnitt des Blazers ein wie beispielsweise eine zerrissene Jeans, Sneakers oder coole Ohrringe. Den gleichen Blazer kannst du auch im Job tragen, wenn du Pumps w\u00e4hlst und hochwertige Hosen und Oberteile.<\/p>\n<p style=\"text-align: justify;\">Wichtig ist, dass du den karierten Blazer immer in der richtigen Gr\u00f6\u00dfe w\u00e4hlst. Er sollte lieber etwas zu weit als zu eng sitzen, damit du auch im Winter gen\u00fcgend Platz f\u00fcr warme Pullover hast.<br \/>\n<a href=\"https:\/\/www.incurvy.de\/damenmode\/blazer\/\" target=\"_blank\" rel=\"noopener\">Gro\u00dfe Gr\u00f6\u00dfen Blazer findest du auf incurvy<\/a>!<\/p>\n<p>Sheego.de \u00a9 sheego<\/p>\n<p>&nbsp;<\/p>\n","protected":false},"excerpt":{"rendered":"<p>Karierte Blazer gro\u00dfe Gr\u00f6\u00dfen zeichnen modebewusste Damen als echte Trendsetterinnen aus Im goldenen Herbst galten sie schon als das Trend Must-Have der&hellip;<\/p>\n","protected":false},"author":9,"featured_media":15019,"comment_status":"open","ping_status":"open","sticky":false,"template":"","format":"standard","meta":{"footnotes":""},"categories":[9,2,5,1],"tags":[2116,875,2118,2113,2117,2115,2114],"class_list":["post-12339","post","type-post","status-publish","format-standard","has-post-thumbnail","hentry","category-damenmode-grosse-groessen","category-interessante-blog-themen","category-mode-tipps-tricks","category-kategorie-plus-size-mode","tag-blazer-grosse-groessen","tag-grosse-groessen-blazer","tag-kariert","tag-karierte-blazer","tag-kleinkariert","tag-plus-size-blazer","tag-trend-must-have"],"yoast_head":"<!-- This site is optimized with the Yoast SEO plugin v27.5 - https:\/\/yoast.com\/product\/yoast-seo-wordpress\/ -->\n<title>Blazer gro\u00dfe Gr\u00f6\u00dfen - xxl Blazer - Blazer \u00dcbergr\u00f6\u00dfe<\/title>\n<meta name=\"description\" content=\"Im Herbst galten sie als das Trend Must-Have der Saison, doch auch im milden Winter sind sie noch gefragt: Blazer gro\u00dfe Gr\u00f6\u00dfen entdecken!\" \/>\n<meta name=\"robots\" content=\"index, follow, max-snippet:-1, max-image-preview:large, max-video-preview:-1\" \/>\n<link rel=\"canonical\" href=\"https:\/\/www.incurvy.de\/trends-grosse-groessen\/karierte-blazer-grosse-groessen-trend\/\" \/>\n<meta property=\"og:locale\" content=\"de_DE\" \/>\n<meta property=\"og:type\" content=\"article\" \/>\n<meta property=\"og:title\" content=\"Blazer gro\u00dfe Gr\u00f6\u00dfen - xxl Blazer - Blazer \u00dcbergr\u00f6\u00dfe\" \/>\n<meta property=\"og:description\" content=\"Im Herbst galten sie als das Trend Must-Have der Saison, doch auch im milden Winter sind sie noch gefragt: Blazer gro\u00dfe Gr\u00f6\u00dfen entdecken!\" \/>\n<meta property=\"og:url\" content=\"https:\/\/www.incurvy.de\/trends-grosse-groessen\/karierte-blazer-grosse-groessen-trend\/\" \/>\n<meta property=\"og:site_name\" content=\"INCURVY Plus-Size Fashion - BLOG\" \/>\n<meta property=\"article:published_time\" content=\"2017-11-27T16:48:53+00:00\" \/>\n<meta property=\"article:modified_time\" content=\"2024-03-01T09:16:26+00:00\" \/>\n<meta property=\"og:image\" content=\"https:\/\/incurvy.co.uk\/wp-content\/uploads\/2017\/11\/14172400211-04DI2-07-SH-scaled.jpg\" \/>\n\t<meta property=\"og:image:width\" content=\"1920\" \/>\n\t<meta property=\"og:image:height\" content=\"1280\" \/>\n\t<meta property=\"og:image:type\" content=\"image\/jpeg\" \/>\n<meta name=\"author\" content=\"Yvonne\" \/>\n<meta name=\"twitter:card\" content=\"summary_large_image\" \/>\n<meta name=\"twitter:label1\" content=\"Verfasst von\" \/>\n\t<meta name=\"twitter:data1\" content=\"Yvonne\" \/>\n\t<meta name=\"twitter:label2\" content=\"Gesch\u00e4tzte Lesezeit\" \/>\n\t<meta name=\"twitter:data2\" content=\"3\u00a0Minuten\" \/>\n<script type=\"application\/ld+json\" class=\"yoast-schema-graph\">{\"@context\":\"https:\\\/\\\/schema.org\",\"@graph\":[{\"@type\":\"Article\",\"@id\":\"https:\\\/\\\/www.incurvy.de\\\/trends-grosse-groessen\\\/karierte-blazer-grosse-groessen-trend\\\/#article\",\"isPartOf\":{\"@id\":\"https:\\\/\\\/www.incurvy.de\\\/trends-grosse-groessen\\\/karierte-blazer-grosse-groessen-trend\\\/\"},\"author\":{\"name\":\"Yvonne\",\"@id\":\"https:\\\/\\\/www.incurvy.de\\\/trends-grosse-groessen\\\/#\\\/schema\\\/person\\\/c24248fcf191ac08a18003a8fb9edbc7\"},\"headline\":\"Karierte Blazer gro\u00dfe Gr\u00f6\u00dfen Trend\",\"datePublished\":\"2017-11-27T16:48:53+00:00\",\"dateModified\":\"2024-03-01T09:16:26+00:00\",\"mainEntityOfPage\":{\"@id\":\"https:\\\/\\\/www.incurvy.de\\\/trends-grosse-groessen\\\/karierte-blazer-grosse-groessen-trend\\\/\"},\"wordCount\":514,\"commentCount\":0,\"publisher\":{\"@id\":\"https:\\\/\\\/www.incurvy.de\\\/trends-grosse-groessen\\\/#\\\/schema\\\/person\\\/0f0b11c021b39ea29dafea3a21fef662\"},\"image\":{\"@id\":\"https:\\\/\\\/www.incurvy.de\\\/trends-grosse-groessen\\\/karierte-blazer-grosse-groessen-trend\\\/#primaryimage\"},\"thumbnailUrl\":\"https:\\\/\\\/incurvy.co.uk\\\/wp-content\\\/uploads\\\/2017\\\/11\\\/14172400211-04DI2-07-SH-scaled.jpg\",\"keywords\":[\"Blazer gro\u00dfe Gr\u00f6\u00dfen\",\"gro\u00dfe Gr\u00f6\u00dfen Blazer\",\"kariert\",\"Karierte Blazer\",\"kleinkariert\",\"Plus Size Blazer\",\"Trend Must-Have\"],\"articleSection\":[\"Damenmode gro\u00dfe Gr\u00f6\u00dfen\",\"Interessante Themen\",\"Mode Tipps &amp; Tricks\",\"Plus-Size Mode\"],\"inLanguage\":\"de\",\"potentialAction\":[{\"@type\":\"CommentAction\",\"name\":\"Comment\",\"target\":[\"https:\\\/\\\/www.incurvy.de\\\/trends-grosse-groessen\\\/karierte-blazer-grosse-groessen-trend\\\/#respond\"]}]},{\"@type\":\"WebPage\",\"@id\":\"https:\\\/\\\/www.incurvy.de\\\/trends-grosse-groessen\\\/karierte-blazer-grosse-groessen-trend\\\/\",\"url\":\"https:\\\/\\\/www.incurvy.de\\\/trends-grosse-groessen\\\/karierte-blazer-grosse-groessen-trend\\\/\",\"name\":\"Blazer gro\u00dfe Gr\u00f6\u00dfen - xxl Blazer - Blazer \u00dcbergr\u00f6\u00dfe\",\"isPartOf\":{\"@id\":\"https:\\\/\\\/www.incurvy.de\\\/trends-grosse-groessen\\\/#website\"},\"primaryImageOfPage\":{\"@id\":\"https:\\\/\\\/www.incurvy.de\\\/trends-grosse-groessen\\\/karierte-blazer-grosse-groessen-trend\\\/#primaryimage\"},\"image\":{\"@id\":\"https:\\\/\\\/www.incurvy.de\\\/trends-grosse-groessen\\\/karierte-blazer-grosse-groessen-trend\\\/#primaryimage\"},\"thumbnailUrl\":\"https:\\\/\\\/incurvy.co.uk\\\/wp-content\\\/uploads\\\/2017\\\/11\\\/14172400211-04DI2-07-SH-scaled.jpg\",\"datePublished\":\"2017-11-27T16:48:53+00:00\",\"dateModified\":\"2024-03-01T09:16:26+00:00\",\"description\":\"Im Herbst galten sie als das Trend Must-Have der Saison, doch auch im milden Winter sind sie noch gefragt: Blazer gro\u00dfe Gr\u00f6\u00dfen entdecken!\",\"breadcrumb\":{\"@id\":\"https:\\\/\\\/www.incurvy.de\\\/trends-grosse-groessen\\\/karierte-blazer-grosse-groessen-trend\\\/#breadcrumb\"},\"inLanguage\":\"de\",\"potentialAction\":[{\"@type\":\"ReadAction\",\"target\":[\"https:\\\/\\\/www.incurvy.de\\\/trends-grosse-groessen\\\/karierte-blazer-grosse-groessen-trend\\\/\"]}]},{\"@type\":\"ImageObject\",\"inLanguage\":\"de\",\"@id\":\"https:\\\/\\\/www.incurvy.de\\\/trends-grosse-groessen\\\/karierte-blazer-grosse-groessen-trend\\\/#primaryimage\",\"url\":\"https:\\\/\\\/incurvy.co.uk\\\/wp-content\\\/uploads\\\/2017\\\/11\\\/14172400211-04DI2-07-SH-scaled.jpg\",\"contentUrl\":\"https:\\\/\\\/incurvy.co.uk\\\/wp-content\\\/uploads\\\/2017\\\/11\\\/14172400211-04DI2-07-SH-scaled.jpg\",\"width\":1920,\"height\":1280,\"caption\":\"Sheego.de \u00a9 sheego\"},{\"@type\":\"BreadcrumbList\",\"@id\":\"https:\\\/\\\/www.incurvy.de\\\/trends-grosse-groessen\\\/karierte-blazer-grosse-groessen-trend\\\/#breadcrumb\",\"itemListElement\":[{\"@type\":\"ListItem\",\"position\":1,\"name\":\"Home\",\"item\":\"https:\\\/\\\/www.incurvy.de\\\/trends-grosse-groessen\\\/\"},{\"@type\":\"ListItem\",\"position\":2,\"name\":\"Karierte Blazer gro\u00dfe Gr\u00f6\u00dfen Trend\"}]},{\"@type\":\"WebSite\",\"@id\":\"https:\\\/\\\/www.incurvy.de\\\/trends-grosse-groessen\\\/#website\",\"url\":\"https:\\\/\\\/www.incurvy.de\\\/trends-grosse-groessen\\\/\",\"name\":\"INCURVY Plus-Size Fashion - BLOG\",\"description\":\"INCURVY Plus-Size Fashion - BLOG\",\"publisher\":{\"@id\":\"https:\\\/\\\/www.incurvy.de\\\/trends-grosse-groessen\\\/#\\\/schema\\\/person\\\/0f0b11c021b39ea29dafea3a21fef662\"},\"potentialAction\":[{\"@type\":\"SearchAction\",\"target\":{\"@type\":\"EntryPoint\",\"urlTemplate\":\"https:\\\/\\\/www.incurvy.de\\\/trends-grosse-groessen\\\/?s={search_term_string}\"},\"query-input\":{\"@type\":\"PropertyValueSpecification\",\"valueRequired\":true,\"valueName\":\"search_term_string\"}}],\"inLanguage\":\"de\"},{\"@type\":[\"Person\",\"Organization\"],\"@id\":\"https:\\\/\\\/www.incurvy.de\\\/trends-grosse-groessen\\\/#\\\/schema\\\/person\\\/0f0b11c021b39ea29dafea3a21fef662\",\"name\":\"Eleonore\",\"image\":{\"@type\":\"ImageObject\",\"inLanguage\":\"de\",\"@id\":\"https:\\\/\\\/www.incurvy.de\\\/trends-grosse-groessen\\\/wp-content\\\/uploads\\\/2024\\\/02\\\/inCurvyLogoTransparent.png\",\"url\":\"https:\\\/\\\/www.incurvy.de\\\/trends-grosse-groessen\\\/wp-content\\\/uploads\\\/2024\\\/02\\\/inCurvyLogoTransparent.png\",\"contentUrl\":\"https:\\\/\\\/www.incurvy.de\\\/trends-grosse-groessen\\\/wp-content\\\/uploads\\\/2024\\\/02\\\/inCurvyLogoTransparent.png\",\"width\":1920,\"height\":1080,\"caption\":\"Eleonore\"},\"logo\":{\"@id\":\"https:\\\/\\\/www.incurvy.de\\\/trends-grosse-groessen\\\/wp-content\\\/uploads\\\/2024\\\/02\\\/inCurvyLogoTransparent.png\"}},{\"@type\":\"Person\",\"@id\":\"https:\\\/\\\/www.incurvy.de\\\/trends-grosse-groessen\\\/#\\\/schema\\\/person\\\/c24248fcf191ac08a18003a8fb9edbc7\",\"name\":\"Yvonne\",\"image\":{\"@type\":\"ImageObject\",\"inLanguage\":\"de\",\"@id\":\"https:\\\/\\\/secure.gravatar.com\\\/avatar\\\/369c34cc4d37efef17780dc262a53e80ab7cb1c051a17ed889d711d5f94f78f3?s=96&d=mm&r=g\",\"url\":\"https:\\\/\\\/secure.gravatar.com\\\/avatar\\\/369c34cc4d37efef17780dc262a53e80ab7cb1c051a17ed889d711d5f94f78f3?s=96&d=mm&r=g\",\"contentUrl\":\"https:\\\/\\\/secure.gravatar.com\\\/avatar\\\/369c34cc4d37efef17780dc262a53e80ab7cb1c051a17ed889d711d5f94f78f3?s=96&d=mm&r=g\",\"caption\":\"Yvonne\"},\"url\":\"https:\\\/\\\/www.incurvy.de\\\/trends-grosse-groessen\\\/author\\\/yvonne\\\/\"}]}<\/script>\n<!-- \/ Yoast SEO plugin. -->","yoast_head_json":{"title":"Blazer gro\u00dfe Gr\u00f6\u00dfen - xxl Blazer - Blazer \u00dcbergr\u00f6\u00dfe","description":"Im Herbst galten sie als das Trend Must-Have der Saison, doch auch im milden Winter sind sie noch gefragt: Blazer gro\u00dfe Gr\u00f6\u00dfen entdecken!","robots":{"index":"index","follow":"follow","max-snippet":"max-snippet:-1","max-image-preview":"max-image-preview:large","max-video-preview":"max-video-preview:-1"},"canonical":"https:\/\/www.incurvy.de\/trends-grosse-groessen\/karierte-blazer-grosse-groessen-trend\/","og_locale":"de_DE","og_type":"article","og_title":"Blazer gro\u00dfe Gr\u00f6\u00dfen - xxl Blazer - Blazer \u00dcbergr\u00f6\u00dfe","og_description":"Im Herbst galten sie als das Trend Must-Have der Saison, doch auch im milden Winter sind sie noch gefragt: Blazer gro\u00dfe Gr\u00f6\u00dfen entdecken!","og_url":"https:\/\/www.incurvy.de\/trends-grosse-groessen\/karierte-blazer-grosse-groessen-trend\/","og_site_name":"INCURVY Plus-Size Fashion - BLOG","article_published_time":"2017-11-27T16:48:53+00:00","article_modified_time":"2024-03-01T09:16:26+00:00","og_image":[{"width":1920,"height":1280,"url":"https:\/\/incurvy.co.uk\/wp-content\/uploads\/2017\/11\/14172400211-04DI2-07-SH-scaled.jpg","type":"image\/jpeg"}],"author":"Yvonne","twitter_card":"summary_large_image","twitter_misc":{"Verfasst von":"Yvonne","Gesch\u00e4tzte Lesezeit":"3\u00a0Minuten"},"schema":{"@context":"https:\/\/schema.org","@graph":[{"@type":"Article","@id":"https:\/\/www.incurvy.de\/trends-grosse-groessen\/karierte-blazer-grosse-groessen-trend\/#article","isPartOf":{"@id":"https:\/\/www.incurvy.de\/trends-grosse-groessen\/karierte-blazer-grosse-groessen-trend\/"},"author":{"name":"Yvonne","@id":"https:\/\/www.incurvy.de\/trends-grosse-groessen\/#\/schema\/person\/c24248fcf191ac08a18003a8fb9edbc7"},"headline":"Karierte Blazer gro\u00dfe Gr\u00f6\u00dfen Trend","datePublished":"2017-11-27T16:48:53+00:00","dateModified":"2024-03-01T09:16:26+00:00","mainEntityOfPage":{"@id":"https:\/\/www.incurvy.de\/trends-grosse-groessen\/karierte-blazer-grosse-groessen-trend\/"},"wordCount":514,"commentCount":0,"publisher":{"@id":"https:\/\/www.incurvy.de\/trends-grosse-groessen\/#\/schema\/person\/0f0b11c021b39ea29dafea3a21fef662"},"image":{"@id":"https:\/\/www.incurvy.de\/trends-grosse-groessen\/karierte-blazer-grosse-groessen-trend\/#primaryimage"},"thumbnailUrl":"https:\/\/incurvy.co.uk\/wp-content\/uploads\/2017\/11\/14172400211-04DI2-07-SH-scaled.jpg","keywords":["Blazer gro\u00dfe Gr\u00f6\u00dfen","gro\u00dfe Gr\u00f6\u00dfen Blazer","kariert","Karierte Blazer","kleinkariert","Plus Size Blazer","Trend Must-Have"],"articleSection":["Damenmode gro\u00dfe Gr\u00f6\u00dfen","Interessante Themen","Mode Tipps &amp; Tricks","Plus-Size Mode"],"inLanguage":"de","potentialAction":[{"@type":"CommentAction","name":"Comment","target":["https:\/\/www.incurvy.de\/trends-grosse-groessen\/karierte-blazer-grosse-groessen-trend\/#respond"]}]},{"@type":"WebPage","@id":"https:\/\/www.incurvy.de\/trends-grosse-groessen\/karierte-blazer-grosse-groessen-trend\/","url":"https:\/\/www.incurvy.de\/trends-grosse-groessen\/karierte-blazer-grosse-groessen-trend\/","name":"Blazer gro\u00dfe Gr\u00f6\u00dfen - xxl Blazer - Blazer \u00dcbergr\u00f6\u00dfe","isPartOf":{"@id":"https:\/\/www.incurvy.de\/trends-grosse-groessen\/#website"},"primaryImageOfPage":{"@id":"https:\/\/www.incurvy.de\/trends-grosse-groessen\/karierte-blazer-grosse-groessen-trend\/#primaryimage"},"image":{"@id":"https:\/\/www.incurvy.de\/trends-grosse-groessen\/karierte-blazer-grosse-groessen-trend\/#primaryimage"},"thumbnailUrl":"https:\/\/incurvy.co.uk\/wp-content\/uploads\/2017\/11\/14172400211-04DI2-07-SH-scaled.jpg","datePublished":"2017-11-27T16:48:53+00:00","dateModified":"2024-03-01T09:16:26+00:00","description":"Im Herbst galten sie als das Trend Must-Have der Saison, doch auch im milden Winter sind sie noch gefragt: Blazer gro\u00dfe Gr\u00f6\u00dfen entdecken!","breadcrumb":{"@id":"https:\/\/www.incurvy.de\/trends-grosse-groessen\/karierte-blazer-grosse-groessen-trend\/#breadcrumb"},"inLanguage":"de","potentialAction":[{"@type":"ReadAction","target":["https:\/\/www.incurvy.de\/trends-grosse-groessen\/karierte-blazer-grosse-groessen-trend\/"]}]},{"@type":"ImageObject","inLanguage":"de","@id":"https:\/\/www.incurvy.de\/trends-grosse-groessen\/karierte-blazer-grosse-groessen-trend\/#primaryimage","url":"https:\/\/incurvy.co.uk\/wp-content\/uploads\/2017\/11\/14172400211-04DI2-07-SH-scaled.jpg","contentUrl":"https:\/\/incurvy.co.uk\/wp-content\/uploads\/2017\/11\/14172400211-04DI2-07-SH-scaled.jpg","width":1920,"height":1280,"caption":"Sheego.de \u00a9 sheego"},{"@type":"BreadcrumbList","@id":"https:\/\/www.incurvy.de\/trends-grosse-groessen\/karierte-blazer-grosse-groessen-trend\/#breadcrumb","itemListElement":[{"@type":"ListItem","position":1,"name":"Home","item":"https:\/\/www.incurvy.de\/trends-grosse-groessen\/"},{"@type":"ListItem","position":2,"name":"Karierte Blazer gro\u00dfe Gr\u00f6\u00dfen Trend"}]},{"@type":"WebSite","@id":"https:\/\/www.incurvy.de\/trends-grosse-groessen\/#website","url":"https:\/\/www.incurvy.de\/trends-grosse-groessen\/","name":"INCURVY Plus-Size Fashion - BLOG","description":"INCURVY Plus-Size Fashion - BLOG","publisher":{"@id":"https:\/\/www.incurvy.de\/trends-grosse-groessen\/#\/schema\/person\/0f0b11c021b39ea29dafea3a21fef662"},"potentialAction":[{"@type":"SearchAction","target":{"@type":"EntryPoint","urlTemplate":"https:\/\/www.incurvy.de\/trends-grosse-groessen\/?s={search_term_string}"},"query-input":{"@type":"PropertyValueSpecification","valueRequired":true,"valueName":"search_term_string"}}],"inLanguage":"de"},{"@type":["Person","Organization"],"@id":"https:\/\/www.incurvy.de\/trends-grosse-groessen\/#\/schema\/person\/0f0b11c021b39ea29dafea3a21fef662","name":"Eleonore","image":{"@type":"ImageObject","inLanguage":"de","@id":"https:\/\/www.incurvy.de\/trends-grosse-groessen\/wp-content\/uploads\/2024\/02\/inCurvyLogoTransparent.png","url":"https:\/\/www.incurvy.de\/trends-grosse-groessen\/wp-content\/uploads\/2024\/02\/inCurvyLogoTransparent.png","contentUrl":"https:\/\/www.incurvy.de\/trends-grosse-groessen\/wp-content\/uploads\/2024\/02\/inCurvyLogoTransparent.png","width":1920,"height":1080,"caption":"Eleonore"},"logo":{"@id":"https:\/\/www.incurvy.de\/trends-grosse-groessen\/wp-content\/uploads\/2024\/02\/inCurvyLogoTransparent.png"}},{"@type":"Person","@id":"https:\/\/www.incurvy.de\/trends-grosse-groessen\/#\/schema\/person\/c24248fcf191ac08a18003a8fb9edbc7","name":"Yvonne","image":{"@type":"ImageObject","inLanguage":"de","@id":"https:\/\/secure.gravatar.com\/avatar\/369c34cc4d37efef17780dc262a53e80ab7cb1c051a17ed889d711d5f94f78f3?s=96&d=mm&r=g","url":"https:\/\/secure.gravatar.com\/avatar\/369c34cc4d37efef17780dc262a53e80ab7cb1c051a17ed889d711d5f94f78f3?s=96&d=mm&r=g","contentUrl":"https:\/\/secure.gravatar.com\/avatar\/369c34cc4d37efef17780dc262a53e80ab7cb1c051a17ed889d711d5f94f78f3?s=96&d=mm&r=g","caption":"Yvonne"},"url":"https:\/\/www.incurvy.de\/trends-grosse-groessen\/author\/yvonne\/"}]}},"_links":{"self":[{"href":"https:\/\/www.incurvy.de\/trends-grosse-groessen\/wp-json\/wp\/v2\/posts\/12339","targetHints":{"allow":["GET"]}}],"collection":[{"href":"https:\/\/www.incurvy.de\/trends-grosse-groessen\/wp-json\/wp\/v2\/posts"}],"about":[{"href":"https:\/\/www.incurvy.de\/trends-grosse-groessen\/wp-json\/wp\/v2\/types\/post"}],"author":[{"embeddable":true,"href":"https:\/\/www.incurvy.de\/trends-grosse-groessen\/wp-json\/wp\/v2\/users\/9"}],"replies":[{"embeddable":true,"href":"https:\/\/www.incurvy.de\/trends-grosse-groessen\/wp-json\/wp\/v2\/comments?post=12339"}],"version-history":[{"count":0,"href":"https:\/\/www.incurvy.de\/trends-grosse-groessen\/wp-json\/wp\/v2\/posts\/12339\/revisions"}],"wp:featuredmedia":[{"embeddable":true,"href":"https:\/\/www.incurvy.de\/trends-grosse-groessen\/wp-json\/wp\/v2\/media\/15019"}],"wp:attachment":[{"href":"https:\/\/www.incurvy.de\/trends-grosse-groessen\/wp-json\/wp\/v2\/media?parent=12339"}],"wp:term":[{"taxonomy":"category","embeddable":true,"href":"https:\/\/www.incurvy.de\/trends-grosse-groessen\/wp-json\/wp\/v2\/categories?post=12339"},{"taxonomy":"post_tag","embeddable":true,"href":"https:\/\/www.incurvy.de\/trends-grosse-groessen\/wp-json\/wp\/v2\/tags?post=12339"}],"curies":[{"name":"wp","href":"https:\/\/api.w.org\/{rel}","templated":true}]}}