{"id":15507,"date":"2023-09-18T14:44:17","date_gmt":"2023-09-18T12:44:17","guid":{"rendered":"https:\/\/www.incurvy.de\/trends-grosse-groessen\/?p=15507"},"modified":"2023-09-18T14:45:04","modified_gmt":"2023-09-18T12:45:04","slug":"winterjacken-grosse-groessen-die-trends-der-saison","status":"publish","type":"post","link":"https:\/\/www.incurvy.de\/trends-grosse-groessen\/winterjacken-grosse-groessen-die-trends-der-saison\/","title":{"rendered":"Winterjacken gro\u00dfe Gr\u00f6\u00dfen \u2013 die Trends der Saison"},"content":{"rendered":"<h2>Winterjacken gro\u00dfe Gr\u00f6\u00dfen \u2013 die Trends der Saison<\/h2>\n<p>Diese Tage weht uns ein eisiger Wind um die Nase. Mit Spannung erwarten wir vielleicht schon die ersten Schneeflocken. Da reicht eine \u00dcbergangsjacke nicht mehr. Zeit f\u00fcr Winterjacken gro\u00dfe Gr\u00f6\u00dfen. Warm. Stylisch. Attraktiv f\u00fcr kurvige Frauen.<\/p>\n<h2>Von A wie Azurblau bis S wie Senfgelb<\/h2>\n<p>Tiefschwarz, Rostrot und Azurblau \u2013 das sind nur einige der Trendfarben der gro\u00dfen Designer f\u00fcr die \u00a0Herbst-\/Winterkollektion. Neben der Lieblingsfarbe Schwarz, die in keiner Kollektion fehlen darf, wird es diesen Winter bunt auf deutschen Stra\u00dfen. Sommer- und Wintertypen, denen kalte Farben sehr gut stehen, liegen mit gro\u00dfe Gr\u00f6\u00dfen M\u00e4nteln in Azurblau voll im Trend. Auch <a href=\"https:\/\/www.incurvy.de\/trends-grosse-groessen\/mantel-mania-ueberlange-maentel-grosse-groessen\/\" target=\"_blank\" rel=\"noopener\">M\u00e4ntel in \u00dcberl\u00e4nge<\/a> schmeicheln Deiner weiblichen Figur.<\/p>\n<p>Die Palette der Rott\u00f6ne reicht von Scharlachrot bis Bordeaux, am besten in Kombination miteinander. Schlammt\u00f6ne und Sandfarben haben ebenfalls Saison. Sie lassen sich herrlich mit gebrochenem Wei\u00df oder Gold kombinieren. Dadurch werden die Winterjacken gro\u00dfe Gr\u00f6\u00dfen zum echten Eyecatcher!<\/p>\n<h2>Welche Winterjacken gro\u00dfe Gr\u00f6\u00dfen passen zu meinem Figurtyp?<\/h2>\n<p>In Sachen Accessoires erleben Tailleng\u00fcrtel ein Revival. Wenn sie eher schmal gehalten sind, schmiegen sie sich wunderbar an die Silhouette von X-Typen. Die breiteren Varianten betonen den H-Typ vorteilhaft. Mit diesen Abk\u00fcrzungen werden <a href=\"https:\/\/www.incurvy.de\/figurtypen\/\" target=\"_blank\" rel=\"noopener\">Figurtypen<\/a> beschrieben, die sich am Verh\u00e4ltnis zwischen Schulter, Taille und H\u00fcfte orientieren. So geh\u00f6rt beispielsweise eine Frau mit einer etwa gleich breiten Schulter- und H\u00fcftpartie und einer schmalen Taille zum X-Typ. Der A-Typ zeichnet sich durch schmale Schultern und ein breites Becken aus. F\u00fcr jeden der f\u00fcnf Typen gibt es passende Winterjacken in Plus Size, die die weiblichen Formen ideal unterstreichen.<\/p>\n<p>Wenn du zum V-Typ geh\u00f6rst, betonst du mit A-linienf\u00f6rmigen Outdoorjacken oder Wollm\u00e4nteln wunderbar deine schlanken Beine. Kapuzenjacken sind dagegen ein absolutes No-Go. Bist du eher ein A-Typ, dann sei mutig und trage gemusterte Jacken mit auff\u00e4lligen Kragen. X-Typen k\u00f6nnen mit kurzen Daunenjacken und flie\u00dfenden Stoffen einerseits ihre schmale Taille, andererseits ihre molligen Rundungen unterstreichen. O-Typen profitieren bei den stylischen Winterjacken von geraden Schnitten, die die K\u00f6rpermitte kaschieren. Der n\u00e4chste romantische Spaziergang durch den Schnee oder \u00fcber den Weihnachtsmarkt mit dem oder der Liebsten kann kommen. Denn du hast es warm und bist trendy.<\/p>\n<p>Shoppe eine gro\u00dfe Auswahl an Winterjacken f\u00fcr mollige Frauen hier:\u00a0<a href=\"https:\/\/www.incurvy.de\/damenmode\/jacken\/\" target=\"_blank\" rel=\"noopener\">https:\/\/www.incurvy.de\/damenmode\/jacken\/<\/a><\/p>\n<p>Bild Quelle: \u00a9 istock.com\/PeopleImages<\/p>\n","protected":false},"excerpt":{"rendered":"<p>Winterjacken gro\u00dfe Gr\u00f6\u00dfen \u2013 die Trends der Saison Diese Tage weht uns ein eisiger Wind um die Nase. Mit Spannung erwarten wir&hellip;<\/p>\n","protected":false},"author":1,"featured_media":8619,"comment_status":"open","ping_status":"open","sticky":false,"template":"","format":"standard","meta":{"footnotes":""},"categories":[9,2,1,8],"tags":[1115,2472,2400,1116,1112],"class_list":["post-15507","post","type-post","status-publish","format-standard","has-post-thumbnail","hentry","category-damenmode-grosse-groessen","category-interessante-blog-themen","category-kategorie-plus-size-mode","category-plus-size-news","tag-daunenjacken","tag-jacken-trends-xxl","tag-mode-fuer-mollige-frauen","tag-winterjacken-grosse-groessen","tag-winterjacken-in-plus-size"],"yoast_head":"<!-- This site is optimized with the Yoast SEO plugin v27.5 - https:\/\/yoast.com\/product\/yoast-seo-wordpress\/ -->\n<title>Winterjacken gro\u00dfe Gr\u00f6\u00dfen - Jacken in \u00dcbergr\u00f6\u00dfen<\/title>\n<meta name=\"description\" content=\"Diese Tage weht uns ein eisiger Wind um die Nase. Da reicht eine \u00dcbergangsjacke nicht mehr. Zeit f\u00fcr Winterjacken gro\u00dfe Gr\u00f6\u00dfen.\" \/>\n<meta name=\"robots\" content=\"index, follow, max-snippet:-1, max-image-preview:large, max-video-preview:-1\" \/>\n<link rel=\"canonical\" href=\"https:\/\/www.incurvy.de\/trends-grosse-groessen\/winterjacken-grosse-groessen-die-trends-der-saison\/\" \/>\n<meta property=\"og:locale\" content=\"de_DE\" \/>\n<meta property=\"og:type\" content=\"article\" \/>\n<meta property=\"og:title\" content=\"Winterjacken gro\u00dfe Gr\u00f6\u00dfen - Jacken in \u00dcbergr\u00f6\u00dfen\" \/>\n<meta property=\"og:description\" content=\"Diese Tage weht uns ein eisiger Wind um die Nase. Da reicht eine \u00dcbergangsjacke nicht mehr. Zeit f\u00fcr Winterjacken gro\u00dfe Gr\u00f6\u00dfen.\" \/>\n<meta property=\"og:url\" content=\"https:\/\/www.incurvy.de\/trends-grosse-groessen\/winterjacken-grosse-groessen-die-trends-der-saison\/\" \/>\n<meta property=\"og:site_name\" content=\"INCURVY Plus-Size Fashion - BLOG\" \/>\n<meta property=\"article:published_time\" content=\"2023-09-18T12:44:17+00:00\" \/>\n<meta property=\"article:modified_time\" content=\"2023-09-18T12:45:04+00:00\" \/>\n<meta property=\"og:image\" content=\"https:\/\/incurvy.co.uk\/wp-content\/uploads\/2015\/11\/StrickpulloverXXLFashion.jpg\" \/>\n\t<meta property=\"og:image:width\" content=\"709\" \/>\n\t<meta property=\"og:image:height\" content=\"440\" \/>\n\t<meta property=\"og:image:type\" content=\"image\/jpeg\" \/>\n<meta name=\"author\" content=\"Sofia\" \/>\n<meta name=\"twitter:card\" content=\"summary_large_image\" \/>\n<meta name=\"twitter:label1\" content=\"Verfasst von\" \/>\n\t<meta name=\"twitter:data1\" content=\"Sofia\" \/>\n\t<meta name=\"twitter:label2\" content=\"Gesch\u00e4tzte Lesezeit\" \/>\n\t<meta name=\"twitter:data2\" content=\"3\u00a0Minuten\" \/>\n<script type=\"application\/ld+json\" class=\"yoast-schema-graph\">{\"@context\":\"https:\\\/\\\/schema.org\",\"@graph\":[{\"@type\":\"Article\",\"@id\":\"https:\\\/\\\/www.incurvy.de\\\/trends-grosse-groessen\\\/winterjacken-grosse-groessen-die-trends-der-saison\\\/#article\",\"isPartOf\":{\"@id\":\"https:\\\/\\\/www.incurvy.de\\\/trends-grosse-groessen\\\/winterjacken-grosse-groessen-die-trends-der-saison\\\/\"},\"author\":{\"name\":\"Sofia\",\"@id\":\"https:\\\/\\\/www.incurvy.de\\\/trends-grosse-groessen\\\/#\\\/schema\\\/person\\\/e0bcf5f8e74b1ed54bee9a5beb26522d\"},\"headline\":\"Winterjacken gro\u00dfe Gr\u00f6\u00dfen \u2013 die Trends der Saison\",\"datePublished\":\"2023-09-18T12:44:17+00:00\",\"dateModified\":\"2023-09-18T12:45:04+00:00\",\"mainEntityOfPage\":{\"@id\":\"https:\\\/\\\/www.incurvy.de\\\/trends-grosse-groessen\\\/winterjacken-grosse-groessen-die-trends-der-saison\\\/\"},\"wordCount\":415,\"commentCount\":0,\"publisher\":{\"@id\":\"https:\\\/\\\/www.incurvy.de\\\/trends-grosse-groessen\\\/#\\\/schema\\\/person\\\/0f0b11c021b39ea29dafea3a21fef662\"},\"image\":{\"@id\":\"https:\\\/\\\/www.incurvy.de\\\/trends-grosse-groessen\\\/winterjacken-grosse-groessen-die-trends-der-saison\\\/#primaryimage\"},\"thumbnailUrl\":\"https:\\\/\\\/incurvy.co.uk\\\/wp-content\\\/uploads\\\/2015\\\/11\\\/StrickpulloverXXLFashion.jpg\",\"keywords\":[\"Daunenjacken\",\"Jacken Trends XXL\",\"Mode f\u00fcr mollige Frauen\",\"Winterjacken gro\u00dfe Gr\u00f6\u00dfen\",\"Winterjacken in Plus Size\"],\"articleSection\":[\"Damenmode gro\u00dfe Gr\u00f6\u00dfen\",\"Interessante Themen\",\"Plus-Size Mode\",\"Plus-Size News\"],\"inLanguage\":\"de\",\"potentialAction\":[{\"@type\":\"CommentAction\",\"name\":\"Comment\",\"target\":[\"https:\\\/\\\/www.incurvy.de\\\/trends-grosse-groessen\\\/winterjacken-grosse-groessen-die-trends-der-saison\\\/#respond\"]}]},{\"@type\":\"WebPage\",\"@id\":\"https:\\\/\\\/www.incurvy.de\\\/trends-grosse-groessen\\\/winterjacken-grosse-groessen-die-trends-der-saison\\\/\",\"url\":\"https:\\\/\\\/www.incurvy.de\\\/trends-grosse-groessen\\\/winterjacken-grosse-groessen-die-trends-der-saison\\\/\",\"name\":\"Winterjacken gro\u00dfe Gr\u00f6\u00dfen - Jacken in \u00dcbergr\u00f6\u00dfen\",\"isPartOf\":{\"@id\":\"https:\\\/\\\/www.incurvy.de\\\/trends-grosse-groessen\\\/#website\"},\"primaryImageOfPage\":{\"@id\":\"https:\\\/\\\/www.incurvy.de\\\/trends-grosse-groessen\\\/winterjacken-grosse-groessen-die-trends-der-saison\\\/#primaryimage\"},\"image\":{\"@id\":\"https:\\\/\\\/www.incurvy.de\\\/trends-grosse-groessen\\\/winterjacken-grosse-groessen-die-trends-der-saison\\\/#primaryimage\"},\"thumbnailUrl\":\"https:\\\/\\\/incurvy.co.uk\\\/wp-content\\\/uploads\\\/2015\\\/11\\\/StrickpulloverXXLFashion.jpg\",\"datePublished\":\"2023-09-18T12:44:17+00:00\",\"dateModified\":\"2023-09-18T12:45:04+00:00\",\"description\":\"Diese Tage weht uns ein eisiger Wind um die Nase. Da reicht eine \u00dcbergangsjacke nicht mehr. Zeit f\u00fcr Winterjacken gro\u00dfe Gr\u00f6\u00dfen.\",\"breadcrumb\":{\"@id\":\"https:\\\/\\\/www.incurvy.de\\\/trends-grosse-groessen\\\/winterjacken-grosse-groessen-die-trends-der-saison\\\/#breadcrumb\"},\"inLanguage\":\"de\",\"potentialAction\":[{\"@type\":\"ReadAction\",\"target\":[\"https:\\\/\\\/www.incurvy.de\\\/trends-grosse-groessen\\\/winterjacken-grosse-groessen-die-trends-der-saison\\\/\"]}]},{\"@type\":\"ImageObject\",\"inLanguage\":\"de\",\"@id\":\"https:\\\/\\\/www.incurvy.de\\\/trends-grosse-groessen\\\/winterjacken-grosse-groessen-die-trends-der-saison\\\/#primaryimage\",\"url\":\"https:\\\/\\\/incurvy.co.uk\\\/wp-content\\\/uploads\\\/2015\\\/11\\\/StrickpulloverXXLFashion.jpg\",\"contentUrl\":\"https:\\\/\\\/incurvy.co.uk\\\/wp-content\\\/uploads\\\/2015\\\/11\\\/StrickpulloverXXLFashion.jpg\",\"width\":709,\"height\":440,\"caption\":\"\u00a9 istock.com\\\/PeopleImages\"},{\"@type\":\"BreadcrumbList\",\"@id\":\"https:\\\/\\\/www.incurvy.de\\\/trends-grosse-groessen\\\/winterjacken-grosse-groessen-die-trends-der-saison\\\/#breadcrumb\",\"itemListElement\":[{\"@type\":\"ListItem\",\"position\":1,\"name\":\"Home\",\"item\":\"https:\\\/\\\/www.incurvy.de\\\/trends-grosse-groessen\\\/\"},{\"@type\":\"ListItem\",\"position\":2,\"name\":\"Winterjacken gro\u00dfe Gr\u00f6\u00dfen \u2013 die Trends der Saison\"}]},{\"@type\":\"WebSite\",\"@id\":\"https:\\\/\\\/www.incurvy.de\\\/trends-grosse-groessen\\\/#website\",\"url\":\"https:\\\/\\\/www.incurvy.de\\\/trends-grosse-groessen\\\/\",\"name\":\"INCURVY Plus-Size Fashion - BLOG\",\"description\":\"INCURVY Plus-Size Fashion - BLOG\",\"publisher\":{\"@id\":\"https:\\\/\\\/www.incurvy.de\\\/trends-grosse-groessen\\\/#\\\/schema\\\/person\\\/0f0b11c021b39ea29dafea3a21fef662\"},\"potentialAction\":[{\"@type\":\"SearchAction\",\"target\":{\"@type\":\"EntryPoint\",\"urlTemplate\":\"https:\\\/\\\/www.incurvy.de\\\/trends-grosse-groessen\\\/?s={search_term_string}\"},\"query-input\":{\"@type\":\"PropertyValueSpecification\",\"valueRequired\":true,\"valueName\":\"search_term_string\"}}],\"inLanguage\":\"de\"},{\"@type\":[\"Person\",\"Organization\"],\"@id\":\"https:\\\/\\\/www.incurvy.de\\\/trends-grosse-groessen\\\/#\\\/schema\\\/person\\\/0f0b11c021b39ea29dafea3a21fef662\",\"name\":\"Eleonore\",\"image\":{\"@type\":\"ImageObject\",\"inLanguage\":\"de\",\"@id\":\"https:\\\/\\\/www.incurvy.de\\\/trends-grosse-groessen\\\/wp-content\\\/uploads\\\/2024\\\/02\\\/inCurvyLogoTransparent.png\",\"url\":\"https:\\\/\\\/www.incurvy.de\\\/trends-grosse-groessen\\\/wp-content\\\/uploads\\\/2024\\\/02\\\/inCurvyLogoTransparent.png\",\"contentUrl\":\"https:\\\/\\\/www.incurvy.de\\\/trends-grosse-groessen\\\/wp-content\\\/uploads\\\/2024\\\/02\\\/inCurvyLogoTransparent.png\",\"width\":1920,\"height\":1080,\"caption\":\"Eleonore\"},\"logo\":{\"@id\":\"https:\\\/\\\/www.incurvy.de\\\/trends-grosse-groessen\\\/wp-content\\\/uploads\\\/2024\\\/02\\\/inCurvyLogoTransparent.png\"}},{\"@type\":\"Person\",\"@id\":\"https:\\\/\\\/www.incurvy.de\\\/trends-grosse-groessen\\\/#\\\/schema\\\/person\\\/e0bcf5f8e74b1ed54bee9a5beb26522d\",\"name\":\"Sofia\",\"image\":{\"@type\":\"ImageObject\",\"inLanguage\":\"de\",\"@id\":\"https:\\\/\\\/secure.gravatar.com\\\/avatar\\\/4a182d84a0a0ac73964750f4faa49be2ca435fed0e5e56d4a63a9c04ac78d94c?s=96&d=mm&r=g\",\"url\":\"https:\\\/\\\/secure.gravatar.com\\\/avatar\\\/4a182d84a0a0ac73964750f4faa49be2ca435fed0e5e56d4a63a9c04ac78d94c?s=96&d=mm&r=g\",\"contentUrl\":\"https:\\\/\\\/secure.gravatar.com\\\/avatar\\\/4a182d84a0a0ac73964750f4faa49be2ca435fed0e5e56d4a63a9c04ac78d94c?s=96&d=mm&r=g\",\"caption\":\"Sofia\"},\"url\":\"https:\\\/\\\/www.incurvy.de\\\/trends-grosse-groessen\\\/author\\\/admin\\\/\"}]}<\/script>\n<!-- \/ Yoast SEO plugin. -->","yoast_head_json":{"title":"Winterjacken gro\u00dfe Gr\u00f6\u00dfen - Jacken in \u00dcbergr\u00f6\u00dfen","description":"Diese Tage weht uns ein eisiger Wind um die Nase. Da reicht eine \u00dcbergangsjacke nicht mehr. Zeit f\u00fcr Winterjacken gro\u00dfe Gr\u00f6\u00dfen.","robots":{"index":"index","follow":"follow","max-snippet":"max-snippet:-1","max-image-preview":"max-image-preview:large","max-video-preview":"max-video-preview:-1"},"canonical":"https:\/\/www.incurvy.de\/trends-grosse-groessen\/winterjacken-grosse-groessen-die-trends-der-saison\/","og_locale":"de_DE","og_type":"article","og_title":"Winterjacken gro\u00dfe Gr\u00f6\u00dfen - Jacken in \u00dcbergr\u00f6\u00dfen","og_description":"Diese Tage weht uns ein eisiger Wind um die Nase. Da reicht eine \u00dcbergangsjacke nicht mehr. Zeit f\u00fcr Winterjacken gro\u00dfe Gr\u00f6\u00dfen.","og_url":"https:\/\/www.incurvy.de\/trends-grosse-groessen\/winterjacken-grosse-groessen-die-trends-der-saison\/","og_site_name":"INCURVY Plus-Size Fashion - BLOG","article_published_time":"2023-09-18T12:44:17+00:00","article_modified_time":"2023-09-18T12:45:04+00:00","og_image":[{"width":709,"height":440,"url":"https:\/\/incurvy.co.uk\/wp-content\/uploads\/2015\/11\/StrickpulloverXXLFashion.jpg","type":"image\/jpeg"}],"author":"Sofia","twitter_card":"summary_large_image","twitter_misc":{"Verfasst von":"Sofia","Gesch\u00e4tzte Lesezeit":"3\u00a0Minuten"},"schema":{"@context":"https:\/\/schema.org","@graph":[{"@type":"Article","@id":"https:\/\/www.incurvy.de\/trends-grosse-groessen\/winterjacken-grosse-groessen-die-trends-der-saison\/#article","isPartOf":{"@id":"https:\/\/www.incurvy.de\/trends-grosse-groessen\/winterjacken-grosse-groessen-die-trends-der-saison\/"},"author":{"name":"Sofia","@id":"https:\/\/www.incurvy.de\/trends-grosse-groessen\/#\/schema\/person\/e0bcf5f8e74b1ed54bee9a5beb26522d"},"headline":"Winterjacken gro\u00dfe Gr\u00f6\u00dfen \u2013 die Trends der Saison","datePublished":"2023-09-18T12:44:17+00:00","dateModified":"2023-09-18T12:45:04+00:00","mainEntityOfPage":{"@id":"https:\/\/www.incurvy.de\/trends-grosse-groessen\/winterjacken-grosse-groessen-die-trends-der-saison\/"},"wordCount":415,"commentCount":0,"publisher":{"@id":"https:\/\/www.incurvy.de\/trends-grosse-groessen\/#\/schema\/person\/0f0b11c021b39ea29dafea3a21fef662"},"image":{"@id":"https:\/\/www.incurvy.de\/trends-grosse-groessen\/winterjacken-grosse-groessen-die-trends-der-saison\/#primaryimage"},"thumbnailUrl":"https:\/\/incurvy.co.uk\/wp-content\/uploads\/2015\/11\/StrickpulloverXXLFashion.jpg","keywords":["Daunenjacken","Jacken Trends XXL","Mode f\u00fcr mollige Frauen","Winterjacken gro\u00dfe Gr\u00f6\u00dfen","Winterjacken in Plus Size"],"articleSection":["Damenmode gro\u00dfe Gr\u00f6\u00dfen","Interessante Themen","Plus-Size Mode","Plus-Size News"],"inLanguage":"de","potentialAction":[{"@type":"CommentAction","name":"Comment","target":["https:\/\/www.incurvy.de\/trends-grosse-groessen\/winterjacken-grosse-groessen-die-trends-der-saison\/#respond"]}]},{"@type":"WebPage","@id":"https:\/\/www.incurvy.de\/trends-grosse-groessen\/winterjacken-grosse-groessen-die-trends-der-saison\/","url":"https:\/\/www.incurvy.de\/trends-grosse-groessen\/winterjacken-grosse-groessen-die-trends-der-saison\/","name":"Winterjacken gro\u00dfe Gr\u00f6\u00dfen - Jacken in \u00dcbergr\u00f6\u00dfen","isPartOf":{"@id":"https:\/\/www.incurvy.de\/trends-grosse-groessen\/#website"},"primaryImageOfPage":{"@id":"https:\/\/www.incurvy.de\/trends-grosse-groessen\/winterjacken-grosse-groessen-die-trends-der-saison\/#primaryimage"},"image":{"@id":"https:\/\/www.incurvy.de\/trends-grosse-groessen\/winterjacken-grosse-groessen-die-trends-der-saison\/#primaryimage"},"thumbnailUrl":"https:\/\/incurvy.co.uk\/wp-content\/uploads\/2015\/11\/StrickpulloverXXLFashion.jpg","datePublished":"2023-09-18T12:44:17+00:00","dateModified":"2023-09-18T12:45:04+00:00","description":"Diese Tage weht uns ein eisiger Wind um die Nase. Da reicht eine \u00dcbergangsjacke nicht mehr. Zeit f\u00fcr Winterjacken gro\u00dfe Gr\u00f6\u00dfen.","breadcrumb":{"@id":"https:\/\/www.incurvy.de\/trends-grosse-groessen\/winterjacken-grosse-groessen-die-trends-der-saison\/#breadcrumb"},"inLanguage":"de","potentialAction":[{"@type":"ReadAction","target":["https:\/\/www.incurvy.de\/trends-grosse-groessen\/winterjacken-grosse-groessen-die-trends-der-saison\/"]}]},{"@type":"ImageObject","inLanguage":"de","@id":"https:\/\/www.incurvy.de\/trends-grosse-groessen\/winterjacken-grosse-groessen-die-trends-der-saison\/#primaryimage","url":"https:\/\/incurvy.co.uk\/wp-content\/uploads\/2015\/11\/StrickpulloverXXLFashion.jpg","contentUrl":"https:\/\/incurvy.co.uk\/wp-content\/uploads\/2015\/11\/StrickpulloverXXLFashion.jpg","width":709,"height":440,"caption":"\u00a9 istock.com\/PeopleImages"},{"@type":"BreadcrumbList","@id":"https:\/\/www.incurvy.de\/trends-grosse-groessen\/winterjacken-grosse-groessen-die-trends-der-saison\/#breadcrumb","itemListElement":[{"@type":"ListItem","position":1,"name":"Home","item":"https:\/\/www.incurvy.de\/trends-grosse-groessen\/"},{"@type":"ListItem","position":2,"name":"Winterjacken gro\u00dfe Gr\u00f6\u00dfen \u2013 die Trends der Saison"}]},{"@type":"WebSite","@id":"https:\/\/www.incurvy.de\/trends-grosse-groessen\/#website","url":"https:\/\/www.incurvy.de\/trends-grosse-groessen\/","name":"INCURVY Plus-Size Fashion - BLOG","description":"INCURVY Plus-Size Fashion - BLOG","publisher":{"@id":"https:\/\/www.incurvy.de\/trends-grosse-groessen\/#\/schema\/person\/0f0b11c021b39ea29dafea3a21fef662"},"potentialAction":[{"@type":"SearchAction","target":{"@type":"EntryPoint","urlTemplate":"https:\/\/www.incurvy.de\/trends-grosse-groessen\/?s={search_term_string}"},"query-input":{"@type":"PropertyValueSpecification","valueRequired":true,"valueName":"search_term_string"}}],"inLanguage":"de"},{"@type":["Person","Organization"],"@id":"https:\/\/www.incurvy.de\/trends-grosse-groessen\/#\/schema\/person\/0f0b11c021b39ea29dafea3a21fef662","name":"Eleonore","image":{"@type":"ImageObject","inLanguage":"de","@id":"https:\/\/www.incurvy.de\/trends-grosse-groessen\/wp-content\/uploads\/2024\/02\/inCurvyLogoTransparent.png","url":"https:\/\/www.incurvy.de\/trends-grosse-groessen\/wp-content\/uploads\/2024\/02\/inCurvyLogoTransparent.png","contentUrl":"https:\/\/www.incurvy.de\/trends-grosse-groessen\/wp-content\/uploads\/2024\/02\/inCurvyLogoTransparent.png","width":1920,"height":1080,"caption":"Eleonore"},"logo":{"@id":"https:\/\/www.incurvy.de\/trends-grosse-groessen\/wp-content\/uploads\/2024\/02\/inCurvyLogoTransparent.png"}},{"@type":"Person","@id":"https:\/\/www.incurvy.de\/trends-grosse-groessen\/#\/schema\/person\/e0bcf5f8e74b1ed54bee9a5beb26522d","name":"Sofia","image":{"@type":"ImageObject","inLanguage":"de","@id":"https:\/\/secure.gravatar.com\/avatar\/4a182d84a0a0ac73964750f4faa49be2ca435fed0e5e56d4a63a9c04ac78d94c?s=96&d=mm&r=g","url":"https:\/\/secure.gravatar.com\/avatar\/4a182d84a0a0ac73964750f4faa49be2ca435fed0e5e56d4a63a9c04ac78d94c?s=96&d=mm&r=g","contentUrl":"https:\/\/secure.gravatar.com\/avatar\/4a182d84a0a0ac73964750f4faa49be2ca435fed0e5e56d4a63a9c04ac78d94c?s=96&d=mm&r=g","caption":"Sofia"},"url":"https:\/\/www.incurvy.de\/trends-grosse-groessen\/author\/admin\/"}]}},"_links":{"self":[{"href":"https:\/\/www.incurvy.de\/trends-grosse-groessen\/wp-json\/wp\/v2\/posts\/15507","targetHints":{"allow":["GET"]}}],"collection":[{"href":"https:\/\/www.incurvy.de\/trends-grosse-groessen\/wp-json\/wp\/v2\/posts"}],"about":[{"href":"https:\/\/www.incurvy.de\/trends-grosse-groessen\/wp-json\/wp\/v2\/types\/post"}],"author":[{"embeddable":true,"href":"https:\/\/www.incurvy.de\/trends-grosse-groessen\/wp-json\/wp\/v2\/users\/1"}],"replies":[{"embeddable":true,"href":"https:\/\/www.incurvy.de\/trends-grosse-groessen\/wp-json\/wp\/v2\/comments?post=15507"}],"version-history":[{"count":0,"href":"https:\/\/www.incurvy.de\/trends-grosse-groessen\/wp-json\/wp\/v2\/posts\/15507\/revisions"}],"wp:featuredmedia":[{"embeddable":true,"href":"https:\/\/www.incurvy.de\/trends-grosse-groessen\/wp-json\/wp\/v2\/media\/8619"}],"wp:attachment":[{"href":"https:\/\/www.incurvy.de\/trends-grosse-groessen\/wp-json\/wp\/v2\/media?parent=15507"}],"wp:term":[{"taxonomy":"category","embeddable":true,"href":"https:\/\/www.incurvy.de\/trends-grosse-groessen\/wp-json\/wp\/v2\/categories?post=15507"},{"taxonomy":"post_tag","embeddable":true,"href":"https:\/\/www.incurvy.de\/trends-grosse-groessen\/wp-json\/wp\/v2\/tags?post=15507"}],"curies":[{"name":"wp","href":"https:\/\/api.w.org\/{rel}","templated":true}]}}