{"id":15793,"date":"2023-10-29T13:11:27","date_gmt":"2023-10-29T11:11:27","guid":{"rendered":"https:\/\/www.incurvy.de\/trends-grosse-groessen\/?p=15793"},"modified":"2024-03-01T10:28:42","modified_gmt":"2024-03-01T08:28:42","slug":"grosse-groessen-mode-trachten-back-to-the-roots-2","status":"publish","type":"post","link":"https:\/\/www.incurvy.de\/trends-grosse-groessen\/grosse-groessen-mode-trachten-back-to-the-roots-2\/","title":{"rendered":"Gro\u00dfe Gr\u00f6\u00dfen Mode f\u00fcr Trachten: Back to the Roots"},"content":{"rendered":"<h2>In diesem Jahr schl\u00e4gt die gro\u00dfe Gr\u00f6\u00dfen Mode f\u00fcr Trachten eine neue Richtung ein<\/h2>\n<p>In diesem Jahr schl\u00e4gt die gro\u00dfe Gr\u00f6\u00dfen Mode f\u00fcr Trachten eine neue Richtung ein, den die aktuellen Kollektionen l\u00f6st die stylischen Dirndl der letzten Jahre ab und besinnt sich wieder auf den traditionellen Ursprung der Brauchtumsmode. Die wundersch\u00f6nen Kleider sind in diesem Jahr klassisch-elegant designt und bestehen aus hochwertigen Materialien.\u00a0Die Besinnung auf die Tradition schl\u00e4gt sich vor allem bei den Farben und Materialien wieder. Gerade nat\u00fcrliche Stoffe wie Leinen und Baumwolle werden verst\u00e4rkt eingesetzt. Seide und Samt erg\u00e4nzen die Auswahl, auch k\u00fcnstliche Materialien und Materialmixe werden nur noch dezent als Highlight verwendet. Alle Stoffe sind von hoher Qualit\u00e4t und sind \u00e4u\u00dferst elegant verarbeitet.<\/p>\n<p>Die plussize Dirndl werden in nat\u00fcrlichen Farben designt, wobei Rott\u00f6ne sowie Gr\u00fcn und Blau dominieren. Die angesagten Farben in diesem Jahr gibt es auch in der Trachtenmode, welche die Farbe Marsala ist ebenso wie einige Pastellt\u00f6ne in der gro\u00dfe Gr\u00f6\u00dfen Mode vertreten. Die pastellfarbenen Trachten \u00dcbergr\u00f6\u00dfe geh\u00f6ren in diesem Jahr allerdings zu den bedeutendsten Trends beim Dirndl gro\u00dfe Gr\u00f6\u00dfen.<\/p>\n<h2>Glitzernde gro\u00dfe Gr\u00f6\u00dfen Mode mit Pomp und Glamour gibt es deutlich weniger<\/h2>\n<p>Glitzernde Trachten mit Pomp und Glamour gibt es deutlich weniger. Der Fokus liegt eindeutig bei den einfachen Modellen, die durch ihre hochwertige Verarbeitung und kleinen Details \u00fcberzeugen, au\u00dferdem Motive aus Blumen und Mustern wie Streifen oder Karos versch\u00f6nern den Look. Auch ein Hauch Retro durchzieht die Trachtenmode f\u00fcr Mollige durch den Einsatz von Vintage- und Paisleystoffen. Ein Ausrei\u00dfer der klassisch orientierten Mode ist das Dirndl aus Denim, das in diesem Jahr von einigen Designer pr\u00e4sentiert wurde. Die Kleider haben eine dezente Waschung und bringen einen Hauch Understatement mit.<\/p>\n<h2>Z\u00fcchtige Blusen zum Dirndl<\/h2>\n<p>Die gro\u00dfe Gr\u00f6\u00dfen Mode f\u00fcr Trachten hat sich in diesem Jahr nur \u00e4u\u00dferlich gewandelt, den die Schnitte bleiben fast die gleichen, lediglich die aktuellen Blusen sind ein wenig ver\u00e4ndert. Auff\u00e4llig geschnittene \u00c4rmel sowie die Carmen-Bluse geh\u00f6ren zumindest der Vergangenheit an. Die aktuellen Blusen haben schmale \u00c4rmel und sind insgesamt ein wenig z\u00fcchtiger, zur\u00fcckhaltender geschnitten. Das geschmackvolle Dirndl f\u00fcr kurvige Frauen wird in diesem Jahr am besten geschn\u00fcrt.\u00a0Als Jacke tr\u00e4gst Du zum Dirndl die Wildlederjacke, die der Trachtenmode etwas Modernes verleiht, auch absolut IN dieses Jahr ist auch eine Jacke, die aus dem gleichen Stoff wie das Dirndl besteht.<\/p>\n<h3>Schuhe zum Dirndl<\/h3>\n<p>Eines hat sich nicht ver\u00e4ndert: Die Schuhe k\u00f6nnen frei gew\u00e4hlt werden, w\u00e4hrend Ballerinas und Sandalen schick, niedlich oder bequem aussehen, verpassen Dir daf\u00fcr High Heels eine Extra Portion Sex-Appeal. Das Wichtigste bei Deiner Wahl ist jedoch, dass <strong>Turnschuhe, Sneaker, Halbschuhe und Stiefel NICHT zum Dirndl getragen werden<\/strong>.<\/p>\n<p><a href=\"https:\/\/www.incurvy.de\/index.php?lang=0&amp;cl=search&amp;searchparam=trachten\">Jetzt noch mehr gro\u00dfe Gr\u00f6\u00dfen Trachtenmode und Dirndl\u00a0<\/a>shoppen!<\/p>\n<p>Bildnachweis : sheego.de \u00a9 sheego<\/p>\n","protected":false},"excerpt":{"rendered":"<p>In diesem Jahr schl\u00e4gt die gro\u00dfe Gr\u00f6\u00dfen Mode f\u00fcr Trachten eine neue Richtung ein In diesem Jahr schl\u00e4gt die gro\u00dfe Gr\u00f6\u00dfen Mode&hellip;<\/p>\n","protected":false},"author":1,"featured_media":14964,"comment_status":"open","ping_status":"open","sticky":false,"template":"","format":"standard","meta":{"footnotes":""},"categories":[9,5,1],"tags":[],"class_list":["post-15793","post","type-post","status-publish","format-standard","has-post-thumbnail","hentry","category-damenmode-grosse-groessen","category-mode-tipps-tricks","category-kategorie-plus-size-mode"],"yoast_head":"<!-- This site is optimized with the Yoast SEO plugin v27.5 - https:\/\/yoast.com\/product\/yoast-seo-wordpress\/ -->\n<title>Gro\u00dfe Gr\u00f6\u00dfen Trachten Mode - Mode gro\u00dfe Gr\u00f6\u00dfen<\/title>\n<meta name=\"description\" content=\"In diesem Jahr schl\u00e4gt die gro\u00dfe Gr\u00f6\u00dfen Mode f\u00fcr Trachten eine neue Richtung ein. Die aktuelle Kollektionen zeigen stylischen Dirndl.\" \/>\n<meta name=\"robots\" content=\"index, follow, max-snippet:-1, max-image-preview:large, max-video-preview:-1\" \/>\n<link rel=\"canonical\" href=\"https:\/\/www.incurvy.de\/trends-grosse-groessen\/grosse-groessen-mode-trachten-back-to-the-roots-2\/\" \/>\n<meta property=\"og:locale\" content=\"de_DE\" \/>\n<meta property=\"og:type\" content=\"article\" \/>\n<meta property=\"og:title\" content=\"Gro\u00dfe Gr\u00f6\u00dfen Trachten Mode - Mode gro\u00dfe Gr\u00f6\u00dfen\" \/>\n<meta property=\"og:description\" content=\"In diesem Jahr schl\u00e4gt die gro\u00dfe Gr\u00f6\u00dfen Mode f\u00fcr Trachten eine neue Richtung ein. Die aktuelle Kollektionen zeigen stylischen Dirndl.\" \/>\n<meta property=\"og:url\" content=\"https:\/\/www.incurvy.de\/trends-grosse-groessen\/grosse-groessen-mode-trachten-back-to-the-roots-2\/\" \/>\n<meta property=\"og:site_name\" content=\"INCURVY Plus-Size Fashion - BLOG\" \/>\n<meta property=\"article:published_time\" content=\"2023-10-29T11:11:27+00:00\" \/>\n<meta property=\"article:modified_time\" content=\"2024-03-01T08:28:42+00:00\" \/>\n<meta property=\"og:image\" content=\"https:\/\/incurvy.co.uk\/wp-content\/uploads\/2015\/08\/14419300264-04I5C-03-SH-scaled.jpg\" \/>\n\t<meta property=\"og:image:width\" content=\"1920\" \/>\n\t<meta property=\"og:image:height\" content=\"1280\" \/>\n\t<meta property=\"og:image:type\" content=\"image\/jpeg\" \/>\n<meta name=\"author\" content=\"Sofia\" \/>\n<meta name=\"twitter:card\" content=\"summary_large_image\" \/>\n<meta name=\"twitter:label1\" content=\"Verfasst von\" \/>\n\t<meta name=\"twitter:data1\" content=\"Sofia\" \/>\n\t<meta name=\"twitter:label2\" content=\"Gesch\u00e4tzte Lesezeit\" \/>\n\t<meta name=\"twitter:data2\" content=\"3\u00a0Minuten\" \/>\n<script type=\"application\/ld+json\" class=\"yoast-schema-graph\">{\"@context\":\"https:\\\/\\\/schema.org\",\"@graph\":[{\"@type\":\"Article\",\"@id\":\"https:\\\/\\\/www.incurvy.de\\\/trends-grosse-groessen\\\/grosse-groessen-mode-trachten-back-to-the-roots-2\\\/#article\",\"isPartOf\":{\"@id\":\"https:\\\/\\\/www.incurvy.de\\\/trends-grosse-groessen\\\/grosse-groessen-mode-trachten-back-to-the-roots-2\\\/\"},\"author\":{\"name\":\"Sofia\",\"@id\":\"https:\\\/\\\/www.incurvy.de\\\/trends-grosse-groessen\\\/#\\\/schema\\\/person\\\/e0bcf5f8e74b1ed54bee9a5beb26522d\"},\"headline\":\"Gro\u00dfe Gr\u00f6\u00dfen Mode f\u00fcr Trachten: Back to the Roots\",\"datePublished\":\"2023-10-29T11:11:27+00:00\",\"dateModified\":\"2024-03-01T08:28:42+00:00\",\"mainEntityOfPage\":{\"@id\":\"https:\\\/\\\/www.incurvy.de\\\/trends-grosse-groessen\\\/grosse-groessen-mode-trachten-back-to-the-roots-2\\\/\"},\"wordCount\":509,\"commentCount\":0,\"publisher\":{\"@id\":\"https:\\\/\\\/www.incurvy.de\\\/trends-grosse-groessen\\\/#\\\/schema\\\/person\\\/0f0b11c021b39ea29dafea3a21fef662\"},\"image\":{\"@id\":\"https:\\\/\\\/www.incurvy.de\\\/trends-grosse-groessen\\\/grosse-groessen-mode-trachten-back-to-the-roots-2\\\/#primaryimage\"},\"thumbnailUrl\":\"https:\\\/\\\/incurvy.co.uk\\\/wp-content\\\/uploads\\\/2015\\\/08\\\/14419300264-04I5C-03-SH-scaled.jpg\",\"articleSection\":[\"Damenmode gro\u00dfe Gr\u00f6\u00dfen\",\"Mode Tipps &amp; Tricks\",\"Plus-Size Mode\"],\"inLanguage\":\"de\",\"potentialAction\":[{\"@type\":\"CommentAction\",\"name\":\"Comment\",\"target\":[\"https:\\\/\\\/www.incurvy.de\\\/trends-grosse-groessen\\\/grosse-groessen-mode-trachten-back-to-the-roots-2\\\/#respond\"]}]},{\"@type\":\"WebPage\",\"@id\":\"https:\\\/\\\/www.incurvy.de\\\/trends-grosse-groessen\\\/grosse-groessen-mode-trachten-back-to-the-roots-2\\\/\",\"url\":\"https:\\\/\\\/www.incurvy.de\\\/trends-grosse-groessen\\\/grosse-groessen-mode-trachten-back-to-the-roots-2\\\/\",\"name\":\"Gro\u00dfe Gr\u00f6\u00dfen Trachten Mode - Mode gro\u00dfe Gr\u00f6\u00dfen\",\"isPartOf\":{\"@id\":\"https:\\\/\\\/www.incurvy.de\\\/trends-grosse-groessen\\\/#website\"},\"primaryImageOfPage\":{\"@id\":\"https:\\\/\\\/www.incurvy.de\\\/trends-grosse-groessen\\\/grosse-groessen-mode-trachten-back-to-the-roots-2\\\/#primaryimage\"},\"image\":{\"@id\":\"https:\\\/\\\/www.incurvy.de\\\/trends-grosse-groessen\\\/grosse-groessen-mode-trachten-back-to-the-roots-2\\\/#primaryimage\"},\"thumbnailUrl\":\"https:\\\/\\\/incurvy.co.uk\\\/wp-content\\\/uploads\\\/2015\\\/08\\\/14419300264-04I5C-03-SH-scaled.jpg\",\"datePublished\":\"2023-10-29T11:11:27+00:00\",\"dateModified\":\"2024-03-01T08:28:42+00:00\",\"description\":\"In diesem Jahr schl\u00e4gt die gro\u00dfe Gr\u00f6\u00dfen Mode f\u00fcr Trachten eine neue Richtung ein. Die aktuelle Kollektionen zeigen stylischen Dirndl.\",\"breadcrumb\":{\"@id\":\"https:\\\/\\\/www.incurvy.de\\\/trends-grosse-groessen\\\/grosse-groessen-mode-trachten-back-to-the-roots-2\\\/#breadcrumb\"},\"inLanguage\":\"de\",\"potentialAction\":[{\"@type\":\"ReadAction\",\"target\":[\"https:\\\/\\\/www.incurvy.de\\\/trends-grosse-groessen\\\/grosse-groessen-mode-trachten-back-to-the-roots-2\\\/\"]}]},{\"@type\":\"ImageObject\",\"inLanguage\":\"de\",\"@id\":\"https:\\\/\\\/www.incurvy.de\\\/trends-grosse-groessen\\\/grosse-groessen-mode-trachten-back-to-the-roots-2\\\/#primaryimage\",\"url\":\"https:\\\/\\\/incurvy.co.uk\\\/wp-content\\\/uploads\\\/2015\\\/08\\\/14419300264-04I5C-03-SH-scaled.jpg\",\"contentUrl\":\"https:\\\/\\\/incurvy.co.uk\\\/wp-content\\\/uploads\\\/2015\\\/08\\\/14419300264-04I5C-03-SH-scaled.jpg\",\"width\":1920,\"height\":1280,\"caption\":\"Bildnachweis: \u00a9 sheego\"},{\"@type\":\"BreadcrumbList\",\"@id\":\"https:\\\/\\\/www.incurvy.de\\\/trends-grosse-groessen\\\/grosse-groessen-mode-trachten-back-to-the-roots-2\\\/#breadcrumb\",\"itemListElement\":[{\"@type\":\"ListItem\",\"position\":1,\"name\":\"Home\",\"item\":\"https:\\\/\\\/www.incurvy.de\\\/trends-grosse-groessen\\\/\"},{\"@type\":\"ListItem\",\"position\":2,\"name\":\"Gro\u00dfe Gr\u00f6\u00dfen Mode f\u00fcr Trachten: Back to the Roots\"}]},{\"@type\":\"WebSite\",\"@id\":\"https:\\\/\\\/www.incurvy.de\\\/trends-grosse-groessen\\\/#website\",\"url\":\"https:\\\/\\\/www.incurvy.de\\\/trends-grosse-groessen\\\/\",\"name\":\"INCURVY Plus-Size Fashion - BLOG\",\"description\":\"INCURVY Plus-Size Fashion - BLOG\",\"publisher\":{\"@id\":\"https:\\\/\\\/www.incurvy.de\\\/trends-grosse-groessen\\\/#\\\/schema\\\/person\\\/0f0b11c021b39ea29dafea3a21fef662\"},\"potentialAction\":[{\"@type\":\"SearchAction\",\"target\":{\"@type\":\"EntryPoint\",\"urlTemplate\":\"https:\\\/\\\/www.incurvy.de\\\/trends-grosse-groessen\\\/?s={search_term_string}\"},\"query-input\":{\"@type\":\"PropertyValueSpecification\",\"valueRequired\":true,\"valueName\":\"search_term_string\"}}],\"inLanguage\":\"de\"},{\"@type\":[\"Person\",\"Organization\"],\"@id\":\"https:\\\/\\\/www.incurvy.de\\\/trends-grosse-groessen\\\/#\\\/schema\\\/person\\\/0f0b11c021b39ea29dafea3a21fef662\",\"name\":\"Eleonore\",\"image\":{\"@type\":\"ImageObject\",\"inLanguage\":\"de\",\"@id\":\"https:\\\/\\\/www.incurvy.de\\\/trends-grosse-groessen\\\/wp-content\\\/uploads\\\/2024\\\/02\\\/inCurvyLogoTransparent.png\",\"url\":\"https:\\\/\\\/www.incurvy.de\\\/trends-grosse-groessen\\\/wp-content\\\/uploads\\\/2024\\\/02\\\/inCurvyLogoTransparent.png\",\"contentUrl\":\"https:\\\/\\\/www.incurvy.de\\\/trends-grosse-groessen\\\/wp-content\\\/uploads\\\/2024\\\/02\\\/inCurvyLogoTransparent.png\",\"width\":1920,\"height\":1080,\"caption\":\"Eleonore\"},\"logo\":{\"@id\":\"https:\\\/\\\/www.incurvy.de\\\/trends-grosse-groessen\\\/wp-content\\\/uploads\\\/2024\\\/02\\\/inCurvyLogoTransparent.png\"}},{\"@type\":\"Person\",\"@id\":\"https:\\\/\\\/www.incurvy.de\\\/trends-grosse-groessen\\\/#\\\/schema\\\/person\\\/e0bcf5f8e74b1ed54bee9a5beb26522d\",\"name\":\"Sofia\",\"image\":{\"@type\":\"ImageObject\",\"inLanguage\":\"de\",\"@id\":\"https:\\\/\\\/secure.gravatar.com\\\/avatar\\\/4a182d84a0a0ac73964750f4faa49be2ca435fed0e5e56d4a63a9c04ac78d94c?s=96&d=mm&r=g\",\"url\":\"https:\\\/\\\/secure.gravatar.com\\\/avatar\\\/4a182d84a0a0ac73964750f4faa49be2ca435fed0e5e56d4a63a9c04ac78d94c?s=96&d=mm&r=g\",\"contentUrl\":\"https:\\\/\\\/secure.gravatar.com\\\/avatar\\\/4a182d84a0a0ac73964750f4faa49be2ca435fed0e5e56d4a63a9c04ac78d94c?s=96&d=mm&r=g\",\"caption\":\"Sofia\"},\"url\":\"https:\\\/\\\/www.incurvy.de\\\/trends-grosse-groessen\\\/author\\\/admin\\\/\"}]}<\/script>\n<!-- \/ Yoast SEO plugin. -->","yoast_head_json":{"title":"Gro\u00dfe Gr\u00f6\u00dfen Trachten Mode - Mode gro\u00dfe Gr\u00f6\u00dfen","description":"In diesem Jahr schl\u00e4gt die gro\u00dfe Gr\u00f6\u00dfen Mode f\u00fcr Trachten eine neue Richtung ein. Die aktuelle Kollektionen zeigen stylischen Dirndl.","robots":{"index":"index","follow":"follow","max-snippet":"max-snippet:-1","max-image-preview":"max-image-preview:large","max-video-preview":"max-video-preview:-1"},"canonical":"https:\/\/www.incurvy.de\/trends-grosse-groessen\/grosse-groessen-mode-trachten-back-to-the-roots-2\/","og_locale":"de_DE","og_type":"article","og_title":"Gro\u00dfe Gr\u00f6\u00dfen Trachten Mode - Mode gro\u00dfe Gr\u00f6\u00dfen","og_description":"In diesem Jahr schl\u00e4gt die gro\u00dfe Gr\u00f6\u00dfen Mode f\u00fcr Trachten eine neue Richtung ein. Die aktuelle Kollektionen zeigen stylischen Dirndl.","og_url":"https:\/\/www.incurvy.de\/trends-grosse-groessen\/grosse-groessen-mode-trachten-back-to-the-roots-2\/","og_site_name":"INCURVY Plus-Size Fashion - BLOG","article_published_time":"2023-10-29T11:11:27+00:00","article_modified_time":"2024-03-01T08:28:42+00:00","og_image":[{"width":1920,"height":1280,"url":"https:\/\/incurvy.co.uk\/wp-content\/uploads\/2015\/08\/14419300264-04I5C-03-SH-scaled.jpg","type":"image\/jpeg"}],"author":"Sofia","twitter_card":"summary_large_image","twitter_misc":{"Verfasst von":"Sofia","Gesch\u00e4tzte Lesezeit":"3\u00a0Minuten"},"schema":{"@context":"https:\/\/schema.org","@graph":[{"@type":"Article","@id":"https:\/\/www.incurvy.de\/trends-grosse-groessen\/grosse-groessen-mode-trachten-back-to-the-roots-2\/#article","isPartOf":{"@id":"https:\/\/www.incurvy.de\/trends-grosse-groessen\/grosse-groessen-mode-trachten-back-to-the-roots-2\/"},"author":{"name":"Sofia","@id":"https:\/\/www.incurvy.de\/trends-grosse-groessen\/#\/schema\/person\/e0bcf5f8e74b1ed54bee9a5beb26522d"},"headline":"Gro\u00dfe Gr\u00f6\u00dfen Mode f\u00fcr Trachten: Back to the Roots","datePublished":"2023-10-29T11:11:27+00:00","dateModified":"2024-03-01T08:28:42+00:00","mainEntityOfPage":{"@id":"https:\/\/www.incurvy.de\/trends-grosse-groessen\/grosse-groessen-mode-trachten-back-to-the-roots-2\/"},"wordCount":509,"commentCount":0,"publisher":{"@id":"https:\/\/www.incurvy.de\/trends-grosse-groessen\/#\/schema\/person\/0f0b11c021b39ea29dafea3a21fef662"},"image":{"@id":"https:\/\/www.incurvy.de\/trends-grosse-groessen\/grosse-groessen-mode-trachten-back-to-the-roots-2\/#primaryimage"},"thumbnailUrl":"https:\/\/incurvy.co.uk\/wp-content\/uploads\/2015\/08\/14419300264-04I5C-03-SH-scaled.jpg","articleSection":["Damenmode gro\u00dfe Gr\u00f6\u00dfen","Mode Tipps &amp; Tricks","Plus-Size Mode"],"inLanguage":"de","potentialAction":[{"@type":"CommentAction","name":"Comment","target":["https:\/\/www.incurvy.de\/trends-grosse-groessen\/grosse-groessen-mode-trachten-back-to-the-roots-2\/#respond"]}]},{"@type":"WebPage","@id":"https:\/\/www.incurvy.de\/trends-grosse-groessen\/grosse-groessen-mode-trachten-back-to-the-roots-2\/","url":"https:\/\/www.incurvy.de\/trends-grosse-groessen\/grosse-groessen-mode-trachten-back-to-the-roots-2\/","name":"Gro\u00dfe Gr\u00f6\u00dfen Trachten Mode - Mode gro\u00dfe Gr\u00f6\u00dfen","isPartOf":{"@id":"https:\/\/www.incurvy.de\/trends-grosse-groessen\/#website"},"primaryImageOfPage":{"@id":"https:\/\/www.incurvy.de\/trends-grosse-groessen\/grosse-groessen-mode-trachten-back-to-the-roots-2\/#primaryimage"},"image":{"@id":"https:\/\/www.incurvy.de\/trends-grosse-groessen\/grosse-groessen-mode-trachten-back-to-the-roots-2\/#primaryimage"},"thumbnailUrl":"https:\/\/incurvy.co.uk\/wp-content\/uploads\/2015\/08\/14419300264-04I5C-03-SH-scaled.jpg","datePublished":"2023-10-29T11:11:27+00:00","dateModified":"2024-03-01T08:28:42+00:00","description":"In diesem Jahr schl\u00e4gt die gro\u00dfe Gr\u00f6\u00dfen Mode f\u00fcr Trachten eine neue Richtung ein. Die aktuelle Kollektionen zeigen stylischen Dirndl.","breadcrumb":{"@id":"https:\/\/www.incurvy.de\/trends-grosse-groessen\/grosse-groessen-mode-trachten-back-to-the-roots-2\/#breadcrumb"},"inLanguage":"de","potentialAction":[{"@type":"ReadAction","target":["https:\/\/www.incurvy.de\/trends-grosse-groessen\/grosse-groessen-mode-trachten-back-to-the-roots-2\/"]}]},{"@type":"ImageObject","inLanguage":"de","@id":"https:\/\/www.incurvy.de\/trends-grosse-groessen\/grosse-groessen-mode-trachten-back-to-the-roots-2\/#primaryimage","url":"https:\/\/incurvy.co.uk\/wp-content\/uploads\/2015\/08\/14419300264-04I5C-03-SH-scaled.jpg","contentUrl":"https:\/\/incurvy.co.uk\/wp-content\/uploads\/2015\/08\/14419300264-04I5C-03-SH-scaled.jpg","width":1920,"height":1280,"caption":"Bildnachweis: \u00a9 sheego"},{"@type":"BreadcrumbList","@id":"https:\/\/www.incurvy.de\/trends-grosse-groessen\/grosse-groessen-mode-trachten-back-to-the-roots-2\/#breadcrumb","itemListElement":[{"@type":"ListItem","position":1,"name":"Home","item":"https:\/\/www.incurvy.de\/trends-grosse-groessen\/"},{"@type":"ListItem","position":2,"name":"Gro\u00dfe Gr\u00f6\u00dfen Mode f\u00fcr Trachten: Back to the Roots"}]},{"@type":"WebSite","@id":"https:\/\/www.incurvy.de\/trends-grosse-groessen\/#website","url":"https:\/\/www.incurvy.de\/trends-grosse-groessen\/","name":"INCURVY Plus-Size Fashion - BLOG","description":"INCURVY Plus-Size Fashion - BLOG","publisher":{"@id":"https:\/\/www.incurvy.de\/trends-grosse-groessen\/#\/schema\/person\/0f0b11c021b39ea29dafea3a21fef662"},"potentialAction":[{"@type":"SearchAction","target":{"@type":"EntryPoint","urlTemplate":"https:\/\/www.incurvy.de\/trends-grosse-groessen\/?s={search_term_string}"},"query-input":{"@type":"PropertyValueSpecification","valueRequired":true,"valueName":"search_term_string"}}],"inLanguage":"de"},{"@type":["Person","Organization"],"@id":"https:\/\/www.incurvy.de\/trends-grosse-groessen\/#\/schema\/person\/0f0b11c021b39ea29dafea3a21fef662","name":"Eleonore","image":{"@type":"ImageObject","inLanguage":"de","@id":"https:\/\/www.incurvy.de\/trends-grosse-groessen\/wp-content\/uploads\/2024\/02\/inCurvyLogoTransparent.png","url":"https:\/\/www.incurvy.de\/trends-grosse-groessen\/wp-content\/uploads\/2024\/02\/inCurvyLogoTransparent.png","contentUrl":"https:\/\/www.incurvy.de\/trends-grosse-groessen\/wp-content\/uploads\/2024\/02\/inCurvyLogoTransparent.png","width":1920,"height":1080,"caption":"Eleonore"},"logo":{"@id":"https:\/\/www.incurvy.de\/trends-grosse-groessen\/wp-content\/uploads\/2024\/02\/inCurvyLogoTransparent.png"}},{"@type":"Person","@id":"https:\/\/www.incurvy.de\/trends-grosse-groessen\/#\/schema\/person\/e0bcf5f8e74b1ed54bee9a5beb26522d","name":"Sofia","image":{"@type":"ImageObject","inLanguage":"de","@id":"https:\/\/secure.gravatar.com\/avatar\/4a182d84a0a0ac73964750f4faa49be2ca435fed0e5e56d4a63a9c04ac78d94c?s=96&d=mm&r=g","url":"https:\/\/secure.gravatar.com\/avatar\/4a182d84a0a0ac73964750f4faa49be2ca435fed0e5e56d4a63a9c04ac78d94c?s=96&d=mm&r=g","contentUrl":"https:\/\/secure.gravatar.com\/avatar\/4a182d84a0a0ac73964750f4faa49be2ca435fed0e5e56d4a63a9c04ac78d94c?s=96&d=mm&r=g","caption":"Sofia"},"url":"https:\/\/www.incurvy.de\/trends-grosse-groessen\/author\/admin\/"}]}},"_links":{"self":[{"href":"https:\/\/www.incurvy.de\/trends-grosse-groessen\/wp-json\/wp\/v2\/posts\/15793","targetHints":{"allow":["GET"]}}],"collection":[{"href":"https:\/\/www.incurvy.de\/trends-grosse-groessen\/wp-json\/wp\/v2\/posts"}],"about":[{"href":"https:\/\/www.incurvy.de\/trends-grosse-groessen\/wp-json\/wp\/v2\/types\/post"}],"author":[{"embeddable":true,"href":"https:\/\/www.incurvy.de\/trends-grosse-groessen\/wp-json\/wp\/v2\/users\/1"}],"replies":[{"embeddable":true,"href":"https:\/\/www.incurvy.de\/trends-grosse-groessen\/wp-json\/wp\/v2\/comments?post=15793"}],"version-history":[{"count":0,"href":"https:\/\/www.incurvy.de\/trends-grosse-groessen\/wp-json\/wp\/v2\/posts\/15793\/revisions"}],"wp:featuredmedia":[{"embeddable":true,"href":"https:\/\/www.incurvy.de\/trends-grosse-groessen\/wp-json\/wp\/v2\/media\/14964"}],"wp:attachment":[{"href":"https:\/\/www.incurvy.de\/trends-grosse-groessen\/wp-json\/wp\/v2\/media?parent=15793"}],"wp:term":[{"taxonomy":"category","embeddable":true,"href":"https:\/\/www.incurvy.de\/trends-grosse-groessen\/wp-json\/wp\/v2\/categories?post=15793"},{"taxonomy":"post_tag","embeddable":true,"href":"https:\/\/www.incurvy.de\/trends-grosse-groessen\/wp-json\/wp\/v2\/tags?post=15793"}],"curies":[{"name":"wp","href":"https:\/\/api.w.org\/{rel}","templated":true}]}}