{"id":15854,"date":"2023-11-09T09:49:17","date_gmt":"2023-11-09T07:49:17","guid":{"rendered":"https:\/\/www.incurvy.de\/trends-grosse-groessen\/?p=15854"},"modified":"2023-11-09T10:01:23","modified_gmt":"2023-11-09T08:01:23","slug":"mein-lieblings-herbst-look-in-grossen-groessen","status":"publish","type":"post","link":"https:\/\/www.incurvy.de\/trends-grosse-groessen\/mein-lieblings-herbst-look-in-grossen-groessen\/","title":{"rendered":"Mein Lieblings Herbst Look in gro\u00dfen Gr\u00f6\u00dfen"},"content":{"rendered":"<h2>Mein Lieblings-Herbst Look in gro\u00dfen Gr\u00f6\u00dfen<\/h2>\n<p>Darf ich vorstellen? Mein Lieblings-Herbst Look in gro\u00dfen Gr\u00f6\u00dfen. Ihr kennt das bestimmt, wenn Ihr Euch in bestimmten Plus Size Outfits besonders wohl f\u00fchlt. So geht es mir mit diesem l\u00e4ssig-sportlichen Style. Schnell angezogen und ab in die Arbeit.\u00a0Bei den f\u00fcr November warmen Temperaturen konnte ich es nicht lassen, mein schwarzes xxl Kleid nochmal rauszuholen und mit den Calzedonia Netz-Strumpfhosen und den sportlichen Sneaker zu kombinieren.<\/p>\n<h2><strong>Mein l\u00e4ssiger Favorite-Herbst Look in gro\u00dfen Gr\u00f6\u00dfen<\/strong><\/h2>\n<p>Dass ich offene <a href=\"https:\/\/www.incurvy.de\/trends-grosse-groessen\/plus-size-outfit-long-strickjacken-sind-voll-im-trend\/\" target=\"_blank\" rel=\"noopener\">Long-Strickjacken<\/a> mag, das habe ich Euch schon mal in einem anderen Beitrag von mir gezeigt. Heute habe ich einen langen melierten Cardigan an. Ich wei\u00df leider nicht mehr,\u00a0 woher ich den habe, ist schon l\u00e4nger her, dass ich die Strickjacke gekauft habe. Schaut doch mal unter <a href=\"https:\/\/www.incurvy.de\/damenmode\/strickjacken\/\" target=\"_blank\" rel=\"noopener\">Strickjacken in gro\u00dfen Gr\u00f6\u00dfen<\/a> bei incurvy &#8211; dort habt Ihr eine Menge Cardigans und kuschelige Strickjacken zur Auswahl. Ihr werdet so eine \u00e4hnliche Long-Strickjacke bestimmt finden.<\/p>\n<p><strong><a href=\"https:\/\/www.incurvy.de\/trends-grosse-groessen\/wp-content\/uploads\/2014\/11\/Plus-Size-Outfit-Herbst-Kathi2.jpg\" data-rel=\"penci-gallery-image-content\" ><img loading=\"lazy\" decoding=\"async\" class=\"alignnone size-large wp-image-3674\" src=\"https:\/\/www.incurvy.de\/trends-grosse-groessen\/wp-content\/uploads\/2014\/11\/Plus-Size-Outfit-Herbst-Kathi2-785x1024.jpg\" alt=\"Mein Lieblings Herbst Look in gro\u00dfen Gr\u00f6\u00dfen\" width=\"785\" height=\"1024\" srcset=\"https:\/\/incurvy.co.uk\/wp-content\/uploads\/2014\/11\/Plus-Size-Outfit-Herbst-Kathi2-785x1024.jpg 785w, https:\/\/incurvy.co.uk\/wp-content\/uploads\/2014\/11\/Plus-Size-Outfit-Herbst-Kathi2-230x300.jpg 230w, https:\/\/incurvy.co.uk\/wp-content\/uploads\/2014\/11\/Plus-Size-Outfit-Herbst-Kathi2-768x1002.jpg 768w, https:\/\/incurvy.co.uk\/wp-content\/uploads\/2014\/11\/Plus-Size-Outfit-Herbst-Kathi2-1178x1536.jpg 1178w, https:\/\/incurvy.co.uk\/wp-content\/uploads\/2014\/11\/Plus-Size-Outfit-Herbst-Kathi2-1170x1526.jpg 1170w, https:\/\/incurvy.co.uk\/wp-content\/uploads\/2014\/11\/Plus-Size-Outfit-Herbst-Kathi2-585x763.jpg 585w, https:\/\/incurvy.co.uk\/wp-content\/uploads\/2014\/11\/Plus-Size-Outfit-Herbst-Kathi2.jpg 1472w\" sizes=\"auto, (max-width: 785px) 100vw, 785px\" \/><\/a><\/strong><\/p>\n<h2><strong>Was ich sonst noch trage an curvy Fashion?<\/strong><\/h2>\n<p>Unter der Strickjacke in XXL verbirgt sich ein Top und darunter ein schwarzes Kleid. Ich kombiniere in meinem Herbst Look \u00a0 das Baumwoll-Kleid in gro\u00dfen Gr\u00f6\u00dfen mit <strong>feinen Netz-Strumpfhosen und wei\u00dfen vans Sneaker<\/strong>.<\/p>\n<p><a href=\"https:\/\/www.incurvy.de\/trends-grosse-groessen\/wp-content\/uploads\/2014\/11\/Plus-Size-Outfit-Herbst-Kathi-Sneaker.jpg\" data-rel=\"penci-gallery-image-content\" ><img loading=\"lazy\" decoding=\"async\" class=\"alignnone wp-image-3687\" src=\"https:\/\/www.incurvy.de\/trends-grosse-groessen\/wp-content\/uploads\/2014\/11\/Plus-Size-Outfit-Herbst-Kathi-Sneaker-1024x768.jpg\" alt=\"Mein Lieblings Herbst Look in gro\u00dfen Gr\u00f6\u00dfen\" width=\"717\" height=\"538\" srcset=\"https:\/\/incurvy.co.uk\/wp-content\/uploads\/2014\/11\/Plus-Size-Outfit-Herbst-Kathi-Sneaker-1024x768.jpg 1024w, https:\/\/incurvy.co.uk\/wp-content\/uploads\/2014\/11\/Plus-Size-Outfit-Herbst-Kathi-Sneaker-300x225.jpg 300w, https:\/\/incurvy.co.uk\/wp-content\/uploads\/2014\/11\/Plus-Size-Outfit-Herbst-Kathi-Sneaker-250x188.jpg 250w, https:\/\/incurvy.co.uk\/wp-content\/uploads\/2014\/11\/Plus-Size-Outfit-Herbst-Kathi-Sneaker-768x576.jpg 768w, https:\/\/incurvy.co.uk\/wp-content\/uploads\/2014\/11\/Plus-Size-Outfit-Herbst-Kathi-Sneaker-1170x878.jpg 1170w, https:\/\/incurvy.co.uk\/wp-content\/uploads\/2014\/11\/Plus-Size-Outfit-Herbst-Kathi-Sneaker-585x439.jpg 585w, https:\/\/incurvy.co.uk\/wp-content\/uploads\/2014\/11\/Plus-Size-Outfit-Herbst-Kathi-Sneaker.jpg 1500w\" sizes=\"auto, (max-width: 717px) 100vw, 717px\" \/><\/a><\/p>\n<p>Wie Ihr seht, liebe ich Accessoires &#8211; damit spare ich meist nie \ud83d\ude09 Meine Farben in diesem Outfit sind <strong>Gold- und Braun-T\u00f6ne sowie sanftes T\u00fcrkis<\/strong>, was mich an einen warmen Sommer erinnert. Das macht gute Laune.<\/p>\n<p><a href=\"https:\/\/www.incurvy.de\/trends-grosse-groessen\/wp-content\/uploads\/2014\/11\/Plus-Size-Outfit-Herbst-Kathi-Accessoires.jpg\" data-rel=\"penci-gallery-image-content\" ><img loading=\"lazy\" decoding=\"async\" class=\"alignnone wp-image-3679\" src=\"https:\/\/www.incurvy.de\/trends-grosse-groessen\/wp-content\/uploads\/2014\/11\/Plus-Size-Outfit-Herbst-Kathi-Accessoires-768x1024.jpg\" alt=\"Mein Lieblings Herbst Look in gro\u00dfen Gr\u00f6\u00dfen\" width=\"614\" height=\"819\" srcset=\"https:\/\/incurvy.co.uk\/wp-content\/uploads\/2014\/11\/Plus-Size-Outfit-Herbst-Kathi-Accessoires-768x1024.jpg 768w, https:\/\/incurvy.co.uk\/wp-content\/uploads\/2014\/11\/Plus-Size-Outfit-Herbst-Kathi-Accessoires-225x300.jpg 225w, https:\/\/incurvy.co.uk\/wp-content\/uploads\/2014\/11\/Plus-Size-Outfit-Herbst-Kathi-Accessoires-1152x1536.jpg 1152w, https:\/\/incurvy.co.uk\/wp-content\/uploads\/2014\/11\/Plus-Size-Outfit-Herbst-Kathi-Accessoires-1170x1560.jpg 1170w, https:\/\/incurvy.co.uk\/wp-content\/uploads\/2014\/11\/Plus-Size-Outfit-Herbst-Kathi-Accessoires-585x780.jpg 585w, https:\/\/incurvy.co.uk\/wp-content\/uploads\/2014\/11\/Plus-Size-Outfit-Herbst-Kathi-Accessoires.jpg 1440w\" sizes=\"auto, (max-width: 614px) 100vw, 614px\" \/><\/a><\/p>\n<p><a href=\"https:\/\/www.incurvy.de\/trends-grosse-groessen\/wp-content\/uploads\/2014\/11\/Plus-Size-Outfit-Herbst-Kathi-Kette.jpg\" data-rel=\"penci-gallery-image-content\" ><img loading=\"lazy\" decoding=\"async\" class=\"alignnone wp-image-3682\" src=\"https:\/\/www.incurvy.de\/trends-grosse-groessen\/wp-content\/uploads\/2014\/11\/Plus-Size-Outfit-Herbst-Kathi-Kette-904x1024.jpg\" alt=\"Mein Lieblings Herbst Look in gro\u00dfen Gr\u00f6\u00dfen\" width=\"619\" height=\"701\" srcset=\"https:\/\/incurvy.co.uk\/wp-content\/uploads\/2014\/11\/Plus-Size-Outfit-Herbst-Kathi-Kette-904x1024.jpg 904w, https:\/\/incurvy.co.uk\/wp-content\/uploads\/2014\/11\/Plus-Size-Outfit-Herbst-Kathi-Kette-265x300.jpg 265w, https:\/\/incurvy.co.uk\/wp-content\/uploads\/2014\/11\/Plus-Size-Outfit-Herbst-Kathi-Kette-250x283.jpg 250w, https:\/\/incurvy.co.uk\/wp-content\/uploads\/2014\/11\/Plus-Size-Outfit-Herbst-Kathi-Kette-768x870.jpg 768w, https:\/\/incurvy.co.uk\/wp-content\/uploads\/2014\/11\/Plus-Size-Outfit-Herbst-Kathi-Kette-1170x1325.jpg 1170w, https:\/\/incurvy.co.uk\/wp-content\/uploads\/2014\/11\/Plus-Size-Outfit-Herbst-Kathi-Kette-585x663.jpg 585w, https:\/\/incurvy.co.uk\/wp-content\/uploads\/2014\/11\/Plus-Size-Outfit-Herbst-Kathi-Kette.jpg 1200w\" sizes=\"auto, (max-width: 619px) 100vw, 619px\" \/><\/a><\/p>\n<p><strong>\u00c4hnliche Lieblingsteile findest du bei <a href=\"https:\/\/www.incurvy.de\" target=\"_blank\" rel=\"noopener\">incurvy!<\/a><\/strong><\/p>\n","protected":false},"excerpt":{"rendered":"<p>Mein Lieblings-Herbst Look in gro\u00dfen Gr\u00f6\u00dfen Darf ich vorstellen? Mein Lieblings-Herbst Look in gro\u00dfen Gr\u00f6\u00dfen. Ihr kennt das bestimmt, wenn Ihr Euch&hellip;<\/p>\n","protected":false},"author":1,"featured_media":15860,"comment_status":"open","ping_status":"open","sticky":false,"template":"","format":"standard","meta":{"footnotes":""},"categories":[9,5,1],"tags":[2552,2553,131],"class_list":["post-15854","post","type-post","status-publish","format-standard","has-post-thumbnail","hentry","category-damenmode-grosse-groessen","category-mode-tipps-tricks","category-kategorie-plus-size-mode","tag-herbst-look-grosse-groessen","tag-look-in-grossen-groessen","tag-mode-in-grossen-groessen"],"yoast_head":"<!-- This site is optimized with the Yoast SEO plugin v27.5 - https:\/\/yoast.com\/product\/yoast-seo-wordpress\/ -->\n<title>Mein Lieblings Herbst-Look in gro\u00dfen Gr\u00f6\u00dfen<\/title>\n<meta name=\"description\" content=\"Ich stelle Euch meinen Herbst-Look in gro\u00dfen Gr\u00f6\u00dfen vor: Kennt Ihr das, wenn Ihr Euch in bestimmten Plus Size Outfits besonders wohl f\u00fchlt?\" \/>\n<meta name=\"robots\" content=\"index, follow, max-snippet:-1, max-image-preview:large, max-video-preview:-1\" \/>\n<link rel=\"canonical\" href=\"https:\/\/www.incurvy.de\/trends-grosse-groessen\/mein-lieblings-herbst-look-in-grossen-groessen\/\" \/>\n<meta property=\"og:locale\" content=\"de_DE\" \/>\n<meta property=\"og:type\" content=\"article\" \/>\n<meta property=\"og:title\" content=\"Mein Lieblings Herbst-Look in gro\u00dfen Gr\u00f6\u00dfen\" \/>\n<meta property=\"og:description\" content=\"Ich stelle Euch meinen Herbst-Look in gro\u00dfen Gr\u00f6\u00dfen vor: Kennt Ihr das, wenn Ihr Euch in bestimmten Plus Size Outfits besonders wohl f\u00fchlt?\" \/>\n<meta property=\"og:url\" content=\"https:\/\/www.incurvy.de\/trends-grosse-groessen\/mein-lieblings-herbst-look-in-grossen-groessen\/\" \/>\n<meta property=\"og:site_name\" content=\"INCURVY Plus-Size Fashion - BLOG\" \/>\n<meta property=\"article:published_time\" content=\"2023-11-09T07:49:17+00:00\" \/>\n<meta property=\"article:modified_time\" content=\"2023-11-09T08:01:23+00:00\" \/>\n<meta property=\"og:image\" content=\"https:\/\/incurvy.co.uk\/wp-content\/uploads\/2023\/11\/herbst_llok-xxl-scaled.jpg\" \/>\n\t<meta property=\"og:image:width\" content=\"1920\" \/>\n\t<meta property=\"og:image:height\" content=\"1280\" \/>\n\t<meta property=\"og:image:type\" content=\"image\/jpeg\" \/>\n<meta name=\"author\" content=\"Sofia\" \/>\n<meta name=\"twitter:card\" content=\"summary_large_image\" \/>\n<meta name=\"twitter:label1\" content=\"Verfasst von\" \/>\n\t<meta name=\"twitter:data1\" content=\"Sofia\" \/>\n\t<meta name=\"twitter:label2\" content=\"Gesch\u00e4tzte Lesezeit\" \/>\n\t<meta name=\"twitter:data2\" content=\"3\u00a0Minuten\" \/>\n<script type=\"application\/ld+json\" class=\"yoast-schema-graph\">{\"@context\":\"https:\\\/\\\/schema.org\",\"@graph\":[{\"@type\":\"Article\",\"@id\":\"https:\\\/\\\/www.incurvy.de\\\/trends-grosse-groessen\\\/mein-lieblings-herbst-look-in-grossen-groessen\\\/#article\",\"isPartOf\":{\"@id\":\"https:\\\/\\\/www.incurvy.de\\\/trends-grosse-groessen\\\/mein-lieblings-herbst-look-in-grossen-groessen\\\/\"},\"author\":{\"name\":\"Sofia\",\"@id\":\"https:\\\/\\\/www.incurvy.de\\\/trends-grosse-groessen\\\/#\\\/schema\\\/person\\\/e0bcf5f8e74b1ed54bee9a5beb26522d\"},\"headline\":\"Mein Lieblings Herbst Look in gro\u00dfen Gr\u00f6\u00dfen\",\"datePublished\":\"2023-11-09T07:49:17+00:00\",\"dateModified\":\"2023-11-09T08:01:23+00:00\",\"mainEntityOfPage\":{\"@id\":\"https:\\\/\\\/www.incurvy.de\\\/trends-grosse-groessen\\\/mein-lieblings-herbst-look-in-grossen-groessen\\\/\"},\"wordCount\":264,\"commentCount\":0,\"publisher\":{\"@id\":\"https:\\\/\\\/www.incurvy.de\\\/trends-grosse-groessen\\\/#\\\/schema\\\/person\\\/0f0b11c021b39ea29dafea3a21fef662\"},\"image\":{\"@id\":\"https:\\\/\\\/www.incurvy.de\\\/trends-grosse-groessen\\\/mein-lieblings-herbst-look-in-grossen-groessen\\\/#primaryimage\"},\"thumbnailUrl\":\"https:\\\/\\\/incurvy.co.uk\\\/wp-content\\\/uploads\\\/2023\\\/11\\\/herbst_llok-xxl-scaled.jpg\",\"keywords\":[\"Herbst Look gro\u00dfe Gr\u00f6\u00dfen\",\"Look in gro\u00dfen Gr\u00f6\u00dfen\",\"Mode in gro\u00dfen Gr\u00f6\u00dfen\"],\"articleSection\":[\"Damenmode gro\u00dfe Gr\u00f6\u00dfen\",\"Mode Tipps &amp; Tricks\",\"Plus-Size Mode\"],\"inLanguage\":\"de\",\"potentialAction\":[{\"@type\":\"CommentAction\",\"name\":\"Comment\",\"target\":[\"https:\\\/\\\/www.incurvy.de\\\/trends-grosse-groessen\\\/mein-lieblings-herbst-look-in-grossen-groessen\\\/#respond\"]}]},{\"@type\":\"WebPage\",\"@id\":\"https:\\\/\\\/www.incurvy.de\\\/trends-grosse-groessen\\\/mein-lieblings-herbst-look-in-grossen-groessen\\\/\",\"url\":\"https:\\\/\\\/www.incurvy.de\\\/trends-grosse-groessen\\\/mein-lieblings-herbst-look-in-grossen-groessen\\\/\",\"name\":\"Mein Lieblings Herbst-Look in gro\u00dfen Gr\u00f6\u00dfen\",\"isPartOf\":{\"@id\":\"https:\\\/\\\/www.incurvy.de\\\/trends-grosse-groessen\\\/#website\"},\"primaryImageOfPage\":{\"@id\":\"https:\\\/\\\/www.incurvy.de\\\/trends-grosse-groessen\\\/mein-lieblings-herbst-look-in-grossen-groessen\\\/#primaryimage\"},\"image\":{\"@id\":\"https:\\\/\\\/www.incurvy.de\\\/trends-grosse-groessen\\\/mein-lieblings-herbst-look-in-grossen-groessen\\\/#primaryimage\"},\"thumbnailUrl\":\"https:\\\/\\\/incurvy.co.uk\\\/wp-content\\\/uploads\\\/2023\\\/11\\\/herbst_llok-xxl-scaled.jpg\",\"datePublished\":\"2023-11-09T07:49:17+00:00\",\"dateModified\":\"2023-11-09T08:01:23+00:00\",\"description\":\"Ich stelle Euch meinen Herbst-Look in gro\u00dfen Gr\u00f6\u00dfen vor: Kennt Ihr das, wenn Ihr Euch in bestimmten Plus Size Outfits besonders wohl f\u00fchlt?\",\"breadcrumb\":{\"@id\":\"https:\\\/\\\/www.incurvy.de\\\/trends-grosse-groessen\\\/mein-lieblings-herbst-look-in-grossen-groessen\\\/#breadcrumb\"},\"inLanguage\":\"de\",\"potentialAction\":[{\"@type\":\"ReadAction\",\"target\":[\"https:\\\/\\\/www.incurvy.de\\\/trends-grosse-groessen\\\/mein-lieblings-herbst-look-in-grossen-groessen\\\/\"]}]},{\"@type\":\"ImageObject\",\"inLanguage\":\"de\",\"@id\":\"https:\\\/\\\/www.incurvy.de\\\/trends-grosse-groessen\\\/mein-lieblings-herbst-look-in-grossen-groessen\\\/#primaryimage\",\"url\":\"https:\\\/\\\/incurvy.co.uk\\\/wp-content\\\/uploads\\\/2023\\\/11\\\/herbst_llok-xxl-scaled.jpg\",\"contentUrl\":\"https:\\\/\\\/incurvy.co.uk\\\/wp-content\\\/uploads\\\/2023\\\/11\\\/herbst_llok-xxl-scaled.jpg\",\"width\":1920,\"height\":1280,\"caption\":\"Mein Lieblings-Herbst Look in gro\u00dfen Gr\u00f6\u00dfen\"},{\"@type\":\"BreadcrumbList\",\"@id\":\"https:\\\/\\\/www.incurvy.de\\\/trends-grosse-groessen\\\/mein-lieblings-herbst-look-in-grossen-groessen\\\/#breadcrumb\",\"itemListElement\":[{\"@type\":\"ListItem\",\"position\":1,\"name\":\"Home\",\"item\":\"https:\\\/\\\/www.incurvy.de\\\/trends-grosse-groessen\\\/\"},{\"@type\":\"ListItem\",\"position\":2,\"name\":\"Mein Lieblings Herbst Look in gro\u00dfen Gr\u00f6\u00dfen\"}]},{\"@type\":\"WebSite\",\"@id\":\"https:\\\/\\\/www.incurvy.de\\\/trends-grosse-groessen\\\/#website\",\"url\":\"https:\\\/\\\/www.incurvy.de\\\/trends-grosse-groessen\\\/\",\"name\":\"INCURVY Plus-Size Fashion - BLOG\",\"description\":\"INCURVY Plus-Size Fashion - BLOG\",\"publisher\":{\"@id\":\"https:\\\/\\\/www.incurvy.de\\\/trends-grosse-groessen\\\/#\\\/schema\\\/person\\\/0f0b11c021b39ea29dafea3a21fef662\"},\"potentialAction\":[{\"@type\":\"SearchAction\",\"target\":{\"@type\":\"EntryPoint\",\"urlTemplate\":\"https:\\\/\\\/www.incurvy.de\\\/trends-grosse-groessen\\\/?s={search_term_string}\"},\"query-input\":{\"@type\":\"PropertyValueSpecification\",\"valueRequired\":true,\"valueName\":\"search_term_string\"}}],\"inLanguage\":\"de\"},{\"@type\":[\"Person\",\"Organization\"],\"@id\":\"https:\\\/\\\/www.incurvy.de\\\/trends-grosse-groessen\\\/#\\\/schema\\\/person\\\/0f0b11c021b39ea29dafea3a21fef662\",\"name\":\"Eleonore\",\"image\":{\"@type\":\"ImageObject\",\"inLanguage\":\"de\",\"@id\":\"https:\\\/\\\/www.incurvy.de\\\/trends-grosse-groessen\\\/wp-content\\\/uploads\\\/2024\\\/02\\\/inCurvyLogoTransparent.png\",\"url\":\"https:\\\/\\\/www.incurvy.de\\\/trends-grosse-groessen\\\/wp-content\\\/uploads\\\/2024\\\/02\\\/inCurvyLogoTransparent.png\",\"contentUrl\":\"https:\\\/\\\/www.incurvy.de\\\/trends-grosse-groessen\\\/wp-content\\\/uploads\\\/2024\\\/02\\\/inCurvyLogoTransparent.png\",\"width\":1920,\"height\":1080,\"caption\":\"Eleonore\"},\"logo\":{\"@id\":\"https:\\\/\\\/www.incurvy.de\\\/trends-grosse-groessen\\\/wp-content\\\/uploads\\\/2024\\\/02\\\/inCurvyLogoTransparent.png\"}},{\"@type\":\"Person\",\"@id\":\"https:\\\/\\\/www.incurvy.de\\\/trends-grosse-groessen\\\/#\\\/schema\\\/person\\\/e0bcf5f8e74b1ed54bee9a5beb26522d\",\"name\":\"Sofia\",\"image\":{\"@type\":\"ImageObject\",\"inLanguage\":\"de\",\"@id\":\"https:\\\/\\\/secure.gravatar.com\\\/avatar\\\/4a182d84a0a0ac73964750f4faa49be2ca435fed0e5e56d4a63a9c04ac78d94c?s=96&d=mm&r=g\",\"url\":\"https:\\\/\\\/secure.gravatar.com\\\/avatar\\\/4a182d84a0a0ac73964750f4faa49be2ca435fed0e5e56d4a63a9c04ac78d94c?s=96&d=mm&r=g\",\"contentUrl\":\"https:\\\/\\\/secure.gravatar.com\\\/avatar\\\/4a182d84a0a0ac73964750f4faa49be2ca435fed0e5e56d4a63a9c04ac78d94c?s=96&d=mm&r=g\",\"caption\":\"Sofia\"},\"url\":\"https:\\\/\\\/www.incurvy.de\\\/trends-grosse-groessen\\\/author\\\/admin\\\/\"}]}<\/script>\n<!-- \/ Yoast SEO plugin. -->","yoast_head_json":{"title":"Mein Lieblings Herbst-Look in gro\u00dfen Gr\u00f6\u00dfen","description":"Ich stelle Euch meinen Herbst-Look in gro\u00dfen Gr\u00f6\u00dfen vor: Kennt Ihr das, wenn Ihr Euch in bestimmten Plus Size Outfits besonders wohl f\u00fchlt?","robots":{"index":"index","follow":"follow","max-snippet":"max-snippet:-1","max-image-preview":"max-image-preview:large","max-video-preview":"max-video-preview:-1"},"canonical":"https:\/\/www.incurvy.de\/trends-grosse-groessen\/mein-lieblings-herbst-look-in-grossen-groessen\/","og_locale":"de_DE","og_type":"article","og_title":"Mein Lieblings Herbst-Look in gro\u00dfen Gr\u00f6\u00dfen","og_description":"Ich stelle Euch meinen Herbst-Look in gro\u00dfen Gr\u00f6\u00dfen vor: Kennt Ihr das, wenn Ihr Euch in bestimmten Plus Size Outfits besonders wohl f\u00fchlt?","og_url":"https:\/\/www.incurvy.de\/trends-grosse-groessen\/mein-lieblings-herbst-look-in-grossen-groessen\/","og_site_name":"INCURVY Plus-Size Fashion - BLOG","article_published_time":"2023-11-09T07:49:17+00:00","article_modified_time":"2023-11-09T08:01:23+00:00","og_image":[{"width":1920,"height":1280,"url":"https:\/\/incurvy.co.uk\/wp-content\/uploads\/2023\/11\/herbst_llok-xxl-scaled.jpg","type":"image\/jpeg"}],"author":"Sofia","twitter_card":"summary_large_image","twitter_misc":{"Verfasst von":"Sofia","Gesch\u00e4tzte Lesezeit":"3\u00a0Minuten"},"schema":{"@context":"https:\/\/schema.org","@graph":[{"@type":"Article","@id":"https:\/\/www.incurvy.de\/trends-grosse-groessen\/mein-lieblings-herbst-look-in-grossen-groessen\/#article","isPartOf":{"@id":"https:\/\/www.incurvy.de\/trends-grosse-groessen\/mein-lieblings-herbst-look-in-grossen-groessen\/"},"author":{"name":"Sofia","@id":"https:\/\/www.incurvy.de\/trends-grosse-groessen\/#\/schema\/person\/e0bcf5f8e74b1ed54bee9a5beb26522d"},"headline":"Mein Lieblings Herbst Look in gro\u00dfen Gr\u00f6\u00dfen","datePublished":"2023-11-09T07:49:17+00:00","dateModified":"2023-11-09T08:01:23+00:00","mainEntityOfPage":{"@id":"https:\/\/www.incurvy.de\/trends-grosse-groessen\/mein-lieblings-herbst-look-in-grossen-groessen\/"},"wordCount":264,"commentCount":0,"publisher":{"@id":"https:\/\/www.incurvy.de\/trends-grosse-groessen\/#\/schema\/person\/0f0b11c021b39ea29dafea3a21fef662"},"image":{"@id":"https:\/\/www.incurvy.de\/trends-grosse-groessen\/mein-lieblings-herbst-look-in-grossen-groessen\/#primaryimage"},"thumbnailUrl":"https:\/\/incurvy.co.uk\/wp-content\/uploads\/2023\/11\/herbst_llok-xxl-scaled.jpg","keywords":["Herbst Look gro\u00dfe Gr\u00f6\u00dfen","Look in gro\u00dfen Gr\u00f6\u00dfen","Mode in gro\u00dfen Gr\u00f6\u00dfen"],"articleSection":["Damenmode gro\u00dfe Gr\u00f6\u00dfen","Mode Tipps &amp; Tricks","Plus-Size Mode"],"inLanguage":"de","potentialAction":[{"@type":"CommentAction","name":"Comment","target":["https:\/\/www.incurvy.de\/trends-grosse-groessen\/mein-lieblings-herbst-look-in-grossen-groessen\/#respond"]}]},{"@type":"WebPage","@id":"https:\/\/www.incurvy.de\/trends-grosse-groessen\/mein-lieblings-herbst-look-in-grossen-groessen\/","url":"https:\/\/www.incurvy.de\/trends-grosse-groessen\/mein-lieblings-herbst-look-in-grossen-groessen\/","name":"Mein Lieblings Herbst-Look in gro\u00dfen Gr\u00f6\u00dfen","isPartOf":{"@id":"https:\/\/www.incurvy.de\/trends-grosse-groessen\/#website"},"primaryImageOfPage":{"@id":"https:\/\/www.incurvy.de\/trends-grosse-groessen\/mein-lieblings-herbst-look-in-grossen-groessen\/#primaryimage"},"image":{"@id":"https:\/\/www.incurvy.de\/trends-grosse-groessen\/mein-lieblings-herbst-look-in-grossen-groessen\/#primaryimage"},"thumbnailUrl":"https:\/\/incurvy.co.uk\/wp-content\/uploads\/2023\/11\/herbst_llok-xxl-scaled.jpg","datePublished":"2023-11-09T07:49:17+00:00","dateModified":"2023-11-09T08:01:23+00:00","description":"Ich stelle Euch meinen Herbst-Look in gro\u00dfen Gr\u00f6\u00dfen vor: Kennt Ihr das, wenn Ihr Euch in bestimmten Plus Size Outfits besonders wohl f\u00fchlt?","breadcrumb":{"@id":"https:\/\/www.incurvy.de\/trends-grosse-groessen\/mein-lieblings-herbst-look-in-grossen-groessen\/#breadcrumb"},"inLanguage":"de","potentialAction":[{"@type":"ReadAction","target":["https:\/\/www.incurvy.de\/trends-grosse-groessen\/mein-lieblings-herbst-look-in-grossen-groessen\/"]}]},{"@type":"ImageObject","inLanguage":"de","@id":"https:\/\/www.incurvy.de\/trends-grosse-groessen\/mein-lieblings-herbst-look-in-grossen-groessen\/#primaryimage","url":"https:\/\/incurvy.co.uk\/wp-content\/uploads\/2023\/11\/herbst_llok-xxl-scaled.jpg","contentUrl":"https:\/\/incurvy.co.uk\/wp-content\/uploads\/2023\/11\/herbst_llok-xxl-scaled.jpg","width":1920,"height":1280,"caption":"Mein Lieblings-Herbst Look in gro\u00dfen Gr\u00f6\u00dfen"},{"@type":"BreadcrumbList","@id":"https:\/\/www.incurvy.de\/trends-grosse-groessen\/mein-lieblings-herbst-look-in-grossen-groessen\/#breadcrumb","itemListElement":[{"@type":"ListItem","position":1,"name":"Home","item":"https:\/\/www.incurvy.de\/trends-grosse-groessen\/"},{"@type":"ListItem","position":2,"name":"Mein Lieblings Herbst Look in gro\u00dfen Gr\u00f6\u00dfen"}]},{"@type":"WebSite","@id":"https:\/\/www.incurvy.de\/trends-grosse-groessen\/#website","url":"https:\/\/www.incurvy.de\/trends-grosse-groessen\/","name":"INCURVY Plus-Size Fashion - BLOG","description":"INCURVY Plus-Size Fashion - BLOG","publisher":{"@id":"https:\/\/www.incurvy.de\/trends-grosse-groessen\/#\/schema\/person\/0f0b11c021b39ea29dafea3a21fef662"},"potentialAction":[{"@type":"SearchAction","target":{"@type":"EntryPoint","urlTemplate":"https:\/\/www.incurvy.de\/trends-grosse-groessen\/?s={search_term_string}"},"query-input":{"@type":"PropertyValueSpecification","valueRequired":true,"valueName":"search_term_string"}}],"inLanguage":"de"},{"@type":["Person","Organization"],"@id":"https:\/\/www.incurvy.de\/trends-grosse-groessen\/#\/schema\/person\/0f0b11c021b39ea29dafea3a21fef662","name":"Eleonore","image":{"@type":"ImageObject","inLanguage":"de","@id":"https:\/\/www.incurvy.de\/trends-grosse-groessen\/wp-content\/uploads\/2024\/02\/inCurvyLogoTransparent.png","url":"https:\/\/www.incurvy.de\/trends-grosse-groessen\/wp-content\/uploads\/2024\/02\/inCurvyLogoTransparent.png","contentUrl":"https:\/\/www.incurvy.de\/trends-grosse-groessen\/wp-content\/uploads\/2024\/02\/inCurvyLogoTransparent.png","width":1920,"height":1080,"caption":"Eleonore"},"logo":{"@id":"https:\/\/www.incurvy.de\/trends-grosse-groessen\/wp-content\/uploads\/2024\/02\/inCurvyLogoTransparent.png"}},{"@type":"Person","@id":"https:\/\/www.incurvy.de\/trends-grosse-groessen\/#\/schema\/person\/e0bcf5f8e74b1ed54bee9a5beb26522d","name":"Sofia","image":{"@type":"ImageObject","inLanguage":"de","@id":"https:\/\/secure.gravatar.com\/avatar\/4a182d84a0a0ac73964750f4faa49be2ca435fed0e5e56d4a63a9c04ac78d94c?s=96&d=mm&r=g","url":"https:\/\/secure.gravatar.com\/avatar\/4a182d84a0a0ac73964750f4faa49be2ca435fed0e5e56d4a63a9c04ac78d94c?s=96&d=mm&r=g","contentUrl":"https:\/\/secure.gravatar.com\/avatar\/4a182d84a0a0ac73964750f4faa49be2ca435fed0e5e56d4a63a9c04ac78d94c?s=96&d=mm&r=g","caption":"Sofia"},"url":"https:\/\/www.incurvy.de\/trends-grosse-groessen\/author\/admin\/"}]}},"_links":{"self":[{"href":"https:\/\/www.incurvy.de\/trends-grosse-groessen\/wp-json\/wp\/v2\/posts\/15854","targetHints":{"allow":["GET"]}}],"collection":[{"href":"https:\/\/www.incurvy.de\/trends-grosse-groessen\/wp-json\/wp\/v2\/posts"}],"about":[{"href":"https:\/\/www.incurvy.de\/trends-grosse-groessen\/wp-json\/wp\/v2\/types\/post"}],"author":[{"embeddable":true,"href":"https:\/\/www.incurvy.de\/trends-grosse-groessen\/wp-json\/wp\/v2\/users\/1"}],"replies":[{"embeddable":true,"href":"https:\/\/www.incurvy.de\/trends-grosse-groessen\/wp-json\/wp\/v2\/comments?post=15854"}],"version-history":[{"count":0,"href":"https:\/\/www.incurvy.de\/trends-grosse-groessen\/wp-json\/wp\/v2\/posts\/15854\/revisions"}],"wp:featuredmedia":[{"embeddable":true,"href":"https:\/\/www.incurvy.de\/trends-grosse-groessen\/wp-json\/wp\/v2\/media\/15860"}],"wp:attachment":[{"href":"https:\/\/www.incurvy.de\/trends-grosse-groessen\/wp-json\/wp\/v2\/media?parent=15854"}],"wp:term":[{"taxonomy":"category","embeddable":true,"href":"https:\/\/www.incurvy.de\/trends-grosse-groessen\/wp-json\/wp\/v2\/categories?post=15854"},{"taxonomy":"post_tag","embeddable":true,"href":"https:\/\/www.incurvy.de\/trends-grosse-groessen\/wp-json\/wp\/v2\/tags?post=15854"}],"curies":[{"name":"wp","href":"https:\/\/api.w.org\/{rel}","templated":true}]}}