{"id":15873,"date":"2023-11-12T10:56:31","date_gmt":"2023-11-12T08:56:31","guid":{"rendered":"https:\/\/www.incurvy.de\/trends-grosse-groessen\/?p=15873"},"modified":"2023-11-12T10:57:16","modified_gmt":"2023-11-12T08:57:16","slug":"mit-stil-durch-den-winter-dicke-strickjacken-in-grossen-groessen-2","status":"publish","type":"post","link":"https:\/\/www.incurvy.de\/trends-grosse-groessen\/mit-stil-durch-den-winter-dicke-strickjacken-in-grossen-groessen-2\/","title":{"rendered":"Strickjacken in gro\u00dfen Gr\u00f6\u00dfen w\u00e4rmen in der kalten Jahreszeit"},"content":{"rendered":"<h2 style=\"text-align: justify;\">Dicke Strickjacken in gro\u00dfen Gr\u00f6\u00dfen und kuschelige Wolle w\u00e4rmen in der kalten Jahreszeit<\/h2>\n<p style=\"text-align: justify;\">Die bunten Herbstbl\u00e4tter sind schon l\u00e4ngst von den B\u00e4umen gefallen und Deutschland ist vom ersten Schnee bedeckt. Die Stra\u00dfen, B\u00e4ume und H\u00e4user glitzern wei\u00df und die H\u00e4user sind abends wundersch\u00f6n beleuchtet. Damit Du das eisige \u201eWinter Wonderland\u201c auch genie\u00dfen kannst, musst Du dich warm einpacken und einkuscheln!<\/p>\n<p style=\"text-align: justify;\">Was Du daf\u00fcr brauchst? Warme, <strong>dicke Strickjacken in gro\u00dfen Gr\u00f6\u00dfen<\/strong>. So beugst Du gleichzeitig Erk\u00e4ltungen, Grippen und Infekte vor. Deshalb verraten wir Dir die aktuellen Trends und wichtigen Tricks f\u00fcr Deinen pers\u00f6nlichen Winter-Modestil 2015 in gro\u00dfen Gr\u00f6\u00dfen.<\/p>\n<h2 style=\"text-align: justify;\">1. Die aktuellen Winterfarben: Nicht nur <a href=\"https:\/\/www.incurvy.de\/trends-grosse-groessen\/wunderschoene-herbstfarbe-grau-wie-du-sie-kombinierst\/\" target=\"_blank\" rel=\"noopener\">die wundersch\u00f6ne Farbe Grau<\/a>!<b><br \/>\n<\/b><\/h2>\n<p style=\"text-align: justify;\">Von wegen trister grauer Winter! Neben Schwarz, Grau und Wei\u00df sind <strong>Waldfarben im Winter<\/strong>\u00a0sehr beliebt:<\/p>\n<ul style=\"text-align: justify;\">\n<li>Rot-T\u00f6ne (sowohl sattes Rot, als auch Weinrot)<\/li>\n<li>tiefe Beerenfarben<\/li>\n<li>Blau-T\u00f6ne<\/li>\n<li>Braun<\/li>\n<li>Tannengr\u00fcn, Olivgr\u00fcn<\/li>\n<li>Beige sowie<\/li>\n<li>Pastellfarben<\/li>\n<\/ul>\n<p style=\"text-align: justify;\">Diese Farben (die wir nicht nur im Winter tragen k\u00f6nnen) lassen sich vielf\u00e4ltig kombinieren. Dar\u00fcber hinaus sind Leder\/Lederimitat und Fell im Damenmode-Trend f\u00fcr gro\u00dfe Gr\u00f6\u00dfen.<\/p>\n<p style=\"text-align: justify;\"><a href=\"https:\/\/www.incurvy.de\/trends-grosse-groessen\/wp-content\/uploads\/2014\/12\/strickjacken-in-grossen-groessen.jpg\" data-rel=\"penci-gallery-image-content\" ><img loading=\"lazy\" decoding=\"async\" class=\"alignnone size-full wp-image-4005\" src=\"https:\/\/www.incurvy.de\/trends-grosse-groessen\/wp-content\/uploads\/2014\/12\/strickjacken-in-grossen-groessen.jpg\" alt=\"Warme Strickjacken in gro\u00dfen Gr\u00f6\u00dfen bei incurvy.de\" width=\"1000\" height=\"877\" srcset=\"https:\/\/incurvy.co.uk\/wp-content\/uploads\/2014\/12\/strickjacken-in-grossen-groessen.jpg 1000w, https:\/\/incurvy.co.uk\/wp-content\/uploads\/2014\/12\/strickjacken-in-grossen-groessen-300x263.jpg 300w, https:\/\/incurvy.co.uk\/wp-content\/uploads\/2014\/12\/strickjacken-in-grossen-groessen-250x219.jpg 250w, https:\/\/incurvy.co.uk\/wp-content\/uploads\/2014\/12\/strickjacken-in-grossen-groessen-768x674.jpg 768w, https:\/\/incurvy.co.uk\/wp-content\/uploads\/2014\/12\/strickjacken-in-grossen-groessen-585x513.jpg 585w\" sizes=\"auto, (max-width: 1000px) 100vw, 1000px\" \/><\/a><br \/>\nBei incurvy k\u00f6nnt Ihr trendige <a href=\"https:\/\/www.incurvy.de\/damenmode\/strickjacken-cardigans\/\">Strickjacken in gro\u00dfen Gr\u00f6\u00dfen<\/a> kaufen!<\/p>\n<h2 style=\"text-align: justify;\">2. Das Gesamtpaket im Winter z\u00e4hlt<\/h2>\n<ul style=\"text-align: justify;\">\n<li>Strick in gro\u00dfen Gr\u00f6\u00dfen: Kuschelige Kleidung aus Wolle oder Strick \u2013 sprich Wollsocken, Str\u00fcmpfe, Stulpen, Overknees, dicke Strumpfhosen, Wollr\u00f6cke, schicke Strick-Kleider und Rollkragen-Pullover<\/li>\n<li>ein hochwertiger, warmer Wintermantel<\/li>\n<li>feste und robuste Stiefel mit Stoff- oder Fellf\u00fctterung<\/li>\n<li>sowie Schals, M\u00fctzen und Handschuhe sind das A und O in der Winterzeit!<\/li>\n<\/ul>\n<p style=\"text-align: justify;\">Warme H\u00fcte, M\u00fcnzen und Capes, trendige Schals und T\u00fccher und nicht zu vergessen, modische Handschuhe.<\/p>\n<h2 style=\"text-align: justify;\">3. Je w\u00e4rmer desto besser<\/h2>\n<p style=\"text-align: justify;\">Wappne Dich mit den w\u00e4rmsten und kuscheligsten Kleidungsst\u00fccken, die Du finden kannst! Bei Schals gilt: je gr\u00f6\u00dfer, breiter und dicker, desto w\u00e4rmer. Handschuhe sollten am besten aus echtem Leder sein \u2013 Lederhandschuhe halten l\u00e4nger und sind eleganter. F\u00fcr den etwas sportlicheren Look geh\u00f6ren die \u201eBeanie\u201c-M\u00fctzen unbedingt in den Kleiderschrank. Sie sind meist aus Baumwolle oder Fleece und mit den Pudel- bzw. Bommelm\u00fctzen vergleichbar.<\/p>\n<h2 style=\"text-align: justify;\">4. Mixen ist erw\u00fcnscht<\/h2>\n<p style=\"text-align: justify;\">Keine Sorge, wenn mal wieder eine M\u00fctze oder ein Schal verloren gegangen ist, denn das Mixen von verschiedenen Accessoires, Farben und Materialien macht den individuellen Stil! Du musst Dich also nicht jedes Jahr neue Strick-Sets kaufen, im Gegenteil: Vielleicht entdeckst Du ein lange nicht mehr getragenes Teil aus der letzten Saison wieder.<\/p>\n<h2 style=\"text-align: justify;\">5. Vielfalt ist gew\u00e4hrt<\/h2>\n<p style=\"text-align: justify;\">Wie Du merkst ist die Wintermode alles andere als einf\u00e4ltig. Lebe Dich aus und probiere ruhig mal etwas Neues aus wie zum Beispiel Stulpen oder Overknees zu Deinen Stiefeln kombinieren oder eine Weste zu Deinem Plus Size Outfit mit einem eleganten Strick-Kleid. In diesem Sinne w\u00fcnscht eine warme und gem\u00fctliche Winterzeit mit Strick und Strickjacken in gro\u00dfen Gr\u00f6\u00dfen!<\/p>\n<p style=\"text-align: justify;\">\n","protected":false},"excerpt":{"rendered":"<p>Dicke Strickjacken in gro\u00dfen Gr\u00f6\u00dfen und kuschelige Wolle w\u00e4rmen in der kalten Jahreszeit Die bunten Herbstbl\u00e4tter sind schon l\u00e4ngst von den B\u00e4umen&hellip;<\/p>\n","protected":false},"author":1,"featured_media":15876,"comment_status":"open","ping_status":"open","sticky":false,"template":"","format":"standard","meta":{"footnotes":""},"categories":[9,2,5,1,8],"tags":[2558,2555,2557,2556],"class_list":["post-15873","post","type-post","status-publish","format-standard","has-post-thumbnail","hentry","category-damenmode-grosse-groessen","category-interessante-blog-themen","category-mode-tipps-tricks","category-kategorie-plus-size-mode","category-plus-size-news","tag-plus-size-mode-strickjacken","tag-strickjacken-grosse-groessen","tag-strickjacken-in-uebergroessen","tag-strickjacken-in-xxl"],"yoast_head":"<!-- This site is optimized with the Yoast SEO plugin v27.5 - https:\/\/yoast.com\/product\/yoast-seo-wordpress\/ -->\n<title>Strickjacken in gro\u00dfen Gr\u00f6\u00dfen w\u00e4rmen in der kalten Jahreszeit<\/title>\n<meta name=\"description\" content=\"Strickjacken in gro\u00dfen Gr\u00f6\u00dfen und kuschelige Wolle w\u00e4rmen in der kalten Jahreszeit: Wappne Dich mit warmen Strickjacken bei INCURVY!\" \/>\n<meta name=\"robots\" content=\"index, follow, max-snippet:-1, max-image-preview:large, max-video-preview:-1\" \/>\n<link rel=\"canonical\" href=\"https:\/\/www.incurvy.de\/trends-grosse-groessen\/mit-stil-durch-den-winter-dicke-strickjacken-in-grossen-groessen-2\/\" \/>\n<meta property=\"og:locale\" content=\"de_DE\" \/>\n<meta property=\"og:type\" content=\"article\" \/>\n<meta property=\"og:title\" content=\"Strickjacken in gro\u00dfen Gr\u00f6\u00dfen w\u00e4rmen in der kalten Jahreszeit\" \/>\n<meta property=\"og:description\" content=\"Strickjacken in gro\u00dfen Gr\u00f6\u00dfen und kuschelige Wolle w\u00e4rmen in der kalten Jahreszeit: Wappne Dich mit warmen Strickjacken bei INCURVY!\" \/>\n<meta property=\"og:url\" content=\"https:\/\/www.incurvy.de\/trends-grosse-groessen\/mit-stil-durch-den-winter-dicke-strickjacken-in-grossen-groessen-2\/\" \/>\n<meta property=\"og:site_name\" content=\"INCURVY Plus-Size Fashion - BLOG\" \/>\n<meta property=\"article:published_time\" content=\"2023-11-12T08:56:31+00:00\" \/>\n<meta property=\"article:modified_time\" content=\"2023-11-12T08:57:16+00:00\" \/>\n<meta property=\"og:image\" content=\"https:\/\/incurvy.co.uk\/wp-content\/uploads\/2023\/11\/MG_6873-scaled.jpg\" \/>\n\t<meta property=\"og:image:width\" content=\"1920\" \/>\n\t<meta property=\"og:image:height\" content=\"1280\" \/>\n\t<meta property=\"og:image:type\" content=\"image\/jpeg\" \/>\n<meta name=\"author\" content=\"Sofia\" \/>\n<meta name=\"twitter:card\" content=\"summary_large_image\" \/>\n<meta name=\"twitter:label1\" content=\"Verfasst von\" \/>\n\t<meta name=\"twitter:data1\" content=\"Sofia\" \/>\n\t<meta name=\"twitter:label2\" content=\"Gesch\u00e4tzte Lesezeit\" \/>\n\t<meta name=\"twitter:data2\" content=\"3\u00a0Minuten\" \/>\n<script type=\"application\/ld+json\" class=\"yoast-schema-graph\">{\"@context\":\"https:\\\/\\\/schema.org\",\"@graph\":[{\"@type\":\"Article\",\"@id\":\"https:\\\/\\\/www.incurvy.de\\\/trends-grosse-groessen\\\/mit-stil-durch-den-winter-dicke-strickjacken-in-grossen-groessen-2\\\/#article\",\"isPartOf\":{\"@id\":\"https:\\\/\\\/www.incurvy.de\\\/trends-grosse-groessen\\\/mit-stil-durch-den-winter-dicke-strickjacken-in-grossen-groessen-2\\\/\"},\"author\":{\"name\":\"Sofia\",\"@id\":\"https:\\\/\\\/www.incurvy.de\\\/trends-grosse-groessen\\\/#\\\/schema\\\/person\\\/e0bcf5f8e74b1ed54bee9a5beb26522d\"},\"headline\":\"Strickjacken in gro\u00dfen Gr\u00f6\u00dfen w\u00e4rmen in der kalten Jahreszeit\",\"datePublished\":\"2023-11-12T08:56:31+00:00\",\"dateModified\":\"2023-11-12T08:57:16+00:00\",\"mainEntityOfPage\":{\"@id\":\"https:\\\/\\\/www.incurvy.de\\\/trends-grosse-groessen\\\/mit-stil-durch-den-winter-dicke-strickjacken-in-grossen-groessen-2\\\/\"},\"wordCount\":497,\"commentCount\":0,\"publisher\":{\"@id\":\"https:\\\/\\\/www.incurvy.de\\\/trends-grosse-groessen\\\/#\\\/schema\\\/person\\\/0f0b11c021b39ea29dafea3a21fef662\"},\"image\":{\"@id\":\"https:\\\/\\\/www.incurvy.de\\\/trends-grosse-groessen\\\/mit-stil-durch-den-winter-dicke-strickjacken-in-grossen-groessen-2\\\/#primaryimage\"},\"thumbnailUrl\":\"https:\\\/\\\/incurvy.co.uk\\\/wp-content\\\/uploads\\\/2023\\\/11\\\/MG_6873-scaled.jpg\",\"keywords\":[\"Plus Size Mode Strickjacken\",\"Strickjacken gro\u00dfe Gr\u00f6\u00dfen\",\"Strickjacken in \u00dcbergr\u00f6ssen\",\"Strickjacken in xxl\"],\"articleSection\":[\"Damenmode gro\u00dfe Gr\u00f6\u00dfen\",\"Interessante Themen\",\"Mode Tipps &amp; Tricks\",\"Plus-Size Mode\",\"Plus-Size News\"],\"inLanguage\":\"de\",\"potentialAction\":[{\"@type\":\"CommentAction\",\"name\":\"Comment\",\"target\":[\"https:\\\/\\\/www.incurvy.de\\\/trends-grosse-groessen\\\/mit-stil-durch-den-winter-dicke-strickjacken-in-grossen-groessen-2\\\/#respond\"]}]},{\"@type\":\"WebPage\",\"@id\":\"https:\\\/\\\/www.incurvy.de\\\/trends-grosse-groessen\\\/mit-stil-durch-den-winter-dicke-strickjacken-in-grossen-groessen-2\\\/\",\"url\":\"https:\\\/\\\/www.incurvy.de\\\/trends-grosse-groessen\\\/mit-stil-durch-den-winter-dicke-strickjacken-in-grossen-groessen-2\\\/\",\"name\":\"Strickjacken in gro\u00dfen Gr\u00f6\u00dfen w\u00e4rmen in der kalten Jahreszeit\",\"isPartOf\":{\"@id\":\"https:\\\/\\\/www.incurvy.de\\\/trends-grosse-groessen\\\/#website\"},\"primaryImageOfPage\":{\"@id\":\"https:\\\/\\\/www.incurvy.de\\\/trends-grosse-groessen\\\/mit-stil-durch-den-winter-dicke-strickjacken-in-grossen-groessen-2\\\/#primaryimage\"},\"image\":{\"@id\":\"https:\\\/\\\/www.incurvy.de\\\/trends-grosse-groessen\\\/mit-stil-durch-den-winter-dicke-strickjacken-in-grossen-groessen-2\\\/#primaryimage\"},\"thumbnailUrl\":\"https:\\\/\\\/incurvy.co.uk\\\/wp-content\\\/uploads\\\/2023\\\/11\\\/MG_6873-scaled.jpg\",\"datePublished\":\"2023-11-12T08:56:31+00:00\",\"dateModified\":\"2023-11-12T08:57:16+00:00\",\"description\":\"Strickjacken in gro\u00dfen Gr\u00f6\u00dfen und kuschelige Wolle w\u00e4rmen in der kalten Jahreszeit: Wappne Dich mit warmen Strickjacken bei INCURVY!\",\"breadcrumb\":{\"@id\":\"https:\\\/\\\/www.incurvy.de\\\/trends-grosse-groessen\\\/mit-stil-durch-den-winter-dicke-strickjacken-in-grossen-groessen-2\\\/#breadcrumb\"},\"inLanguage\":\"de\",\"potentialAction\":[{\"@type\":\"ReadAction\",\"target\":[\"https:\\\/\\\/www.incurvy.de\\\/trends-grosse-groessen\\\/mit-stil-durch-den-winter-dicke-strickjacken-in-grossen-groessen-2\\\/\"]}]},{\"@type\":\"ImageObject\",\"inLanguage\":\"de\",\"@id\":\"https:\\\/\\\/www.incurvy.de\\\/trends-grosse-groessen\\\/mit-stil-durch-den-winter-dicke-strickjacken-in-grossen-groessen-2\\\/#primaryimage\",\"url\":\"https:\\\/\\\/incurvy.co.uk\\\/wp-content\\\/uploads\\\/2023\\\/11\\\/MG_6873-scaled.jpg\",\"contentUrl\":\"https:\\\/\\\/incurvy.co.uk\\\/wp-content\\\/uploads\\\/2023\\\/11\\\/MG_6873-scaled.jpg\",\"width\":1920,\"height\":1280,\"caption\":\"Strickjacken in gro\u00dfen Gr\u00f6\u00dfen\"},{\"@type\":\"BreadcrumbList\",\"@id\":\"https:\\\/\\\/www.incurvy.de\\\/trends-grosse-groessen\\\/mit-stil-durch-den-winter-dicke-strickjacken-in-grossen-groessen-2\\\/#breadcrumb\",\"itemListElement\":[{\"@type\":\"ListItem\",\"position\":1,\"name\":\"Home\",\"item\":\"https:\\\/\\\/www.incurvy.de\\\/trends-grosse-groessen\\\/\"},{\"@type\":\"ListItem\",\"position\":2,\"name\":\"Strickjacken in gro\u00dfen Gr\u00f6\u00dfen w\u00e4rmen in der kalten Jahreszeit\"}]},{\"@type\":\"WebSite\",\"@id\":\"https:\\\/\\\/www.incurvy.de\\\/trends-grosse-groessen\\\/#website\",\"url\":\"https:\\\/\\\/www.incurvy.de\\\/trends-grosse-groessen\\\/\",\"name\":\"INCURVY Plus-Size Fashion - BLOG\",\"description\":\"INCURVY Plus-Size Fashion - BLOG\",\"publisher\":{\"@id\":\"https:\\\/\\\/www.incurvy.de\\\/trends-grosse-groessen\\\/#\\\/schema\\\/person\\\/0f0b11c021b39ea29dafea3a21fef662\"},\"potentialAction\":[{\"@type\":\"SearchAction\",\"target\":{\"@type\":\"EntryPoint\",\"urlTemplate\":\"https:\\\/\\\/www.incurvy.de\\\/trends-grosse-groessen\\\/?s={search_term_string}\"},\"query-input\":{\"@type\":\"PropertyValueSpecification\",\"valueRequired\":true,\"valueName\":\"search_term_string\"}}],\"inLanguage\":\"de\"},{\"@type\":[\"Person\",\"Organization\"],\"@id\":\"https:\\\/\\\/www.incurvy.de\\\/trends-grosse-groessen\\\/#\\\/schema\\\/person\\\/0f0b11c021b39ea29dafea3a21fef662\",\"name\":\"Eleonore\",\"image\":{\"@type\":\"ImageObject\",\"inLanguage\":\"de\",\"@id\":\"https:\\\/\\\/www.incurvy.de\\\/trends-grosse-groessen\\\/wp-content\\\/uploads\\\/2024\\\/02\\\/inCurvyLogoTransparent.png\",\"url\":\"https:\\\/\\\/www.incurvy.de\\\/trends-grosse-groessen\\\/wp-content\\\/uploads\\\/2024\\\/02\\\/inCurvyLogoTransparent.png\",\"contentUrl\":\"https:\\\/\\\/www.incurvy.de\\\/trends-grosse-groessen\\\/wp-content\\\/uploads\\\/2024\\\/02\\\/inCurvyLogoTransparent.png\",\"width\":1920,\"height\":1080,\"caption\":\"Eleonore\"},\"logo\":{\"@id\":\"https:\\\/\\\/www.incurvy.de\\\/trends-grosse-groessen\\\/wp-content\\\/uploads\\\/2024\\\/02\\\/inCurvyLogoTransparent.png\"}},{\"@type\":\"Person\",\"@id\":\"https:\\\/\\\/www.incurvy.de\\\/trends-grosse-groessen\\\/#\\\/schema\\\/person\\\/e0bcf5f8e74b1ed54bee9a5beb26522d\",\"name\":\"Sofia\",\"image\":{\"@type\":\"ImageObject\",\"inLanguage\":\"de\",\"@id\":\"https:\\\/\\\/secure.gravatar.com\\\/avatar\\\/4a182d84a0a0ac73964750f4faa49be2ca435fed0e5e56d4a63a9c04ac78d94c?s=96&d=mm&r=g\",\"url\":\"https:\\\/\\\/secure.gravatar.com\\\/avatar\\\/4a182d84a0a0ac73964750f4faa49be2ca435fed0e5e56d4a63a9c04ac78d94c?s=96&d=mm&r=g\",\"contentUrl\":\"https:\\\/\\\/secure.gravatar.com\\\/avatar\\\/4a182d84a0a0ac73964750f4faa49be2ca435fed0e5e56d4a63a9c04ac78d94c?s=96&d=mm&r=g\",\"caption\":\"Sofia\"},\"url\":\"https:\\\/\\\/www.incurvy.de\\\/trends-grosse-groessen\\\/author\\\/admin\\\/\"}]}<\/script>\n<!-- \/ Yoast SEO plugin. -->","yoast_head_json":{"title":"Strickjacken in gro\u00dfen Gr\u00f6\u00dfen w\u00e4rmen in der kalten Jahreszeit","description":"Strickjacken in gro\u00dfen Gr\u00f6\u00dfen und kuschelige Wolle w\u00e4rmen in der kalten Jahreszeit: Wappne Dich mit warmen Strickjacken bei INCURVY!","robots":{"index":"index","follow":"follow","max-snippet":"max-snippet:-1","max-image-preview":"max-image-preview:large","max-video-preview":"max-video-preview:-1"},"canonical":"https:\/\/www.incurvy.de\/trends-grosse-groessen\/mit-stil-durch-den-winter-dicke-strickjacken-in-grossen-groessen-2\/","og_locale":"de_DE","og_type":"article","og_title":"Strickjacken in gro\u00dfen Gr\u00f6\u00dfen w\u00e4rmen in der kalten Jahreszeit","og_description":"Strickjacken in gro\u00dfen Gr\u00f6\u00dfen und kuschelige Wolle w\u00e4rmen in der kalten Jahreszeit: Wappne Dich mit warmen Strickjacken bei INCURVY!","og_url":"https:\/\/www.incurvy.de\/trends-grosse-groessen\/mit-stil-durch-den-winter-dicke-strickjacken-in-grossen-groessen-2\/","og_site_name":"INCURVY Plus-Size Fashion - BLOG","article_published_time":"2023-11-12T08:56:31+00:00","article_modified_time":"2023-11-12T08:57:16+00:00","og_image":[{"width":1920,"height":1280,"url":"https:\/\/incurvy.co.uk\/wp-content\/uploads\/2023\/11\/MG_6873-scaled.jpg","type":"image\/jpeg"}],"author":"Sofia","twitter_card":"summary_large_image","twitter_misc":{"Verfasst von":"Sofia","Gesch\u00e4tzte Lesezeit":"3\u00a0Minuten"},"schema":{"@context":"https:\/\/schema.org","@graph":[{"@type":"Article","@id":"https:\/\/www.incurvy.de\/trends-grosse-groessen\/mit-stil-durch-den-winter-dicke-strickjacken-in-grossen-groessen-2\/#article","isPartOf":{"@id":"https:\/\/www.incurvy.de\/trends-grosse-groessen\/mit-stil-durch-den-winter-dicke-strickjacken-in-grossen-groessen-2\/"},"author":{"name":"Sofia","@id":"https:\/\/www.incurvy.de\/trends-grosse-groessen\/#\/schema\/person\/e0bcf5f8e74b1ed54bee9a5beb26522d"},"headline":"Strickjacken in gro\u00dfen Gr\u00f6\u00dfen w\u00e4rmen in der kalten Jahreszeit","datePublished":"2023-11-12T08:56:31+00:00","dateModified":"2023-11-12T08:57:16+00:00","mainEntityOfPage":{"@id":"https:\/\/www.incurvy.de\/trends-grosse-groessen\/mit-stil-durch-den-winter-dicke-strickjacken-in-grossen-groessen-2\/"},"wordCount":497,"commentCount":0,"publisher":{"@id":"https:\/\/www.incurvy.de\/trends-grosse-groessen\/#\/schema\/person\/0f0b11c021b39ea29dafea3a21fef662"},"image":{"@id":"https:\/\/www.incurvy.de\/trends-grosse-groessen\/mit-stil-durch-den-winter-dicke-strickjacken-in-grossen-groessen-2\/#primaryimage"},"thumbnailUrl":"https:\/\/incurvy.co.uk\/wp-content\/uploads\/2023\/11\/MG_6873-scaled.jpg","keywords":["Plus Size Mode Strickjacken","Strickjacken gro\u00dfe Gr\u00f6\u00dfen","Strickjacken in \u00dcbergr\u00f6ssen","Strickjacken in xxl"],"articleSection":["Damenmode gro\u00dfe Gr\u00f6\u00dfen","Interessante Themen","Mode Tipps &amp; Tricks","Plus-Size Mode","Plus-Size News"],"inLanguage":"de","potentialAction":[{"@type":"CommentAction","name":"Comment","target":["https:\/\/www.incurvy.de\/trends-grosse-groessen\/mit-stil-durch-den-winter-dicke-strickjacken-in-grossen-groessen-2\/#respond"]}]},{"@type":"WebPage","@id":"https:\/\/www.incurvy.de\/trends-grosse-groessen\/mit-stil-durch-den-winter-dicke-strickjacken-in-grossen-groessen-2\/","url":"https:\/\/www.incurvy.de\/trends-grosse-groessen\/mit-stil-durch-den-winter-dicke-strickjacken-in-grossen-groessen-2\/","name":"Strickjacken in gro\u00dfen Gr\u00f6\u00dfen w\u00e4rmen in der kalten Jahreszeit","isPartOf":{"@id":"https:\/\/www.incurvy.de\/trends-grosse-groessen\/#website"},"primaryImageOfPage":{"@id":"https:\/\/www.incurvy.de\/trends-grosse-groessen\/mit-stil-durch-den-winter-dicke-strickjacken-in-grossen-groessen-2\/#primaryimage"},"image":{"@id":"https:\/\/www.incurvy.de\/trends-grosse-groessen\/mit-stil-durch-den-winter-dicke-strickjacken-in-grossen-groessen-2\/#primaryimage"},"thumbnailUrl":"https:\/\/incurvy.co.uk\/wp-content\/uploads\/2023\/11\/MG_6873-scaled.jpg","datePublished":"2023-11-12T08:56:31+00:00","dateModified":"2023-11-12T08:57:16+00:00","description":"Strickjacken in gro\u00dfen Gr\u00f6\u00dfen und kuschelige Wolle w\u00e4rmen in der kalten Jahreszeit: Wappne Dich mit warmen Strickjacken bei INCURVY!","breadcrumb":{"@id":"https:\/\/www.incurvy.de\/trends-grosse-groessen\/mit-stil-durch-den-winter-dicke-strickjacken-in-grossen-groessen-2\/#breadcrumb"},"inLanguage":"de","potentialAction":[{"@type":"ReadAction","target":["https:\/\/www.incurvy.de\/trends-grosse-groessen\/mit-stil-durch-den-winter-dicke-strickjacken-in-grossen-groessen-2\/"]}]},{"@type":"ImageObject","inLanguage":"de","@id":"https:\/\/www.incurvy.de\/trends-grosse-groessen\/mit-stil-durch-den-winter-dicke-strickjacken-in-grossen-groessen-2\/#primaryimage","url":"https:\/\/incurvy.co.uk\/wp-content\/uploads\/2023\/11\/MG_6873-scaled.jpg","contentUrl":"https:\/\/incurvy.co.uk\/wp-content\/uploads\/2023\/11\/MG_6873-scaled.jpg","width":1920,"height":1280,"caption":"Strickjacken in gro\u00dfen Gr\u00f6\u00dfen"},{"@type":"BreadcrumbList","@id":"https:\/\/www.incurvy.de\/trends-grosse-groessen\/mit-stil-durch-den-winter-dicke-strickjacken-in-grossen-groessen-2\/#breadcrumb","itemListElement":[{"@type":"ListItem","position":1,"name":"Home","item":"https:\/\/www.incurvy.de\/trends-grosse-groessen\/"},{"@type":"ListItem","position":2,"name":"Strickjacken in gro\u00dfen Gr\u00f6\u00dfen w\u00e4rmen in der kalten Jahreszeit"}]},{"@type":"WebSite","@id":"https:\/\/www.incurvy.de\/trends-grosse-groessen\/#website","url":"https:\/\/www.incurvy.de\/trends-grosse-groessen\/","name":"INCURVY Plus-Size Fashion - BLOG","description":"INCURVY Plus-Size Fashion - BLOG","publisher":{"@id":"https:\/\/www.incurvy.de\/trends-grosse-groessen\/#\/schema\/person\/0f0b11c021b39ea29dafea3a21fef662"},"potentialAction":[{"@type":"SearchAction","target":{"@type":"EntryPoint","urlTemplate":"https:\/\/www.incurvy.de\/trends-grosse-groessen\/?s={search_term_string}"},"query-input":{"@type":"PropertyValueSpecification","valueRequired":true,"valueName":"search_term_string"}}],"inLanguage":"de"},{"@type":["Person","Organization"],"@id":"https:\/\/www.incurvy.de\/trends-grosse-groessen\/#\/schema\/person\/0f0b11c021b39ea29dafea3a21fef662","name":"Eleonore","image":{"@type":"ImageObject","inLanguage":"de","@id":"https:\/\/www.incurvy.de\/trends-grosse-groessen\/wp-content\/uploads\/2024\/02\/inCurvyLogoTransparent.png","url":"https:\/\/www.incurvy.de\/trends-grosse-groessen\/wp-content\/uploads\/2024\/02\/inCurvyLogoTransparent.png","contentUrl":"https:\/\/www.incurvy.de\/trends-grosse-groessen\/wp-content\/uploads\/2024\/02\/inCurvyLogoTransparent.png","width":1920,"height":1080,"caption":"Eleonore"},"logo":{"@id":"https:\/\/www.incurvy.de\/trends-grosse-groessen\/wp-content\/uploads\/2024\/02\/inCurvyLogoTransparent.png"}},{"@type":"Person","@id":"https:\/\/www.incurvy.de\/trends-grosse-groessen\/#\/schema\/person\/e0bcf5f8e74b1ed54bee9a5beb26522d","name":"Sofia","image":{"@type":"ImageObject","inLanguage":"de","@id":"https:\/\/secure.gravatar.com\/avatar\/4a182d84a0a0ac73964750f4faa49be2ca435fed0e5e56d4a63a9c04ac78d94c?s=96&d=mm&r=g","url":"https:\/\/secure.gravatar.com\/avatar\/4a182d84a0a0ac73964750f4faa49be2ca435fed0e5e56d4a63a9c04ac78d94c?s=96&d=mm&r=g","contentUrl":"https:\/\/secure.gravatar.com\/avatar\/4a182d84a0a0ac73964750f4faa49be2ca435fed0e5e56d4a63a9c04ac78d94c?s=96&d=mm&r=g","caption":"Sofia"},"url":"https:\/\/www.incurvy.de\/trends-grosse-groessen\/author\/admin\/"}]}},"_links":{"self":[{"href":"https:\/\/www.incurvy.de\/trends-grosse-groessen\/wp-json\/wp\/v2\/posts\/15873","targetHints":{"allow":["GET"]}}],"collection":[{"href":"https:\/\/www.incurvy.de\/trends-grosse-groessen\/wp-json\/wp\/v2\/posts"}],"about":[{"href":"https:\/\/www.incurvy.de\/trends-grosse-groessen\/wp-json\/wp\/v2\/types\/post"}],"author":[{"embeddable":true,"href":"https:\/\/www.incurvy.de\/trends-grosse-groessen\/wp-json\/wp\/v2\/users\/1"}],"replies":[{"embeddable":true,"href":"https:\/\/www.incurvy.de\/trends-grosse-groessen\/wp-json\/wp\/v2\/comments?post=15873"}],"version-history":[{"count":0,"href":"https:\/\/www.incurvy.de\/trends-grosse-groessen\/wp-json\/wp\/v2\/posts\/15873\/revisions"}],"wp:featuredmedia":[{"embeddable":true,"href":"https:\/\/www.incurvy.de\/trends-grosse-groessen\/wp-json\/wp\/v2\/media\/15876"}],"wp:attachment":[{"href":"https:\/\/www.incurvy.de\/trends-grosse-groessen\/wp-json\/wp\/v2\/media?parent=15873"}],"wp:term":[{"taxonomy":"category","embeddable":true,"href":"https:\/\/www.incurvy.de\/trends-grosse-groessen\/wp-json\/wp\/v2\/categories?post=15873"},{"taxonomy":"post_tag","embeddable":true,"href":"https:\/\/www.incurvy.de\/trends-grosse-groessen\/wp-json\/wp\/v2\/tags?post=15873"}],"curies":[{"name":"wp","href":"https:\/\/api.w.org\/{rel}","templated":true}]}}