{"id":15923,"date":"2023-11-18T13:05:50","date_gmt":"2023-11-18T11:05:50","guid":{"rendered":"https:\/\/www.incurvy.de\/trends-grosse-groessen\/?p=15923"},"modified":"2024-02-24T11:37:17","modified_gmt":"2024-02-24T09:37:17","slug":"karohemd-grosse-groessen-der-fashion-hingucker","status":"publish","type":"post","link":"https:\/\/www.incurvy.de\/trends-grosse-groessen\/karohemd-grosse-groessen-der-fashion-hingucker\/","title":{"rendered":"Das Karohemd gro\u00dfe Gr\u00f6\u00dfen f\u00fcr herbstliche Tage"},"content":{"rendered":"<h2>Das Karohemd gro\u00dfe Gr\u00f6\u00dfen f\u00fcr herbstliche Regentage<\/h2>\n<p>Das l\u00e4ssig-robuste Karohemd gro\u00dfe Gr\u00f6\u00dfen ist definitiv mein Outfit-Highlight im Herbst! Kombiniert mit femininen Teilen, wie z.B. einer eng anliegenden Hose, sehen die Holzf\u00e4llerhemden super modisch aus.<\/p>\n<p>Heute zeige ich Euch mein neues Lieblingsteil f\u00fcr den Herbst: Das Karohemd. Gro\u00dfe Gr\u00f6\u00dfen Hemden liebe ich ja zu meinen Plus Size Outfits, aber diese Karo-Kombi hat es mir angetan: Quadratisch &#8211; praktisch &#8211; l\u00e4ssig gut \ud83d\ude42 Ich muss zugeben, ich mag den Grunge-Look (Grunge steht f\u00fcr die 90er Jahre, gepr\u00e4gt von Kurt Cobain von Nirvana, er hat das Karohemd zum Kult gemacht und sich gegen die Modebewegung gestellt). <strong><br \/>\n<\/strong><\/p>\n<h3>Mein entspannter Karo-Look<\/h3>\n<p>Holzf\u00e4ller-Hemd &#8211; zerrissene Jeans &#8211; Sneaker &#8211; Regenjacke &#8211; M\u00fctze<br \/>\nZu einem entspannten Style passt Karo perfekt. Unter dem Karohemd trage ich ein langes Oversize-Print-Shirt, dazu eine zerrissene Used-Jeans und Sneaker. Bei w\u00e4rmeren Temperaturen kann das Karohemd gro\u00dfe Gr\u00f6\u00dfen als praktischer Jackenersatz eingesetzt werden.<\/p>\n<p><a href=\"https:\/\/www.incurvy.de\/trends-grosse-groessen\/wp-content\/uploads\/2014\/10\/Karomuster-trend2.jpg\" data-rel=\"penci-gallery-image-content\" ><img loading=\"lazy\" decoding=\"async\" class=\"alignnone size-large wp-image-3264\" src=\"https:\/\/www.incurvy.de\/trends-grosse-groessen\/wp-content\/uploads\/2014\/10\/Karomuster-trend2-771x1024.jpg\" alt=\"Karohemd gro\u00dfe Gr\u00f6\u00dfen: Der Fashion-Hingucker 2014\" width=\"771\" height=\"1024\" srcset=\"https:\/\/incurvy.co.uk\/wp-content\/uploads\/2014\/10\/Karomuster-trend2-771x1024.jpg 771w, https:\/\/incurvy.co.uk\/wp-content\/uploads\/2014\/10\/Karomuster-trend2-226x300.jpg 226w, https:\/\/incurvy.co.uk\/wp-content\/uploads\/2014\/10\/Karomuster-trend2-768x1020.jpg 768w, https:\/\/incurvy.co.uk\/wp-content\/uploads\/2014\/10\/Karomuster-trend2-1157x1536.jpg 1157w, https:\/\/incurvy.co.uk\/wp-content\/uploads\/2014\/10\/Karomuster-trend2-1170x1554.jpg 1170w, https:\/\/incurvy.co.uk\/wp-content\/uploads\/2014\/10\/Karomuster-trend2-585x777.jpg 585w, https:\/\/incurvy.co.uk\/wp-content\/uploads\/2014\/10\/Karomuster-trend2.jpg 1446w\" sizes=\"auto, (max-width: 771px) 100vw, 771px\" \/><\/a><\/p>\n<p><a href=\"https:\/\/www.incurvy.de\/trends-grosse-groessen\/wp-content\/uploads\/2014\/10\/Karomuster-trend3.jpg\" data-rel=\"penci-gallery-image-content\" ><img loading=\"lazy\" decoding=\"async\" src=\"https:\/\/www.incurvy.de\/trends-grosse-groessen\/wp-content\/uploads\/2014\/10\/Karomuster-trend3-836x1024.jpg\" alt=\"Karohemd gro\u00dfe Gr\u00f6\u00dfen: Der Fashion-Hingucker 2014\" width=\"752\" height=\"922\" \/><\/a><\/p>\n<h3>Unterstreiche Deine L\u00e4ssigkeit<\/h3>\n<p>Klassische Farben bei Karohemden sind Rot-Blau im Schottenmuster. Der Karo-Look erlebt sein Comeback nicht nur als \u00fcbergro\u00dfes Karohemd &#8211; das coole, burschikose Rauten-Muster gibt es auch als Karo-Rock, Karo-Leggings, Hemdkleid, Jumpsuit, Karo-Woll-Jacke, Mantel, Blazer, Kleid, Hose, Schottenmuster-Schal etc.<\/p>\n<p><a href=\"https:\/\/www.incurvy.de\/trends-grosse-groessen\/wp-content\/uploads\/2014\/10\/Karomuster-trend7.jpg\" data-rel=\"penci-gallery-image-content\" ><img loading=\"lazy\" decoding=\"async\" src=\"https:\/\/www.incurvy.de\/trends-grosse-groessen\/wp-content\/uploads\/2014\/10\/Karomuster-trend7-682x1024.jpg\" alt=\"Karohemd gro\u00dfe Gr\u00f6\u00dfen: Der Fashion-Hingucker 2014\" width=\"682\" height=\"1024\" \/><\/a><\/p>\n<p><a href=\"https:\/\/www.incurvy.de\/trends-grosse-groessen\/wp-content\/uploads\/2014\/10\/Karomuster-trend4.jpg\" data-rel=\"penci-gallery-image-content\" ><img loading=\"lazy\" decoding=\"async\" src=\"https:\/\/www.incurvy.de\/trends-grosse-groessen\/wp-content\/uploads\/2014\/10\/Karomuster-trend4-718x1024.jpg\" alt=\"Karomuster-trend4\" width=\"718\" height=\"1024\" \/><\/a><\/p>\n<h2>Wertvolle Tipps zum Kombinieren von Karomuster bzw. Karohemd gro\u00dfe Gr\u00f6\u00dfen<\/h2>\n<ul>\n<li><strong>TIPP 1:<\/strong> Schummel Problemzone H\u00fcfte weg!<br \/>\nBinde das l\u00e4ssige Karohemd einfach um die H\u00fcften und schon hast du eventuelle Problemzonen an H\u00fcfte und Po auf trendige Weise weggeschummelt. Aber auch ohne Fettp\u00f6lsterchen an H\u00fcfte wird das Karohemd umgebunden zu einem angesagten Accessoire.<\/li>\n<li><strong>TIPP 2:<\/strong> Accessoire Hut!<br \/>\nKombiniere das Karomuster-Outfit in Plus Size mit einem schwarzen Hut.<\/li>\n<li><strong>TIPP 3:<\/strong> L\u00e4ssig und elegant zugleich!<br \/>\nTrage ein Karohemd mit einer feinen Strickjacke, High Heels und einer feinen Hose, um dem Look Eleganz zu verleihen. Mehr dazu, wie du das Karomuster elegant einsetzt, siehe weiter unten.<\/li>\n<\/ul>\n<p><a href=\"https:\/\/www.incurvy.de\/trends-grosse-groessen\/wp-content\/uploads\/2014\/10\/Karomuster-trend6.jpg\" data-rel=\"penci-gallery-image-content\" ><img loading=\"lazy\" decoding=\"async\" src=\"https:\/\/www.incurvy.de\/trends-grosse-groessen\/wp-content\/uploads\/2014\/10\/Karomuster-trend6-682x1024.jpg\" alt=\"Karohemd gro\u00dfe Gr\u00f6\u00dfen: Der Fashion-Hingucker 2014\" width=\"682\" height=\"1024\" \/><\/a><\/p>\n<h3>So machst du das Karohemd gro\u00dfe Gr\u00f6\u00dfen elegant<\/h3>\n<p>Ein Outift mit einem XXL-Holzf\u00e4llerhemd muss nicht gleich schlabbrig und unelegent hei\u00dfen. Starke Farben (besonders Rot) und feminine Accessoires veredeln das Karo-Outfit.<\/p>\n<p><strong><em>Ein schick-l\u00e4ssiger Style: Gewusst wie!<\/em><\/strong><br \/>\nMit einer femininen, gl\u00e4nzenden Hose, Pumps, dunklen Sonnen- oder Fashion-Brillen und einer schicken Tasche hat der edle Karohemd-Look im neuen Grunge-Stil nichts mehr mit abgenutztem Erscheinungsbild aus den 90er Jahren zu tun. Es geht also sowohl edel, als auch l\u00e4ssig-sportlich mit dem Holzf\u00e4ller-Style.<\/p>\n<p>Hol dir den Karo-Mix und lass dich inspirieren zu <a href=\"https:\/\/www.incurvy.de\/index.php?lang=0&amp;cl=search&amp;searchparam=karo\" target=\"_blank\" rel=\"noopener\">Damenmode gro\u00dfe Gr\u00f6\u00dfen und Karomuster bei incurvy.de<\/a>.<\/p>\n","protected":false},"excerpt":{"rendered":"<p>Das Karohemd gro\u00dfe Gr\u00f6\u00dfen f\u00fcr herbstliche Regentage Das l\u00e4ssig-robuste Karohemd gro\u00dfe Gr\u00f6\u00dfen ist definitiv mein Outfit-Highlight im Herbst! Kombiniert mit femininen Teilen,&hellip;<\/p>\n","protected":false},"author":1,"featured_media":16518,"comment_status":"open","ping_status":"open","sticky":false,"template":"","format":"standard","meta":{"footnotes":""},"categories":[50,9,1],"tags":[242,1709,1710,1246],"class_list":["post-15923","post","type-post","status-publish","format-standard","has-post-thumbnail","hentry","category-beauty-news-tipps","category-damenmode-grosse-groessen","category-kategorie-plus-size-mode","tag-karohemd-grosse-groessen","tag-plus-size-karohemd","tag-uebergroessen-karohemd","tag-xxl-karohemd"],"yoast_head":"<!-- This site is optimized with the Yoast SEO plugin v27.5 - https:\/\/yoast.com\/product\/yoast-seo-wordpress\/ -->\n<title>Das Karohemd gro\u00dfe Gr\u00f6\u00dfen f\u00fcr herbstliche Tage - XXL Mode<\/title>\n<meta name=\"description\" content=\"Das l\u00e4ssige Karohemd gro\u00dfe Gr\u00f6\u00dfen ist mein Outfit-Highlight im Herbst! Kombiniert mit femininen Teilen sehen Holzf\u00e4llerhemden modisch aus.\" \/>\n<meta name=\"robots\" content=\"index, follow, max-snippet:-1, max-image-preview:large, max-video-preview:-1\" \/>\n<link rel=\"canonical\" href=\"https:\/\/www.incurvy.de\/trends-grosse-groessen\/karohemd-grosse-groessen-der-fashion-hingucker\/\" \/>\n<meta property=\"og:locale\" content=\"de_DE\" \/>\n<meta property=\"og:type\" content=\"article\" \/>\n<meta property=\"og:title\" content=\"Das Karohemd gro\u00dfe Gr\u00f6\u00dfen f\u00fcr herbstliche Tage - XXL Mode\" \/>\n<meta property=\"og:description\" content=\"Das l\u00e4ssige Karohemd gro\u00dfe Gr\u00f6\u00dfen ist mein Outfit-Highlight im Herbst! Kombiniert mit femininen Teilen sehen Holzf\u00e4llerhemden modisch aus.\" \/>\n<meta property=\"og:url\" content=\"https:\/\/www.incurvy.de\/trends-grosse-groessen\/karohemd-grosse-groessen-der-fashion-hingucker\/\" \/>\n<meta property=\"og:site_name\" content=\"INCURVY Plus-Size Fashion - BLOG\" \/>\n<meta property=\"article:published_time\" content=\"2023-11-18T11:05:50+00:00\" \/>\n<meta property=\"article:modified_time\" content=\"2024-02-24T09:37:17+00:00\" \/>\n<meta property=\"og:image\" content=\"https:\/\/incurvy.co.uk\/wp-content\/uploads\/2023\/11\/Karohemd-xxl-scaled.jpg\" \/>\n\t<meta property=\"og:image:width\" content=\"2560\" \/>\n\t<meta property=\"og:image:height\" content=\"1707\" \/>\n\t<meta property=\"og:image:type\" content=\"image\/jpeg\" \/>\n<meta name=\"author\" content=\"Sofia\" \/>\n<meta name=\"twitter:card\" content=\"summary_large_image\" \/>\n<meta name=\"twitter:label1\" content=\"Verfasst von\" \/>\n\t<meta name=\"twitter:data1\" content=\"Sofia\" \/>\n\t<meta name=\"twitter:label2\" content=\"Gesch\u00e4tzte Lesezeit\" \/>\n\t<meta name=\"twitter:data2\" content=\"4\u00a0Minuten\" \/>\n<script type=\"application\/ld+json\" class=\"yoast-schema-graph\">{\"@context\":\"https:\\\/\\\/schema.org\",\"@graph\":[{\"@type\":\"Article\",\"@id\":\"https:\\\/\\\/www.incurvy.de\\\/trends-grosse-groessen\\\/karohemd-grosse-groessen-der-fashion-hingucker\\\/#article\",\"isPartOf\":{\"@id\":\"https:\\\/\\\/www.incurvy.de\\\/trends-grosse-groessen\\\/karohemd-grosse-groessen-der-fashion-hingucker\\\/\"},\"author\":{\"name\":\"Sofia\",\"@id\":\"https:\\\/\\\/www.incurvy.de\\\/trends-grosse-groessen\\\/#\\\/schema\\\/person\\\/e0bcf5f8e74b1ed54bee9a5beb26522d\"},\"headline\":\"Das Karohemd gro\u00dfe Gr\u00f6\u00dfen f\u00fcr herbstliche Tage\",\"datePublished\":\"2023-11-18T11:05:50+00:00\",\"dateModified\":\"2024-02-24T09:37:17+00:00\",\"mainEntityOfPage\":{\"@id\":\"https:\\\/\\\/www.incurvy.de\\\/trends-grosse-groessen\\\/karohemd-grosse-groessen-der-fashion-hingucker\\\/\"},\"wordCount\":435,\"commentCount\":0,\"publisher\":{\"@id\":\"https:\\\/\\\/www.incurvy.de\\\/trends-grosse-groessen\\\/#\\\/schema\\\/person\\\/0f0b11c021b39ea29dafea3a21fef662\"},\"image\":{\"@id\":\"https:\\\/\\\/www.incurvy.de\\\/trends-grosse-groessen\\\/karohemd-grosse-groessen-der-fashion-hingucker\\\/#primaryimage\"},\"thumbnailUrl\":\"https:\\\/\\\/incurvy.co.uk\\\/wp-content\\\/uploads\\\/2023\\\/11\\\/Karohemd-xxl-scaled.jpg\",\"keywords\":[\"Karohemd gro\u00dfe Gr\u00f6\u00dfen\",\"Plus Size Karohemd\",\"\u00dcbergr\u00f6\u00dfen Karohemd\",\"XXL Karohemd\"],\"articleSection\":[\"Beauty\",\"Damenmode gro\u00dfe Gr\u00f6\u00dfen\",\"Plus-Size Mode\"],\"inLanguage\":\"de\",\"potentialAction\":[{\"@type\":\"CommentAction\",\"name\":\"Comment\",\"target\":[\"https:\\\/\\\/www.incurvy.de\\\/trends-grosse-groessen\\\/karohemd-grosse-groessen-der-fashion-hingucker\\\/#respond\"]}]},{\"@type\":\"WebPage\",\"@id\":\"https:\\\/\\\/www.incurvy.de\\\/trends-grosse-groessen\\\/karohemd-grosse-groessen-der-fashion-hingucker\\\/\",\"url\":\"https:\\\/\\\/www.incurvy.de\\\/trends-grosse-groessen\\\/karohemd-grosse-groessen-der-fashion-hingucker\\\/\",\"name\":\"Das Karohemd gro\u00dfe Gr\u00f6\u00dfen f\u00fcr herbstliche Tage - XXL Mode\",\"isPartOf\":{\"@id\":\"https:\\\/\\\/www.incurvy.de\\\/trends-grosse-groessen\\\/#website\"},\"primaryImageOfPage\":{\"@id\":\"https:\\\/\\\/www.incurvy.de\\\/trends-grosse-groessen\\\/karohemd-grosse-groessen-der-fashion-hingucker\\\/#primaryimage\"},\"image\":{\"@id\":\"https:\\\/\\\/www.incurvy.de\\\/trends-grosse-groessen\\\/karohemd-grosse-groessen-der-fashion-hingucker\\\/#primaryimage\"},\"thumbnailUrl\":\"https:\\\/\\\/incurvy.co.uk\\\/wp-content\\\/uploads\\\/2023\\\/11\\\/Karohemd-xxl-scaled.jpg\",\"datePublished\":\"2023-11-18T11:05:50+00:00\",\"dateModified\":\"2024-02-24T09:37:17+00:00\",\"description\":\"Das l\u00e4ssige Karohemd gro\u00dfe Gr\u00f6\u00dfen ist mein Outfit-Highlight im Herbst! Kombiniert mit femininen Teilen sehen Holzf\u00e4llerhemden modisch aus.\",\"breadcrumb\":{\"@id\":\"https:\\\/\\\/www.incurvy.de\\\/trends-grosse-groessen\\\/karohemd-grosse-groessen-der-fashion-hingucker\\\/#breadcrumb\"},\"inLanguage\":\"de\",\"potentialAction\":[{\"@type\":\"ReadAction\",\"target\":[\"https:\\\/\\\/www.incurvy.de\\\/trends-grosse-groessen\\\/karohemd-grosse-groessen-der-fashion-hingucker\\\/\"]}]},{\"@type\":\"ImageObject\",\"inLanguage\":\"de\",\"@id\":\"https:\\\/\\\/www.incurvy.de\\\/trends-grosse-groessen\\\/karohemd-grosse-groessen-der-fashion-hingucker\\\/#primaryimage\",\"url\":\"https:\\\/\\\/incurvy.co.uk\\\/wp-content\\\/uploads\\\/2023\\\/11\\\/Karohemd-xxl-scaled.jpg\",\"contentUrl\":\"https:\\\/\\\/incurvy.co.uk\\\/wp-content\\\/uploads\\\/2023\\\/11\\\/Karohemd-xxl-scaled.jpg\",\"width\":2560,\"height\":1707,\"caption\":\"Mein entspannter Karo-Look\"},{\"@type\":\"BreadcrumbList\",\"@id\":\"https:\\\/\\\/www.incurvy.de\\\/trends-grosse-groessen\\\/karohemd-grosse-groessen-der-fashion-hingucker\\\/#breadcrumb\",\"itemListElement\":[{\"@type\":\"ListItem\",\"position\":1,\"name\":\"Home\",\"item\":\"https:\\\/\\\/www.incurvy.de\\\/trends-grosse-groessen\\\/\"},{\"@type\":\"ListItem\",\"position\":2,\"name\":\"Das Karohemd gro\u00dfe Gr\u00f6\u00dfen f\u00fcr herbstliche Tage\"}]},{\"@type\":\"WebSite\",\"@id\":\"https:\\\/\\\/www.incurvy.de\\\/trends-grosse-groessen\\\/#website\",\"url\":\"https:\\\/\\\/www.incurvy.de\\\/trends-grosse-groessen\\\/\",\"name\":\"INCURVY Plus-Size Fashion - BLOG\",\"description\":\"INCURVY Plus-Size Fashion - BLOG\",\"publisher\":{\"@id\":\"https:\\\/\\\/www.incurvy.de\\\/trends-grosse-groessen\\\/#\\\/schema\\\/person\\\/0f0b11c021b39ea29dafea3a21fef662\"},\"potentialAction\":[{\"@type\":\"SearchAction\",\"target\":{\"@type\":\"EntryPoint\",\"urlTemplate\":\"https:\\\/\\\/www.incurvy.de\\\/trends-grosse-groessen\\\/?s={search_term_string}\"},\"query-input\":{\"@type\":\"PropertyValueSpecification\",\"valueRequired\":true,\"valueName\":\"search_term_string\"}}],\"inLanguage\":\"de\"},{\"@type\":[\"Person\",\"Organization\"],\"@id\":\"https:\\\/\\\/www.incurvy.de\\\/trends-grosse-groessen\\\/#\\\/schema\\\/person\\\/0f0b11c021b39ea29dafea3a21fef662\",\"name\":\"Eleonore\",\"image\":{\"@type\":\"ImageObject\",\"inLanguage\":\"de\",\"@id\":\"https:\\\/\\\/www.incurvy.de\\\/trends-grosse-groessen\\\/wp-content\\\/uploads\\\/2024\\\/02\\\/inCurvyLogoTransparent.png\",\"url\":\"https:\\\/\\\/www.incurvy.de\\\/trends-grosse-groessen\\\/wp-content\\\/uploads\\\/2024\\\/02\\\/inCurvyLogoTransparent.png\",\"contentUrl\":\"https:\\\/\\\/www.incurvy.de\\\/trends-grosse-groessen\\\/wp-content\\\/uploads\\\/2024\\\/02\\\/inCurvyLogoTransparent.png\",\"width\":1920,\"height\":1080,\"caption\":\"Eleonore\"},\"logo\":{\"@id\":\"https:\\\/\\\/www.incurvy.de\\\/trends-grosse-groessen\\\/wp-content\\\/uploads\\\/2024\\\/02\\\/inCurvyLogoTransparent.png\"}},{\"@type\":\"Person\",\"@id\":\"https:\\\/\\\/www.incurvy.de\\\/trends-grosse-groessen\\\/#\\\/schema\\\/person\\\/e0bcf5f8e74b1ed54bee9a5beb26522d\",\"name\":\"Sofia\",\"image\":{\"@type\":\"ImageObject\",\"inLanguage\":\"de\",\"@id\":\"https:\\\/\\\/secure.gravatar.com\\\/avatar\\\/4a182d84a0a0ac73964750f4faa49be2ca435fed0e5e56d4a63a9c04ac78d94c?s=96&d=mm&r=g\",\"url\":\"https:\\\/\\\/secure.gravatar.com\\\/avatar\\\/4a182d84a0a0ac73964750f4faa49be2ca435fed0e5e56d4a63a9c04ac78d94c?s=96&d=mm&r=g\",\"contentUrl\":\"https:\\\/\\\/secure.gravatar.com\\\/avatar\\\/4a182d84a0a0ac73964750f4faa49be2ca435fed0e5e56d4a63a9c04ac78d94c?s=96&d=mm&r=g\",\"caption\":\"Sofia\"},\"url\":\"https:\\\/\\\/www.incurvy.de\\\/trends-grosse-groessen\\\/author\\\/admin\\\/\"}]}<\/script>\n<!-- \/ Yoast SEO plugin. -->","yoast_head_json":{"title":"Das Karohemd gro\u00dfe Gr\u00f6\u00dfen f\u00fcr herbstliche Tage - XXL Mode","description":"Das l\u00e4ssige Karohemd gro\u00dfe Gr\u00f6\u00dfen ist mein Outfit-Highlight im Herbst! Kombiniert mit femininen Teilen sehen Holzf\u00e4llerhemden modisch aus.","robots":{"index":"index","follow":"follow","max-snippet":"max-snippet:-1","max-image-preview":"max-image-preview:large","max-video-preview":"max-video-preview:-1"},"canonical":"https:\/\/www.incurvy.de\/trends-grosse-groessen\/karohemd-grosse-groessen-der-fashion-hingucker\/","og_locale":"de_DE","og_type":"article","og_title":"Das Karohemd gro\u00dfe Gr\u00f6\u00dfen f\u00fcr herbstliche Tage - XXL Mode","og_description":"Das l\u00e4ssige Karohemd gro\u00dfe Gr\u00f6\u00dfen ist mein Outfit-Highlight im Herbst! Kombiniert mit femininen Teilen sehen Holzf\u00e4llerhemden modisch aus.","og_url":"https:\/\/www.incurvy.de\/trends-grosse-groessen\/karohemd-grosse-groessen-der-fashion-hingucker\/","og_site_name":"INCURVY Plus-Size Fashion - BLOG","article_published_time":"2023-11-18T11:05:50+00:00","article_modified_time":"2024-02-24T09:37:17+00:00","og_image":[{"width":2560,"height":1707,"url":"https:\/\/incurvy.co.uk\/wp-content\/uploads\/2023\/11\/Karohemd-xxl-scaled.jpg","type":"image\/jpeg"}],"author":"Sofia","twitter_card":"summary_large_image","twitter_misc":{"Verfasst von":"Sofia","Gesch\u00e4tzte Lesezeit":"4\u00a0Minuten"},"schema":{"@context":"https:\/\/schema.org","@graph":[{"@type":"Article","@id":"https:\/\/www.incurvy.de\/trends-grosse-groessen\/karohemd-grosse-groessen-der-fashion-hingucker\/#article","isPartOf":{"@id":"https:\/\/www.incurvy.de\/trends-grosse-groessen\/karohemd-grosse-groessen-der-fashion-hingucker\/"},"author":{"name":"Sofia","@id":"https:\/\/www.incurvy.de\/trends-grosse-groessen\/#\/schema\/person\/e0bcf5f8e74b1ed54bee9a5beb26522d"},"headline":"Das Karohemd gro\u00dfe Gr\u00f6\u00dfen f\u00fcr herbstliche Tage","datePublished":"2023-11-18T11:05:50+00:00","dateModified":"2024-02-24T09:37:17+00:00","mainEntityOfPage":{"@id":"https:\/\/www.incurvy.de\/trends-grosse-groessen\/karohemd-grosse-groessen-der-fashion-hingucker\/"},"wordCount":435,"commentCount":0,"publisher":{"@id":"https:\/\/www.incurvy.de\/trends-grosse-groessen\/#\/schema\/person\/0f0b11c021b39ea29dafea3a21fef662"},"image":{"@id":"https:\/\/www.incurvy.de\/trends-grosse-groessen\/karohemd-grosse-groessen-der-fashion-hingucker\/#primaryimage"},"thumbnailUrl":"https:\/\/incurvy.co.uk\/wp-content\/uploads\/2023\/11\/Karohemd-xxl-scaled.jpg","keywords":["Karohemd gro\u00dfe Gr\u00f6\u00dfen","Plus Size Karohemd","\u00dcbergr\u00f6\u00dfen Karohemd","XXL Karohemd"],"articleSection":["Beauty","Damenmode gro\u00dfe Gr\u00f6\u00dfen","Plus-Size Mode"],"inLanguage":"de","potentialAction":[{"@type":"CommentAction","name":"Comment","target":["https:\/\/www.incurvy.de\/trends-grosse-groessen\/karohemd-grosse-groessen-der-fashion-hingucker\/#respond"]}]},{"@type":"WebPage","@id":"https:\/\/www.incurvy.de\/trends-grosse-groessen\/karohemd-grosse-groessen-der-fashion-hingucker\/","url":"https:\/\/www.incurvy.de\/trends-grosse-groessen\/karohemd-grosse-groessen-der-fashion-hingucker\/","name":"Das Karohemd gro\u00dfe Gr\u00f6\u00dfen f\u00fcr herbstliche Tage - XXL Mode","isPartOf":{"@id":"https:\/\/www.incurvy.de\/trends-grosse-groessen\/#website"},"primaryImageOfPage":{"@id":"https:\/\/www.incurvy.de\/trends-grosse-groessen\/karohemd-grosse-groessen-der-fashion-hingucker\/#primaryimage"},"image":{"@id":"https:\/\/www.incurvy.de\/trends-grosse-groessen\/karohemd-grosse-groessen-der-fashion-hingucker\/#primaryimage"},"thumbnailUrl":"https:\/\/incurvy.co.uk\/wp-content\/uploads\/2023\/11\/Karohemd-xxl-scaled.jpg","datePublished":"2023-11-18T11:05:50+00:00","dateModified":"2024-02-24T09:37:17+00:00","description":"Das l\u00e4ssige Karohemd gro\u00dfe Gr\u00f6\u00dfen ist mein Outfit-Highlight im Herbst! Kombiniert mit femininen Teilen sehen Holzf\u00e4llerhemden modisch aus.","breadcrumb":{"@id":"https:\/\/www.incurvy.de\/trends-grosse-groessen\/karohemd-grosse-groessen-der-fashion-hingucker\/#breadcrumb"},"inLanguage":"de","potentialAction":[{"@type":"ReadAction","target":["https:\/\/www.incurvy.de\/trends-grosse-groessen\/karohemd-grosse-groessen-der-fashion-hingucker\/"]}]},{"@type":"ImageObject","inLanguage":"de","@id":"https:\/\/www.incurvy.de\/trends-grosse-groessen\/karohemd-grosse-groessen-der-fashion-hingucker\/#primaryimage","url":"https:\/\/incurvy.co.uk\/wp-content\/uploads\/2023\/11\/Karohemd-xxl-scaled.jpg","contentUrl":"https:\/\/incurvy.co.uk\/wp-content\/uploads\/2023\/11\/Karohemd-xxl-scaled.jpg","width":2560,"height":1707,"caption":"Mein entspannter Karo-Look"},{"@type":"BreadcrumbList","@id":"https:\/\/www.incurvy.de\/trends-grosse-groessen\/karohemd-grosse-groessen-der-fashion-hingucker\/#breadcrumb","itemListElement":[{"@type":"ListItem","position":1,"name":"Home","item":"https:\/\/www.incurvy.de\/trends-grosse-groessen\/"},{"@type":"ListItem","position":2,"name":"Das Karohemd gro\u00dfe Gr\u00f6\u00dfen f\u00fcr herbstliche Tage"}]},{"@type":"WebSite","@id":"https:\/\/www.incurvy.de\/trends-grosse-groessen\/#website","url":"https:\/\/www.incurvy.de\/trends-grosse-groessen\/","name":"INCURVY Plus-Size Fashion - BLOG","description":"INCURVY Plus-Size Fashion - BLOG","publisher":{"@id":"https:\/\/www.incurvy.de\/trends-grosse-groessen\/#\/schema\/person\/0f0b11c021b39ea29dafea3a21fef662"},"potentialAction":[{"@type":"SearchAction","target":{"@type":"EntryPoint","urlTemplate":"https:\/\/www.incurvy.de\/trends-grosse-groessen\/?s={search_term_string}"},"query-input":{"@type":"PropertyValueSpecification","valueRequired":true,"valueName":"search_term_string"}}],"inLanguage":"de"},{"@type":["Person","Organization"],"@id":"https:\/\/www.incurvy.de\/trends-grosse-groessen\/#\/schema\/person\/0f0b11c021b39ea29dafea3a21fef662","name":"Eleonore","image":{"@type":"ImageObject","inLanguage":"de","@id":"https:\/\/www.incurvy.de\/trends-grosse-groessen\/wp-content\/uploads\/2024\/02\/inCurvyLogoTransparent.png","url":"https:\/\/www.incurvy.de\/trends-grosse-groessen\/wp-content\/uploads\/2024\/02\/inCurvyLogoTransparent.png","contentUrl":"https:\/\/www.incurvy.de\/trends-grosse-groessen\/wp-content\/uploads\/2024\/02\/inCurvyLogoTransparent.png","width":1920,"height":1080,"caption":"Eleonore"},"logo":{"@id":"https:\/\/www.incurvy.de\/trends-grosse-groessen\/wp-content\/uploads\/2024\/02\/inCurvyLogoTransparent.png"}},{"@type":"Person","@id":"https:\/\/www.incurvy.de\/trends-grosse-groessen\/#\/schema\/person\/e0bcf5f8e74b1ed54bee9a5beb26522d","name":"Sofia","image":{"@type":"ImageObject","inLanguage":"de","@id":"https:\/\/secure.gravatar.com\/avatar\/4a182d84a0a0ac73964750f4faa49be2ca435fed0e5e56d4a63a9c04ac78d94c?s=96&d=mm&r=g","url":"https:\/\/secure.gravatar.com\/avatar\/4a182d84a0a0ac73964750f4faa49be2ca435fed0e5e56d4a63a9c04ac78d94c?s=96&d=mm&r=g","contentUrl":"https:\/\/secure.gravatar.com\/avatar\/4a182d84a0a0ac73964750f4faa49be2ca435fed0e5e56d4a63a9c04ac78d94c?s=96&d=mm&r=g","caption":"Sofia"},"url":"https:\/\/www.incurvy.de\/trends-grosse-groessen\/author\/admin\/"}]}},"_links":{"self":[{"href":"https:\/\/www.incurvy.de\/trends-grosse-groessen\/wp-json\/wp\/v2\/posts\/15923","targetHints":{"allow":["GET"]}}],"collection":[{"href":"https:\/\/www.incurvy.de\/trends-grosse-groessen\/wp-json\/wp\/v2\/posts"}],"about":[{"href":"https:\/\/www.incurvy.de\/trends-grosse-groessen\/wp-json\/wp\/v2\/types\/post"}],"author":[{"embeddable":true,"href":"https:\/\/www.incurvy.de\/trends-grosse-groessen\/wp-json\/wp\/v2\/users\/1"}],"replies":[{"embeddable":true,"href":"https:\/\/www.incurvy.de\/trends-grosse-groessen\/wp-json\/wp\/v2\/comments?post=15923"}],"version-history":[{"count":0,"href":"https:\/\/www.incurvy.de\/trends-grosse-groessen\/wp-json\/wp\/v2\/posts\/15923\/revisions"}],"wp:featuredmedia":[{"embeddable":true,"href":"https:\/\/www.incurvy.de\/trends-grosse-groessen\/wp-json\/wp\/v2\/media\/16518"}],"wp:attachment":[{"href":"https:\/\/www.incurvy.de\/trends-grosse-groessen\/wp-json\/wp\/v2\/media?parent=15923"}],"wp:term":[{"taxonomy":"category","embeddable":true,"href":"https:\/\/www.incurvy.de\/trends-grosse-groessen\/wp-json\/wp\/v2\/categories?post=15923"},{"taxonomy":"post_tag","embeddable":true,"href":"https:\/\/www.incurvy.de\/trends-grosse-groessen\/wp-json\/wp\/v2\/tags?post=15923"}],"curies":[{"name":"wp","href":"https:\/\/api.w.org\/{rel}","templated":true}]}}