{"id":15970,"date":"2023-11-23T14:48:12","date_gmt":"2023-11-23T12:48:12","guid":{"rendered":"https:\/\/www.incurvy.de\/trends-grosse-groessen\/?p=15970"},"modified":"2023-11-23T14:58:05","modified_gmt":"2023-11-23T12:58:05","slug":"ins-schwarze-getroffen-mein-outfit-fuer-mollige-frauen","status":"publish","type":"post","link":"https:\/\/www.incurvy.de\/trends-grosse-groessen\/ins-schwarze-getroffen-mein-outfit-fuer-mollige-frauen\/","title":{"rendered":"Ins Schwarze getroffen: Mein Outfit f\u00fcr mollige Frauen"},"content":{"rendered":"<h2>Meine &#8222;wenn&#8217;s schnell gehen muss&#8220;- Mein Outfit f\u00fcr mollige Frauen<\/h2>\n<p>Heute habe ich tief ins Schwarze getroffen \ud83d\ude09 Ja, ich wei\u00df, es ist viel Schwarz, aber ich mag die sog. &#8222;unbunte Farbe&#8220;. Ich kombiniere gerne mit Schwarz, aber keine Sorge, ich werde Euch auch noch ein knalliges Outfit f\u00fcr mollige Frauen und mit ein paar mehr Details zeigen.<\/p>\n<p><a href=\"https:\/\/www.incurvy.de\/trends-grosse-groessen\/wp-content\/uploads\/2014\/10\/Plus-Size-Outfit_Maria1.jpg\" data-rel=\"penci-gallery-image-content\" ><img loading=\"lazy\" decoding=\"async\" class=\"alignnone size-full wp-image-3195\" src=\"https:\/\/www.incurvy.de\/trends-grosse-groessen\/wp-content\/uploads\/2014\/10\/Plus-Size-Outfit_Maria1.jpg\" alt=\"Plus Size Outfit Idee in Schwarz von Maria\" width=\"426\" height=\"726\" srcset=\"https:\/\/incurvy.co.uk\/wp-content\/uploads\/2014\/10\/Plus-Size-Outfit_Maria1.jpg 426w, https:\/\/incurvy.co.uk\/wp-content\/uploads\/2014\/10\/Plus-Size-Outfit_Maria1-176x300.jpg 176w\" sizes=\"auto, (max-width: 426px) 100vw, 426px\" \/><\/a><a href=\"https:\/\/www.incurvy.de\/trends-grosse-groessen\/wp-content\/uploads\/2014\/10\/Plus-Size-Outfit_Maria4.jpg\" data-rel=\"penci-gallery-image-content\" ><img loading=\"lazy\" decoding=\"async\" class=\"alignnone size-full wp-image-3215\" src=\"https:\/\/www.incurvy.de\/trends-grosse-groessen\/wp-content\/uploads\/2014\/10\/Plus-Size-Outfit_Maria4.jpg\" alt=\"Plus Size Outfit Idee von Maria\" width=\"554\" height=\"752\" srcset=\"https:\/\/incurvy.co.uk\/wp-content\/uploads\/2014\/10\/Plus-Size-Outfit_Maria4.jpg 554w, https:\/\/incurvy.co.uk\/wp-content\/uploads\/2014\/10\/Plus-Size-Outfit_Maria4-221x300.jpg 221w\" sizes=\"auto, (max-width: 554px) 100vw, 554px\" \/><\/a><\/p>\n<h2>Outfit f\u00fcr mollige Frauen: Mix aus verschiedenen Materialien<\/h2>\n<p>Mein heutiges Outfit f\u00fcr mollige Frauen hatte ich recht schnell zusammen. Ich mag es, Basics mit trendigen Kleidungsst\u00fccken zu kombinieren, die aber auch bequem und praktisch sind. Ich habe bewusst einen Mix aus verschiedenen Materialien gew\u00e4hlt, damit es nicht &#8222;langweilig Schwarz&#8220; wird: Leder, Lederimitat und Baumwolle. Also Schwarz ist nicht gleich Schwarz \ud83d\ude09<\/p>\n<p>Ich trage eine Lederjacke, Lederschuhe und eine Leder-Tasche von Emma Brown. Ich bin viel unterwegs, daher liebe ich die Tasche, es passt so viel rein. Das Leder ist angenehm weich und die goldenen Highlights passen ideal zu Schwarz. Der Rock ist aus Lederimitat, das Oversize-Shirt aus Baumwolle.<\/p>\n<h2>Gold und Schwarz: der perfekte Match<\/h2>\n<p><a href=\"https:\/\/www.incurvy.de\/trends-grosse-groessen\/wp-content\/uploads\/2014\/10\/Plus-Size-Outfit_Ledertasche_Maria.jpg\" data-rel=\"penci-gallery-image-content\" ><img loading=\"lazy\" decoding=\"async\" class=\"alignnone wp-image-3213\" src=\"https:\/\/www.incurvy.de\/trends-grosse-groessen\/wp-content\/uploads\/2014\/10\/Plus-Size-Outfit_Ledertasche_Maria.jpg\" alt=\"Plus Size Outfit Idee mit schwarzer Ledertasche \" width=\"530\" height=\"480\" srcset=\"https:\/\/incurvy.co.uk\/wp-content\/uploads\/2014\/10\/Plus-Size-Outfit_Ledertasche_Maria.jpg 662w, https:\/\/incurvy.co.uk\/wp-content\/uploads\/2014\/10\/Plus-Size-Outfit_Ledertasche_Maria-300x272.jpg 300w, https:\/\/incurvy.co.uk\/wp-content\/uploads\/2014\/10\/Plus-Size-Outfit_Ledertasche_Maria-250x227.jpg 250w, https:\/\/incurvy.co.uk\/wp-content\/uploads\/2014\/10\/Plus-Size-Outfit_Ledertasche_Maria-585x530.jpg 585w\" sizes=\"auto, (max-width: 530px) 100vw, 530px\" \/><\/a><\/p>\n<p>Auch wenn nur wenig Gold in meinem Outfit vorhanden ist, goldene Details auf der Ledertasche, in meinen neuen Stiefeletten und die Ohrringe lockern zumindest diesen Look ein wenig auf. Bei mehr Zeit, k\u00f6nntet Ihr z.B. zus\u00e4tzlich Armreifen verwenden oder eine goldene Sonnenbrille.<\/p>\n<p><a href=\"https:\/\/www.incurvy.de\/trends-grosse-groessen\/wp-content\/uploads\/2014\/10\/Plus-Size-Outfit_Schuhe_Maria.jpg\" data-rel=\"penci-gallery-image-content\" ><img loading=\"lazy\" decoding=\"async\" class=\"alignnone wp-image-3224\" src=\"https:\/\/www.incurvy.de\/trends-grosse-groessen\/wp-content\/uploads\/2014\/10\/Plus-Size-Outfit_Schuhe_Maria.jpg\" alt=\"Plus Size Outfit Idee ind in Schwarz und Lederschuhe\" width=\"640\" height=\"480\" srcset=\"https:\/\/incurvy.co.uk\/wp-content\/uploads\/2014\/10\/Plus-Size-Outfit_Schuhe_Maria.jpg 800w, https:\/\/incurvy.co.uk\/wp-content\/uploads\/2014\/10\/Plus-Size-Outfit_Schuhe_Maria-300x225.jpg 300w, https:\/\/incurvy.co.uk\/wp-content\/uploads\/2014\/10\/Plus-Size-Outfit_Schuhe_Maria-250x188.jpg 250w, https:\/\/incurvy.co.uk\/wp-content\/uploads\/2014\/10\/Plus-Size-Outfit_Schuhe_Maria-768x576.jpg 768w, https:\/\/incurvy.co.uk\/wp-content\/uploads\/2014\/10\/Plus-Size-Outfit_Schuhe_Maria-585x439.jpg 585w\" sizes=\"auto, (max-width: 640px) 100vw, 640px\" \/><\/a><\/p>\n<p><a href=\"https:\/\/www.incurvy.de\/trends-grosse-groessen\/wp-content\/uploads\/2014\/10\/Plus-Size-Outfit_Ohrringe_Schal_Maria.jpg\" data-rel=\"penci-gallery-image-content\" ><img loading=\"lazy\" decoding=\"async\" class=\"alignnone wp-image-3218\" src=\"https:\/\/www.incurvy.de\/trends-grosse-groessen\/wp-content\/uploads\/2014\/10\/Plus-Size-Outfit_Ohrringe_Schal_Maria.jpg\" alt=\"Plus Size Outfit Idee mit goldenen Ohrringen und Schal \" width=\"458\" height=\"590\" srcset=\"https:\/\/incurvy.co.uk\/wp-content\/uploads\/2014\/10\/Plus-Size-Outfit_Ohrringe_Schal_Maria.jpg 572w, https:\/\/incurvy.co.uk\/wp-content\/uploads\/2014\/10\/Plus-Size-Outfit_Ohrringe_Schal_Maria-233x300.jpg 233w\" sizes=\"auto, (max-width: 458px) 100vw, 458px\" \/><\/a><\/p>\n<p>Wie findet Ihr meinen geliebten, sehr kuscheligen Rundschal &#8211; in Vintage-Grau? Nat\u00fcrlich k\u00f6nntet Ihr mit diesem Look eine bunte Tasche oder farbenfrohe Schuhe anziehen. Zu der dunklen, eleganten Farbe (oder Nichtfarbe) passen ja erfreulicherweise alle Farben. Mein Nagellack ist nicht in Schwarz \ud83d\ude42<br \/>\n<a href=\"https:\/\/www.incurvy.de\/trends-grosse-groessen\/wp-content\/uploads\/2014\/10\/Plus-Size-Outfit_Nagellack_Maria.jpg\" data-rel=\"penci-gallery-image-content\" ><img loading=\"lazy\" decoding=\"async\" class=\"alignnone wp-image-3221\" src=\"https:\/\/www.incurvy.de\/trends-grosse-groessen\/wp-content\/uploads\/2014\/10\/Plus-Size-Outfit_Nagellack_Maria.jpg\" alt=\"Plus Size Outfit Idee in Schwarz und farbenfrohem Nagellack\" width=\"472\" height=\"304\" srcset=\"https:\/\/incurvy.co.uk\/wp-content\/uploads\/2014\/10\/Plus-Size-Outfit_Nagellack_Maria.jpg 590w, https:\/\/incurvy.co.uk\/wp-content\/uploads\/2014\/10\/Plus-Size-Outfit_Nagellack_Maria-300x193.jpg 300w, https:\/\/incurvy.co.uk\/wp-content\/uploads\/2014\/10\/Plus-Size-Outfit_Nagellack_Maria-250x161.jpg 250w, https:\/\/incurvy.co.uk\/wp-content\/uploads\/2014\/10\/Plus-Size-Outfit_Nagellack_Maria-585x377.jpg 585w\" sizes=\"auto, (max-width: 472px) 100vw, 472px\" \/><\/a><\/p>\n<h3>Meine Lieblingsteile gro\u00dfe Gr\u00f6\u00dfen findest bei <a href=\"https:\/\/www.incurvy.de\">incurvy<\/a>.<\/h3>\n<p>&nbsp;<\/p>\n","protected":false},"excerpt":{"rendered":"<p>Meine &#8222;wenn&#8217;s schnell gehen muss&#8220;- Mein Outfit f\u00fcr mollige Frauen Heute habe ich tief ins Schwarze getroffen \ud83d\ude09 Ja, ich wei\u00df, es&hellip;<\/p>\n","protected":false},"author":1,"featured_media":3186,"comment_status":"open","ping_status":"open","sticky":false,"template":"","format":"standard","meta":{"footnotes":""},"categories":[9,2,5,1,35],"tags":[2579,131,2577,2580,2578],"class_list":["post-15970","post","type-post","status-publish","format-standard","has-post-thumbnail","hentry","category-damenmode-grosse-groessen","category-interessante-blog-themen","category-mode-tipps-tricks","category-kategorie-plus-size-mode","category-entdecken-stilvolle-plus-size-outfits-bei-incurvy","tag-looks-for-mollige-damen","tag-mode-in-grossen-groessen","tag-outfit-fuer-mollige-frauen","tag-outfits-fuer-mollige-damen","tag-outfits-fuer-mollige-frauen"],"yoast_head":"<!-- This site is optimized with the Yoast SEO plugin v27.5 - https:\/\/yoast.com\/product\/yoast-seo-wordpress\/ -->\n<title>Meine &quot;wenn&#039;s schnell gehen muss&quot;- Mein Outfit f\u00fcr mollige Frauen.<\/title>\n<meta name=\"description\" content=\"Mein heutiges Outfit f\u00fcr mollige Frauen hatte ich recht schnell zusammen. Ich mag es, Basics mit trendigen Kleidungsst\u00fccken zu kombinieren.\" \/>\n<meta name=\"robots\" content=\"index, follow, max-snippet:-1, max-image-preview:large, max-video-preview:-1\" \/>\n<link rel=\"canonical\" href=\"https:\/\/www.incurvy.de\/trends-grosse-groessen\/ins-schwarze-getroffen-mein-outfit-fuer-mollige-frauen\/\" \/>\n<meta property=\"og:locale\" content=\"de_DE\" \/>\n<meta property=\"og:type\" content=\"article\" \/>\n<meta property=\"og:title\" content=\"Meine &quot;wenn&#039;s schnell gehen muss&quot;- Mein Outfit f\u00fcr mollige Frauen.\" \/>\n<meta property=\"og:description\" content=\"Mein heutiges Outfit f\u00fcr mollige Frauen hatte ich recht schnell zusammen. Ich mag es, Basics mit trendigen Kleidungsst\u00fccken zu kombinieren.\" \/>\n<meta property=\"og:url\" content=\"https:\/\/www.incurvy.de\/trends-grosse-groessen\/ins-schwarze-getroffen-mein-outfit-fuer-mollige-frauen\/\" \/>\n<meta property=\"og:site_name\" content=\"INCURVY Plus-Size Fashion - BLOG\" \/>\n<meta property=\"article:published_time\" content=\"2023-11-23T12:48:12+00:00\" \/>\n<meta property=\"article:modified_time\" content=\"2023-11-23T12:58:05+00:00\" \/>\n<meta property=\"og:image\" content=\"https:\/\/incurvy.co.uk\/wp-content\/uploads\/2014\/10\/Plus-Size-Outfit_Maria3.jpg\" \/>\n\t<meta property=\"og:image:width\" content=\"540\" \/>\n\t<meta property=\"og:image:height\" content=\"358\" \/>\n\t<meta property=\"og:image:type\" content=\"image\/jpeg\" \/>\n<meta name=\"author\" content=\"Sofia\" \/>\n<meta name=\"twitter:card\" content=\"summary_large_image\" \/>\n<meta name=\"twitter:label1\" content=\"Verfasst von\" \/>\n\t<meta name=\"twitter:data1\" content=\"Sofia\" \/>\n\t<meta name=\"twitter:label2\" content=\"Gesch\u00e4tzte Lesezeit\" \/>\n\t<meta name=\"twitter:data2\" content=\"3\u00a0Minuten\" \/>\n<script type=\"application\/ld+json\" class=\"yoast-schema-graph\">{\"@context\":\"https:\\\/\\\/schema.org\",\"@graph\":[{\"@type\":\"Article\",\"@id\":\"https:\\\/\\\/www.incurvy.de\\\/trends-grosse-groessen\\\/ins-schwarze-getroffen-mein-outfit-fuer-mollige-frauen\\\/#article\",\"isPartOf\":{\"@id\":\"https:\\\/\\\/www.incurvy.de\\\/trends-grosse-groessen\\\/ins-schwarze-getroffen-mein-outfit-fuer-mollige-frauen\\\/\"},\"author\":{\"name\":\"Sofia\",\"@id\":\"https:\\\/\\\/www.incurvy.de\\\/trends-grosse-groessen\\\/#\\\/schema\\\/person\\\/e0bcf5f8e74b1ed54bee9a5beb26522d\"},\"headline\":\"Ins Schwarze getroffen: Mein Outfit f\u00fcr mollige Frauen\",\"datePublished\":\"2023-11-23T12:48:12+00:00\",\"dateModified\":\"2023-11-23T12:58:05+00:00\",\"mainEntityOfPage\":{\"@id\":\"https:\\\/\\\/www.incurvy.de\\\/trends-grosse-groessen\\\/ins-schwarze-getroffen-mein-outfit-fuer-mollige-frauen\\\/\"},\"wordCount\":288,\"commentCount\":0,\"publisher\":{\"@id\":\"https:\\\/\\\/www.incurvy.de\\\/trends-grosse-groessen\\\/#\\\/schema\\\/person\\\/0f0b11c021b39ea29dafea3a21fef662\"},\"image\":{\"@id\":\"https:\\\/\\\/www.incurvy.de\\\/trends-grosse-groessen\\\/ins-schwarze-getroffen-mein-outfit-fuer-mollige-frauen\\\/#primaryimage\"},\"thumbnailUrl\":\"https:\\\/\\\/incurvy.co.uk\\\/wp-content\\\/uploads\\\/2014\\\/10\\\/Plus-Size-Outfit_Maria3.jpg\",\"keywords\":[\"Looks for mollige Damen\",\"Mode in gro\u00dfen Gr\u00f6\u00dfen\",\"Outfit f\u00fcr mollige Frauen\",\"Outfits f\u00fcr mollige Damen\",\"Outfits f\u00fcr mollige Frauen\"],\"articleSection\":[\"Damenmode gro\u00dfe Gr\u00f6\u00dfen\",\"Interessante Themen\",\"Mode Tipps &amp; Tricks\",\"Plus-Size Mode\",\"Plus-Size Outfits\"],\"inLanguage\":\"de\",\"potentialAction\":[{\"@type\":\"CommentAction\",\"name\":\"Comment\",\"target\":[\"https:\\\/\\\/www.incurvy.de\\\/trends-grosse-groessen\\\/ins-schwarze-getroffen-mein-outfit-fuer-mollige-frauen\\\/#respond\"]}]},{\"@type\":\"WebPage\",\"@id\":\"https:\\\/\\\/www.incurvy.de\\\/trends-grosse-groessen\\\/ins-schwarze-getroffen-mein-outfit-fuer-mollige-frauen\\\/\",\"url\":\"https:\\\/\\\/www.incurvy.de\\\/trends-grosse-groessen\\\/ins-schwarze-getroffen-mein-outfit-fuer-mollige-frauen\\\/\",\"name\":\"Meine \\\"wenn's schnell gehen muss\\\"- Mein Outfit f\u00fcr mollige Frauen.\",\"isPartOf\":{\"@id\":\"https:\\\/\\\/www.incurvy.de\\\/trends-grosse-groessen\\\/#website\"},\"primaryImageOfPage\":{\"@id\":\"https:\\\/\\\/www.incurvy.de\\\/trends-grosse-groessen\\\/ins-schwarze-getroffen-mein-outfit-fuer-mollige-frauen\\\/#primaryimage\"},\"image\":{\"@id\":\"https:\\\/\\\/www.incurvy.de\\\/trends-grosse-groessen\\\/ins-schwarze-getroffen-mein-outfit-fuer-mollige-frauen\\\/#primaryimage\"},\"thumbnailUrl\":\"https:\\\/\\\/incurvy.co.uk\\\/wp-content\\\/uploads\\\/2014\\\/10\\\/Plus-Size-Outfit_Maria3.jpg\",\"datePublished\":\"2023-11-23T12:48:12+00:00\",\"dateModified\":\"2023-11-23T12:58:05+00:00\",\"description\":\"Mein heutiges Outfit f\u00fcr mollige Frauen hatte ich recht schnell zusammen. Ich mag es, Basics mit trendigen Kleidungsst\u00fccken zu kombinieren.\",\"breadcrumb\":{\"@id\":\"https:\\\/\\\/www.incurvy.de\\\/trends-grosse-groessen\\\/ins-schwarze-getroffen-mein-outfit-fuer-mollige-frauen\\\/#breadcrumb\"},\"inLanguage\":\"de\",\"potentialAction\":[{\"@type\":\"ReadAction\",\"target\":[\"https:\\\/\\\/www.incurvy.de\\\/trends-grosse-groessen\\\/ins-schwarze-getroffen-mein-outfit-fuer-mollige-frauen\\\/\"]}]},{\"@type\":\"ImageObject\",\"inLanguage\":\"de\",\"@id\":\"https:\\\/\\\/www.incurvy.de\\\/trends-grosse-groessen\\\/ins-schwarze-getroffen-mein-outfit-fuer-mollige-frauen\\\/#primaryimage\",\"url\":\"https:\\\/\\\/incurvy.co.uk\\\/wp-content\\\/uploads\\\/2014\\\/10\\\/Plus-Size-Outfit_Maria3.jpg\",\"contentUrl\":\"https:\\\/\\\/incurvy.co.uk\\\/wp-content\\\/uploads\\\/2014\\\/10\\\/Plus-Size-Outfit_Maria3.jpg\",\"width\":540,\"height\":358,\"caption\":\"Outfit f\u00fcr mollige Frauen, Look in Farbe schwarz!\"},{\"@type\":\"BreadcrumbList\",\"@id\":\"https:\\\/\\\/www.incurvy.de\\\/trends-grosse-groessen\\\/ins-schwarze-getroffen-mein-outfit-fuer-mollige-frauen\\\/#breadcrumb\",\"itemListElement\":[{\"@type\":\"ListItem\",\"position\":1,\"name\":\"Home\",\"item\":\"https:\\\/\\\/www.incurvy.de\\\/trends-grosse-groessen\\\/\"},{\"@type\":\"ListItem\",\"position\":2,\"name\":\"Ins Schwarze getroffen: Mein Outfit f\u00fcr mollige Frauen\"}]},{\"@type\":\"WebSite\",\"@id\":\"https:\\\/\\\/www.incurvy.de\\\/trends-grosse-groessen\\\/#website\",\"url\":\"https:\\\/\\\/www.incurvy.de\\\/trends-grosse-groessen\\\/\",\"name\":\"INCURVY Plus-Size Fashion - BLOG\",\"description\":\"INCURVY Plus-Size Fashion - BLOG\",\"publisher\":{\"@id\":\"https:\\\/\\\/www.incurvy.de\\\/trends-grosse-groessen\\\/#\\\/schema\\\/person\\\/0f0b11c021b39ea29dafea3a21fef662\"},\"potentialAction\":[{\"@type\":\"SearchAction\",\"target\":{\"@type\":\"EntryPoint\",\"urlTemplate\":\"https:\\\/\\\/www.incurvy.de\\\/trends-grosse-groessen\\\/?s={search_term_string}\"},\"query-input\":{\"@type\":\"PropertyValueSpecification\",\"valueRequired\":true,\"valueName\":\"search_term_string\"}}],\"inLanguage\":\"de\"},{\"@type\":[\"Person\",\"Organization\"],\"@id\":\"https:\\\/\\\/www.incurvy.de\\\/trends-grosse-groessen\\\/#\\\/schema\\\/person\\\/0f0b11c021b39ea29dafea3a21fef662\",\"name\":\"Eleonore\",\"image\":{\"@type\":\"ImageObject\",\"inLanguage\":\"de\",\"@id\":\"https:\\\/\\\/www.incurvy.de\\\/trends-grosse-groessen\\\/wp-content\\\/uploads\\\/2024\\\/02\\\/inCurvyLogoTransparent.png\",\"url\":\"https:\\\/\\\/www.incurvy.de\\\/trends-grosse-groessen\\\/wp-content\\\/uploads\\\/2024\\\/02\\\/inCurvyLogoTransparent.png\",\"contentUrl\":\"https:\\\/\\\/www.incurvy.de\\\/trends-grosse-groessen\\\/wp-content\\\/uploads\\\/2024\\\/02\\\/inCurvyLogoTransparent.png\",\"width\":1920,\"height\":1080,\"caption\":\"Eleonore\"},\"logo\":{\"@id\":\"https:\\\/\\\/www.incurvy.de\\\/trends-grosse-groessen\\\/wp-content\\\/uploads\\\/2024\\\/02\\\/inCurvyLogoTransparent.png\"}},{\"@type\":\"Person\",\"@id\":\"https:\\\/\\\/www.incurvy.de\\\/trends-grosse-groessen\\\/#\\\/schema\\\/person\\\/e0bcf5f8e74b1ed54bee9a5beb26522d\",\"name\":\"Sofia\",\"image\":{\"@type\":\"ImageObject\",\"inLanguage\":\"de\",\"@id\":\"https:\\\/\\\/secure.gravatar.com\\\/avatar\\\/4a182d84a0a0ac73964750f4faa49be2ca435fed0e5e56d4a63a9c04ac78d94c?s=96&d=mm&r=g\",\"url\":\"https:\\\/\\\/secure.gravatar.com\\\/avatar\\\/4a182d84a0a0ac73964750f4faa49be2ca435fed0e5e56d4a63a9c04ac78d94c?s=96&d=mm&r=g\",\"contentUrl\":\"https:\\\/\\\/secure.gravatar.com\\\/avatar\\\/4a182d84a0a0ac73964750f4faa49be2ca435fed0e5e56d4a63a9c04ac78d94c?s=96&d=mm&r=g\",\"caption\":\"Sofia\"},\"url\":\"https:\\\/\\\/www.incurvy.de\\\/trends-grosse-groessen\\\/author\\\/admin\\\/\"}]}<\/script>\n<!-- \/ Yoast SEO plugin. -->","yoast_head_json":{"title":"Meine \"wenn's schnell gehen muss\"- Mein Outfit f\u00fcr mollige Frauen.","description":"Mein heutiges Outfit f\u00fcr mollige Frauen hatte ich recht schnell zusammen. Ich mag es, Basics mit trendigen Kleidungsst\u00fccken zu kombinieren.","robots":{"index":"index","follow":"follow","max-snippet":"max-snippet:-1","max-image-preview":"max-image-preview:large","max-video-preview":"max-video-preview:-1"},"canonical":"https:\/\/www.incurvy.de\/trends-grosse-groessen\/ins-schwarze-getroffen-mein-outfit-fuer-mollige-frauen\/","og_locale":"de_DE","og_type":"article","og_title":"Meine \"wenn's schnell gehen muss\"- Mein Outfit f\u00fcr mollige Frauen.","og_description":"Mein heutiges Outfit f\u00fcr mollige Frauen hatte ich recht schnell zusammen. Ich mag es, Basics mit trendigen Kleidungsst\u00fccken zu kombinieren.","og_url":"https:\/\/www.incurvy.de\/trends-grosse-groessen\/ins-schwarze-getroffen-mein-outfit-fuer-mollige-frauen\/","og_site_name":"INCURVY Plus-Size Fashion - BLOG","article_published_time":"2023-11-23T12:48:12+00:00","article_modified_time":"2023-11-23T12:58:05+00:00","og_image":[{"width":540,"height":358,"url":"https:\/\/incurvy.co.uk\/wp-content\/uploads\/2014\/10\/Plus-Size-Outfit_Maria3.jpg","type":"image\/jpeg"}],"author":"Sofia","twitter_card":"summary_large_image","twitter_misc":{"Verfasst von":"Sofia","Gesch\u00e4tzte Lesezeit":"3\u00a0Minuten"},"schema":{"@context":"https:\/\/schema.org","@graph":[{"@type":"Article","@id":"https:\/\/www.incurvy.de\/trends-grosse-groessen\/ins-schwarze-getroffen-mein-outfit-fuer-mollige-frauen\/#article","isPartOf":{"@id":"https:\/\/www.incurvy.de\/trends-grosse-groessen\/ins-schwarze-getroffen-mein-outfit-fuer-mollige-frauen\/"},"author":{"name":"Sofia","@id":"https:\/\/www.incurvy.de\/trends-grosse-groessen\/#\/schema\/person\/e0bcf5f8e74b1ed54bee9a5beb26522d"},"headline":"Ins Schwarze getroffen: Mein Outfit f\u00fcr mollige Frauen","datePublished":"2023-11-23T12:48:12+00:00","dateModified":"2023-11-23T12:58:05+00:00","mainEntityOfPage":{"@id":"https:\/\/www.incurvy.de\/trends-grosse-groessen\/ins-schwarze-getroffen-mein-outfit-fuer-mollige-frauen\/"},"wordCount":288,"commentCount":0,"publisher":{"@id":"https:\/\/www.incurvy.de\/trends-grosse-groessen\/#\/schema\/person\/0f0b11c021b39ea29dafea3a21fef662"},"image":{"@id":"https:\/\/www.incurvy.de\/trends-grosse-groessen\/ins-schwarze-getroffen-mein-outfit-fuer-mollige-frauen\/#primaryimage"},"thumbnailUrl":"https:\/\/incurvy.co.uk\/wp-content\/uploads\/2014\/10\/Plus-Size-Outfit_Maria3.jpg","keywords":["Looks for mollige Damen","Mode in gro\u00dfen Gr\u00f6\u00dfen","Outfit f\u00fcr mollige Frauen","Outfits f\u00fcr mollige Damen","Outfits f\u00fcr mollige Frauen"],"articleSection":["Damenmode gro\u00dfe Gr\u00f6\u00dfen","Interessante Themen","Mode Tipps &amp; Tricks","Plus-Size Mode","Plus-Size Outfits"],"inLanguage":"de","potentialAction":[{"@type":"CommentAction","name":"Comment","target":["https:\/\/www.incurvy.de\/trends-grosse-groessen\/ins-schwarze-getroffen-mein-outfit-fuer-mollige-frauen\/#respond"]}]},{"@type":"WebPage","@id":"https:\/\/www.incurvy.de\/trends-grosse-groessen\/ins-schwarze-getroffen-mein-outfit-fuer-mollige-frauen\/","url":"https:\/\/www.incurvy.de\/trends-grosse-groessen\/ins-schwarze-getroffen-mein-outfit-fuer-mollige-frauen\/","name":"Meine \"wenn's schnell gehen muss\"- Mein Outfit f\u00fcr mollige Frauen.","isPartOf":{"@id":"https:\/\/www.incurvy.de\/trends-grosse-groessen\/#website"},"primaryImageOfPage":{"@id":"https:\/\/www.incurvy.de\/trends-grosse-groessen\/ins-schwarze-getroffen-mein-outfit-fuer-mollige-frauen\/#primaryimage"},"image":{"@id":"https:\/\/www.incurvy.de\/trends-grosse-groessen\/ins-schwarze-getroffen-mein-outfit-fuer-mollige-frauen\/#primaryimage"},"thumbnailUrl":"https:\/\/incurvy.co.uk\/wp-content\/uploads\/2014\/10\/Plus-Size-Outfit_Maria3.jpg","datePublished":"2023-11-23T12:48:12+00:00","dateModified":"2023-11-23T12:58:05+00:00","description":"Mein heutiges Outfit f\u00fcr mollige Frauen hatte ich recht schnell zusammen. Ich mag es, Basics mit trendigen Kleidungsst\u00fccken zu kombinieren.","breadcrumb":{"@id":"https:\/\/www.incurvy.de\/trends-grosse-groessen\/ins-schwarze-getroffen-mein-outfit-fuer-mollige-frauen\/#breadcrumb"},"inLanguage":"de","potentialAction":[{"@type":"ReadAction","target":["https:\/\/www.incurvy.de\/trends-grosse-groessen\/ins-schwarze-getroffen-mein-outfit-fuer-mollige-frauen\/"]}]},{"@type":"ImageObject","inLanguage":"de","@id":"https:\/\/www.incurvy.de\/trends-grosse-groessen\/ins-schwarze-getroffen-mein-outfit-fuer-mollige-frauen\/#primaryimage","url":"https:\/\/incurvy.co.uk\/wp-content\/uploads\/2014\/10\/Plus-Size-Outfit_Maria3.jpg","contentUrl":"https:\/\/incurvy.co.uk\/wp-content\/uploads\/2014\/10\/Plus-Size-Outfit_Maria3.jpg","width":540,"height":358,"caption":"Outfit f\u00fcr mollige Frauen, Look in Farbe schwarz!"},{"@type":"BreadcrumbList","@id":"https:\/\/www.incurvy.de\/trends-grosse-groessen\/ins-schwarze-getroffen-mein-outfit-fuer-mollige-frauen\/#breadcrumb","itemListElement":[{"@type":"ListItem","position":1,"name":"Home","item":"https:\/\/www.incurvy.de\/trends-grosse-groessen\/"},{"@type":"ListItem","position":2,"name":"Ins Schwarze getroffen: Mein Outfit f\u00fcr mollige Frauen"}]},{"@type":"WebSite","@id":"https:\/\/www.incurvy.de\/trends-grosse-groessen\/#website","url":"https:\/\/www.incurvy.de\/trends-grosse-groessen\/","name":"INCURVY Plus-Size Fashion - BLOG","description":"INCURVY Plus-Size Fashion - BLOG","publisher":{"@id":"https:\/\/www.incurvy.de\/trends-grosse-groessen\/#\/schema\/person\/0f0b11c021b39ea29dafea3a21fef662"},"potentialAction":[{"@type":"SearchAction","target":{"@type":"EntryPoint","urlTemplate":"https:\/\/www.incurvy.de\/trends-grosse-groessen\/?s={search_term_string}"},"query-input":{"@type":"PropertyValueSpecification","valueRequired":true,"valueName":"search_term_string"}}],"inLanguage":"de"},{"@type":["Person","Organization"],"@id":"https:\/\/www.incurvy.de\/trends-grosse-groessen\/#\/schema\/person\/0f0b11c021b39ea29dafea3a21fef662","name":"Eleonore","image":{"@type":"ImageObject","inLanguage":"de","@id":"https:\/\/www.incurvy.de\/trends-grosse-groessen\/wp-content\/uploads\/2024\/02\/inCurvyLogoTransparent.png","url":"https:\/\/www.incurvy.de\/trends-grosse-groessen\/wp-content\/uploads\/2024\/02\/inCurvyLogoTransparent.png","contentUrl":"https:\/\/www.incurvy.de\/trends-grosse-groessen\/wp-content\/uploads\/2024\/02\/inCurvyLogoTransparent.png","width":1920,"height":1080,"caption":"Eleonore"},"logo":{"@id":"https:\/\/www.incurvy.de\/trends-grosse-groessen\/wp-content\/uploads\/2024\/02\/inCurvyLogoTransparent.png"}},{"@type":"Person","@id":"https:\/\/www.incurvy.de\/trends-grosse-groessen\/#\/schema\/person\/e0bcf5f8e74b1ed54bee9a5beb26522d","name":"Sofia","image":{"@type":"ImageObject","inLanguage":"de","@id":"https:\/\/secure.gravatar.com\/avatar\/4a182d84a0a0ac73964750f4faa49be2ca435fed0e5e56d4a63a9c04ac78d94c?s=96&d=mm&r=g","url":"https:\/\/secure.gravatar.com\/avatar\/4a182d84a0a0ac73964750f4faa49be2ca435fed0e5e56d4a63a9c04ac78d94c?s=96&d=mm&r=g","contentUrl":"https:\/\/secure.gravatar.com\/avatar\/4a182d84a0a0ac73964750f4faa49be2ca435fed0e5e56d4a63a9c04ac78d94c?s=96&d=mm&r=g","caption":"Sofia"},"url":"https:\/\/www.incurvy.de\/trends-grosse-groessen\/author\/admin\/"}]}},"_links":{"self":[{"href":"https:\/\/www.incurvy.de\/trends-grosse-groessen\/wp-json\/wp\/v2\/posts\/15970","targetHints":{"allow":["GET"]}}],"collection":[{"href":"https:\/\/www.incurvy.de\/trends-grosse-groessen\/wp-json\/wp\/v2\/posts"}],"about":[{"href":"https:\/\/www.incurvy.de\/trends-grosse-groessen\/wp-json\/wp\/v2\/types\/post"}],"author":[{"embeddable":true,"href":"https:\/\/www.incurvy.de\/trends-grosse-groessen\/wp-json\/wp\/v2\/users\/1"}],"replies":[{"embeddable":true,"href":"https:\/\/www.incurvy.de\/trends-grosse-groessen\/wp-json\/wp\/v2\/comments?post=15970"}],"version-history":[{"count":0,"href":"https:\/\/www.incurvy.de\/trends-grosse-groessen\/wp-json\/wp\/v2\/posts\/15970\/revisions"}],"wp:featuredmedia":[{"embeddable":true,"href":"https:\/\/www.incurvy.de\/trends-grosse-groessen\/wp-json\/wp\/v2\/media\/3186"}],"wp:attachment":[{"href":"https:\/\/www.incurvy.de\/trends-grosse-groessen\/wp-json\/wp\/v2\/media?parent=15970"}],"wp:term":[{"taxonomy":"category","embeddable":true,"href":"https:\/\/www.incurvy.de\/trends-grosse-groessen\/wp-json\/wp\/v2\/categories?post=15970"},{"taxonomy":"post_tag","embeddable":true,"href":"https:\/\/www.incurvy.de\/trends-grosse-groessen\/wp-json\/wp\/v2\/tags?post=15970"}],"curies":[{"name":"wp","href":"https:\/\/api.w.org\/{rel}","templated":true}]}}