{"id":16028,"date":"2023-11-29T20:13:09","date_gmt":"2023-11-29T18:13:09","guid":{"rendered":"https:\/\/www.incurvy.de\/trends-grosse-groessen\/?p=16028"},"modified":"2023-11-29T20:13:31","modified_gmt":"2023-11-29T18:13:31","slug":"modischer-damen-parka-grosse-groessen-meine-kultjacke","status":"publish","type":"post","link":"https:\/\/www.incurvy.de\/trends-grosse-groessen\/modischer-damen-parka-grosse-groessen-meine-kultjacke\/","title":{"rendered":"Modischer Damen-Parka gro\u00dfe Gr\u00f6\u00dfen: Meine Kultjacke"},"content":{"rendered":"<h2>Modischer Damen-Parka gro\u00dfe Gr\u00f6\u00dfen: Meine Kultjacke<\/h2>\n<p>Mein heutiges Plus Size Outfit hat den l\u00e4ssigen Damen-Parka gro\u00dfe Gr\u00f6\u00dfen im Fokus. Diese modische Jacke ist f\u00fcr mich ein modisches Statement und das Olivgr\u00fcn finde ich f\u00fcr den Herbst-Winter sehr cool.<\/p>\n<p>Der trendige Mantel ist f\u00fcr die momentanen Temperaturen noch okay. Wenn es allerdings richtig winterlich wird, ist er zu d\u00fcnn. Dann trage ich ihn oft mit einem kuscheligen Pullover, welcher zus\u00e4tzlich warm h\u00e4lt.<\/p>\n<h2><strong>Das ist mein Plus Size Outfit: L\u00e4ssiger gro\u00dfe Gr\u00f6\u00dfen Parka<br \/>\n<\/strong><\/h2>\n<p><a href=\"https:\/\/www.incurvy.de\/trends-grosse-groessen\/wp-content\/uploads\/2014\/10\/parka-plus-size-outfit.jpg\" data-rel=\"penci-gallery-image-content\" ><img loading=\"lazy\" decoding=\"async\" class=\"alignnone size-full wp-image-3341\" src=\"https:\/\/www.incurvy.de\/trends-grosse-groessen\/wp-content\/uploads\/2014\/10\/parka-plus-size-outfit.jpg\" alt=\"Der modische Damen-Parka f\u00fcr mein Plus Size Outfit\" width=\"532\" height=\"720\" srcset=\"https:\/\/incurvy.co.uk\/wp-content\/uploads\/2014\/10\/parka-plus-size-outfit.jpg 532w, https:\/\/incurvy.co.uk\/wp-content\/uploads\/2014\/10\/parka-plus-size-outfit-222x300.jpg 222w\" sizes=\"auto, (max-width: 532px) 100vw, 532px\" \/><\/a><\/p>\n<h2><strong>Der Damen-Parka: Mein Allround-Talent<\/strong><\/h2>\n<p>Ich mag alles, was bequem und l\u00e4ssig ist. Daher ist der leichte Damen-Parka in \u00dcbergr\u00f6\u00dfe f\u00fcr meinen Geschmack perfekt. In der Taille ist ein Kordelzug, mit dem ich die Weite des Parkas einstellen kann.<\/p>\n<p>Die Kapuze erleichtert mir das Leben, denn bei Wind und Regen ist sie schnell \u00fcbergezogen &#8211; praktisch! Und ich liebe den \u00dcbergr\u00f6\u00dfen-Schnitt des Damen-Parka.<\/p>\n<p><a href=\"https:\/\/www.incurvy.de\/trends-grosse-groessen\/wp-content\/uploads\/2014\/10\/parka-plus-size-outfit2.jpg\" data-rel=\"penci-gallery-image-content\" ><img loading=\"lazy\" decoding=\"async\" class=\"alignnone size-full wp-image-3345\" src=\"https:\/\/www.incurvy.de\/trends-grosse-groessen\/wp-content\/uploads\/2014\/10\/parka-plus-size-outfit2.jpg\" alt=\"Der Damen-Parka mit Kapuze - mein Plus Size Outfit\" width=\"600\" height=\"800\" srcset=\"https:\/\/incurvy.co.uk\/wp-content\/uploads\/2014\/10\/parka-plus-size-outfit2.jpg 600w, https:\/\/incurvy.co.uk\/wp-content\/uploads\/2014\/10\/parka-plus-size-outfit2-225x300.jpg 225w, https:\/\/incurvy.co.uk\/wp-content\/uploads\/2014\/10\/parka-plus-size-outfit2-585x780.jpg 585w\" sizes=\"auto, (max-width: 600px) 100vw, 600px\" \/><\/a><\/p>\n<p>&nbsp;<\/p>\n<p><a href=\"https:\/\/www.incurvy.de\/trends-grosse-groessen\/wp-content\/uploads\/2014\/10\/parka-plus-size-outfit5.jpg\" data-rel=\"penci-gallery-image-content\" ><img loading=\"lazy\" decoding=\"async\" class=\"alignnone size-full wp-image-3355\" src=\"https:\/\/www.incurvy.de\/trends-grosse-groessen\/wp-content\/uploads\/2014\/10\/parka-plus-size-outfit5.jpg\" alt=\"Der Damen-Parka von hinten - mein Plus Size Outfit\" width=\"572\" height=\"800\" srcset=\"https:\/\/incurvy.co.uk\/wp-content\/uploads\/2014\/10\/parka-plus-size-outfit5.jpg 572w, https:\/\/incurvy.co.uk\/wp-content\/uploads\/2014\/10\/parka-plus-size-outfit5-215x300.jpg 215w\" sizes=\"auto, (max-width: 572px) 100vw, 572px\" \/><\/a><\/p>\n<p>Etwas Farbe habe ich in mein Plus Size Outfit mithilfe dieser Sneaker eingebaut: In Orange. Zum Olivgr\u00fcnen Parka passen die Schuhe super!<\/p>\n<p><a href=\"https:\/\/www.incurvy.de\/trends-grosse-groessen\/wp-content\/uploads\/2014\/10\/parka-plus-size-outfit4.jpg\" data-rel=\"penci-gallery-image-content\" ><img loading=\"lazy\" decoding=\"async\" class=\"alignnone size-full wp-image-3352\" src=\"https:\/\/www.incurvy.de\/trends-grosse-groessen\/wp-content\/uploads\/2014\/10\/parka-plus-size-outfit4.jpg\" alt=\"Der Damen-Parka mit Sneaker - mein Plus Size Outfit\" width=\"600\" height=\"658\" srcset=\"https:\/\/incurvy.co.uk\/wp-content\/uploads\/2014\/10\/parka-plus-size-outfit4.jpg 600w, https:\/\/incurvy.co.uk\/wp-content\/uploads\/2014\/10\/parka-plus-size-outfit4-274x300.jpg 274w, https:\/\/incurvy.co.uk\/wp-content\/uploads\/2014\/10\/parka-plus-size-outfit4-250x274.jpg 250w, https:\/\/incurvy.co.uk\/wp-content\/uploads\/2014\/10\/parka-plus-size-outfit4-585x642.jpg 585w\" sizes=\"auto, (max-width: 600px) 100vw, 600px\" \/><\/a><\/p>\n<h5>Entdecke \u00e4hnliche\u00a0<a title=\"Jacken und M\u00e4ntel gro\u00dfe Gr\u00f6\u00dfen\" href=\"https:\/\/www.incurvy.de\/damenmode\/jacken-maentel\/\" target=\"_blank\" rel=\"noopener\">Jacken &amp; M\u00e4ntel in gro\u00dfen Gr\u00f6\u00dfen<\/a> auch bei incurvy.de!<\/h5>\n","protected":false},"excerpt":{"rendered":"<p>Modischer Damen-Parka gro\u00dfe Gr\u00f6\u00dfen: Meine Kultjacke Mein heutiges Plus Size Outfit hat den l\u00e4ssigen Damen-Parka gro\u00dfe Gr\u00f6\u00dfen im Fokus. Diese modische Jacke&hellip;<\/p>\n","protected":false},"author":1,"featured_media":16033,"comment_status":"open","ping_status":"open","sticky":false,"template":"","format":"standard","meta":{"footnotes":""},"categories":[9,2,5,1],"tags":[252,2589,253,140],"class_list":["post-16028","post","type-post","status-publish","format-standard","has-post-thumbnail","hentry","category-damenmode-grosse-groessen","category-interessante-blog-themen","category-mode-tipps-tricks","category-kategorie-plus-size-mode","tag-damen-parka","tag-damenparka-grosse-groessen","tag-grosse-groessen-parka","tag-xxl-mode"],"yoast_head":"<!-- This site is optimized with the Yoast SEO plugin v27.5 - https:\/\/yoast.com\/product\/yoast-seo-wordpress\/ -->\n<title>Modischer Damen-Parka gro\u00dfe Gr\u00f6\u00dfen: Meine XXL Kultjacke<\/title>\n<meta name=\"description\" content=\"Mein heutiges Plus Size Outfit hat den l\u00e4ssigen Damen-Parka gro\u00dfe Gr\u00f6\u00dfen f\u00fcr den Winter im Fokus. Jetzt inspirieren lassen!\" \/>\n<meta name=\"robots\" content=\"index, follow, max-snippet:-1, max-image-preview:large, max-video-preview:-1\" \/>\n<link rel=\"canonical\" href=\"https:\/\/www.incurvy.de\/trends-grosse-groessen\/modischer-damen-parka-grosse-groessen-meine-kultjacke\/\" \/>\n<meta property=\"og:locale\" content=\"de_DE\" \/>\n<meta property=\"og:type\" content=\"article\" \/>\n<meta property=\"og:title\" content=\"Modischer Damen-Parka gro\u00dfe Gr\u00f6\u00dfen: Meine XXL Kultjacke\" \/>\n<meta property=\"og:description\" content=\"Mein heutiges Plus Size Outfit hat den l\u00e4ssigen Damen-Parka gro\u00dfe Gr\u00f6\u00dfen f\u00fcr den Winter im Fokus. Jetzt inspirieren lassen!\" \/>\n<meta property=\"og:url\" content=\"https:\/\/www.incurvy.de\/trends-grosse-groessen\/modischer-damen-parka-grosse-groessen-meine-kultjacke\/\" \/>\n<meta property=\"og:site_name\" content=\"INCURVY Plus-Size Fashion - BLOG\" \/>\n<meta property=\"article:published_time\" content=\"2023-11-29T18:13:09+00:00\" \/>\n<meta property=\"article:modified_time\" content=\"2023-11-29T18:13:31+00:00\" \/>\n<meta property=\"og:image\" content=\"https:\/\/incurvy.co.uk\/wp-content\/uploads\/2023\/11\/Bildschirmfoto-2023-11-29-um-19.11.19.png\" \/>\n\t<meta property=\"og:image:width\" content=\"522\" \/>\n\t<meta property=\"og:image:height\" content=\"405\" \/>\n\t<meta property=\"og:image:type\" content=\"image\/png\" \/>\n<meta name=\"author\" content=\"Sofia\" \/>\n<meta name=\"twitter:card\" content=\"summary_large_image\" \/>\n<meta name=\"twitter:label1\" content=\"Verfasst von\" \/>\n\t<meta name=\"twitter:data1\" content=\"Sofia\" \/>\n\t<meta name=\"twitter:label2\" content=\"Gesch\u00e4tzte Lesezeit\" \/>\n\t<meta name=\"twitter:data2\" content=\"2\u00a0Minuten\" \/>\n<script type=\"application\/ld+json\" class=\"yoast-schema-graph\">{\"@context\":\"https:\\\/\\\/schema.org\",\"@graph\":[{\"@type\":\"Article\",\"@id\":\"https:\\\/\\\/www.incurvy.de\\\/trends-grosse-groessen\\\/modischer-damen-parka-grosse-groessen-meine-kultjacke\\\/#article\",\"isPartOf\":{\"@id\":\"https:\\\/\\\/www.incurvy.de\\\/trends-grosse-groessen\\\/modischer-damen-parka-grosse-groessen-meine-kultjacke\\\/\"},\"author\":{\"name\":\"Sofia\",\"@id\":\"https:\\\/\\\/www.incurvy.de\\\/trends-grosse-groessen\\\/#\\\/schema\\\/person\\\/e0bcf5f8e74b1ed54bee9a5beb26522d\"},\"headline\":\"Modischer Damen-Parka gro\u00dfe Gr\u00f6\u00dfen: Meine Kultjacke\",\"datePublished\":\"2023-11-29T18:13:09+00:00\",\"dateModified\":\"2023-11-29T18:13:31+00:00\",\"mainEntityOfPage\":{\"@id\":\"https:\\\/\\\/www.incurvy.de\\\/trends-grosse-groessen\\\/modischer-damen-parka-grosse-groessen-meine-kultjacke\\\/\"},\"wordCount\":209,\"commentCount\":0,\"publisher\":{\"@id\":\"https:\\\/\\\/www.incurvy.de\\\/trends-grosse-groessen\\\/#\\\/schema\\\/person\\\/0f0b11c021b39ea29dafea3a21fef662\"},\"image\":{\"@id\":\"https:\\\/\\\/www.incurvy.de\\\/trends-grosse-groessen\\\/modischer-damen-parka-grosse-groessen-meine-kultjacke\\\/#primaryimage\"},\"thumbnailUrl\":\"https:\\\/\\\/incurvy.co.uk\\\/wp-content\\\/uploads\\\/2023\\\/11\\\/Bildschirmfoto-2023-11-29-um-19.11.19.png\",\"keywords\":[\"Damen-Parka\",\"Damenparka gro\u00dfe Gr\u00f6\u00dfen\",\"gro\u00dfe Gr\u00f6\u00dfen Parka\",\"XXL-Mode\"],\"articleSection\":[\"Damenmode gro\u00dfe Gr\u00f6\u00dfen\",\"Interessante Themen\",\"Mode Tipps &amp; Tricks\",\"Plus-Size Mode\"],\"inLanguage\":\"de\",\"potentialAction\":[{\"@type\":\"CommentAction\",\"name\":\"Comment\",\"target\":[\"https:\\\/\\\/www.incurvy.de\\\/trends-grosse-groessen\\\/modischer-damen-parka-grosse-groessen-meine-kultjacke\\\/#respond\"]}]},{\"@type\":\"WebPage\",\"@id\":\"https:\\\/\\\/www.incurvy.de\\\/trends-grosse-groessen\\\/modischer-damen-parka-grosse-groessen-meine-kultjacke\\\/\",\"url\":\"https:\\\/\\\/www.incurvy.de\\\/trends-grosse-groessen\\\/modischer-damen-parka-grosse-groessen-meine-kultjacke\\\/\",\"name\":\"Modischer Damen-Parka gro\u00dfe Gr\u00f6\u00dfen: Meine XXL Kultjacke\",\"isPartOf\":{\"@id\":\"https:\\\/\\\/www.incurvy.de\\\/trends-grosse-groessen\\\/#website\"},\"primaryImageOfPage\":{\"@id\":\"https:\\\/\\\/www.incurvy.de\\\/trends-grosse-groessen\\\/modischer-damen-parka-grosse-groessen-meine-kultjacke\\\/#primaryimage\"},\"image\":{\"@id\":\"https:\\\/\\\/www.incurvy.de\\\/trends-grosse-groessen\\\/modischer-damen-parka-grosse-groessen-meine-kultjacke\\\/#primaryimage\"},\"thumbnailUrl\":\"https:\\\/\\\/incurvy.co.uk\\\/wp-content\\\/uploads\\\/2023\\\/11\\\/Bildschirmfoto-2023-11-29-um-19.11.19.png\",\"datePublished\":\"2023-11-29T18:13:09+00:00\",\"dateModified\":\"2023-11-29T18:13:31+00:00\",\"description\":\"Mein heutiges Plus Size Outfit hat den l\u00e4ssigen Damen-Parka gro\u00dfe Gr\u00f6\u00dfen f\u00fcr den Winter im Fokus. Jetzt inspirieren lassen!\",\"breadcrumb\":{\"@id\":\"https:\\\/\\\/www.incurvy.de\\\/trends-grosse-groessen\\\/modischer-damen-parka-grosse-groessen-meine-kultjacke\\\/#breadcrumb\"},\"inLanguage\":\"de\",\"potentialAction\":[{\"@type\":\"ReadAction\",\"target\":[\"https:\\\/\\\/www.incurvy.de\\\/trends-grosse-groessen\\\/modischer-damen-parka-grosse-groessen-meine-kultjacke\\\/\"]}]},{\"@type\":\"ImageObject\",\"inLanguage\":\"de\",\"@id\":\"https:\\\/\\\/www.incurvy.de\\\/trends-grosse-groessen\\\/modischer-damen-parka-grosse-groessen-meine-kultjacke\\\/#primaryimage\",\"url\":\"https:\\\/\\\/incurvy.co.uk\\\/wp-content\\\/uploads\\\/2023\\\/11\\\/Bildschirmfoto-2023-11-29-um-19.11.19.png\",\"contentUrl\":\"https:\\\/\\\/incurvy.co.uk\\\/wp-content\\\/uploads\\\/2023\\\/11\\\/Bildschirmfoto-2023-11-29-um-19.11.19.png\",\"width\":522,\"height\":405,\"caption\":\"Parka f\u00fcr mollige Frauen, hier entdecken!\"},{\"@type\":\"BreadcrumbList\",\"@id\":\"https:\\\/\\\/www.incurvy.de\\\/trends-grosse-groessen\\\/modischer-damen-parka-grosse-groessen-meine-kultjacke\\\/#breadcrumb\",\"itemListElement\":[{\"@type\":\"ListItem\",\"position\":1,\"name\":\"Home\",\"item\":\"https:\\\/\\\/www.incurvy.de\\\/trends-grosse-groessen\\\/\"},{\"@type\":\"ListItem\",\"position\":2,\"name\":\"Modischer Damen-Parka gro\u00dfe Gr\u00f6\u00dfen: Meine Kultjacke\"}]},{\"@type\":\"WebSite\",\"@id\":\"https:\\\/\\\/www.incurvy.de\\\/trends-grosse-groessen\\\/#website\",\"url\":\"https:\\\/\\\/www.incurvy.de\\\/trends-grosse-groessen\\\/\",\"name\":\"INCURVY Plus-Size Fashion - BLOG\",\"description\":\"INCURVY Plus-Size Fashion - BLOG\",\"publisher\":{\"@id\":\"https:\\\/\\\/www.incurvy.de\\\/trends-grosse-groessen\\\/#\\\/schema\\\/person\\\/0f0b11c021b39ea29dafea3a21fef662\"},\"potentialAction\":[{\"@type\":\"SearchAction\",\"target\":{\"@type\":\"EntryPoint\",\"urlTemplate\":\"https:\\\/\\\/www.incurvy.de\\\/trends-grosse-groessen\\\/?s={search_term_string}\"},\"query-input\":{\"@type\":\"PropertyValueSpecification\",\"valueRequired\":true,\"valueName\":\"search_term_string\"}}],\"inLanguage\":\"de\"},{\"@type\":[\"Person\",\"Organization\"],\"@id\":\"https:\\\/\\\/www.incurvy.de\\\/trends-grosse-groessen\\\/#\\\/schema\\\/person\\\/0f0b11c021b39ea29dafea3a21fef662\",\"name\":\"Eleonore\",\"image\":{\"@type\":\"ImageObject\",\"inLanguage\":\"de\",\"@id\":\"https:\\\/\\\/www.incurvy.de\\\/trends-grosse-groessen\\\/wp-content\\\/uploads\\\/2024\\\/02\\\/inCurvyLogoTransparent.png\",\"url\":\"https:\\\/\\\/www.incurvy.de\\\/trends-grosse-groessen\\\/wp-content\\\/uploads\\\/2024\\\/02\\\/inCurvyLogoTransparent.png\",\"contentUrl\":\"https:\\\/\\\/www.incurvy.de\\\/trends-grosse-groessen\\\/wp-content\\\/uploads\\\/2024\\\/02\\\/inCurvyLogoTransparent.png\",\"width\":1920,\"height\":1080,\"caption\":\"Eleonore\"},\"logo\":{\"@id\":\"https:\\\/\\\/www.incurvy.de\\\/trends-grosse-groessen\\\/wp-content\\\/uploads\\\/2024\\\/02\\\/inCurvyLogoTransparent.png\"}},{\"@type\":\"Person\",\"@id\":\"https:\\\/\\\/www.incurvy.de\\\/trends-grosse-groessen\\\/#\\\/schema\\\/person\\\/e0bcf5f8e74b1ed54bee9a5beb26522d\",\"name\":\"Sofia\",\"image\":{\"@type\":\"ImageObject\",\"inLanguage\":\"de\",\"@id\":\"https:\\\/\\\/secure.gravatar.com\\\/avatar\\\/4a182d84a0a0ac73964750f4faa49be2ca435fed0e5e56d4a63a9c04ac78d94c?s=96&d=mm&r=g\",\"url\":\"https:\\\/\\\/secure.gravatar.com\\\/avatar\\\/4a182d84a0a0ac73964750f4faa49be2ca435fed0e5e56d4a63a9c04ac78d94c?s=96&d=mm&r=g\",\"contentUrl\":\"https:\\\/\\\/secure.gravatar.com\\\/avatar\\\/4a182d84a0a0ac73964750f4faa49be2ca435fed0e5e56d4a63a9c04ac78d94c?s=96&d=mm&r=g\",\"caption\":\"Sofia\"},\"url\":\"https:\\\/\\\/www.incurvy.de\\\/trends-grosse-groessen\\\/author\\\/admin\\\/\"}]}<\/script>\n<!-- \/ Yoast SEO plugin. -->","yoast_head_json":{"title":"Modischer Damen-Parka gro\u00dfe Gr\u00f6\u00dfen: Meine XXL Kultjacke","description":"Mein heutiges Plus Size Outfit hat den l\u00e4ssigen Damen-Parka gro\u00dfe Gr\u00f6\u00dfen f\u00fcr den Winter im Fokus. Jetzt inspirieren lassen!","robots":{"index":"index","follow":"follow","max-snippet":"max-snippet:-1","max-image-preview":"max-image-preview:large","max-video-preview":"max-video-preview:-1"},"canonical":"https:\/\/www.incurvy.de\/trends-grosse-groessen\/modischer-damen-parka-grosse-groessen-meine-kultjacke\/","og_locale":"de_DE","og_type":"article","og_title":"Modischer Damen-Parka gro\u00dfe Gr\u00f6\u00dfen: Meine XXL Kultjacke","og_description":"Mein heutiges Plus Size Outfit hat den l\u00e4ssigen Damen-Parka gro\u00dfe Gr\u00f6\u00dfen f\u00fcr den Winter im Fokus. Jetzt inspirieren lassen!","og_url":"https:\/\/www.incurvy.de\/trends-grosse-groessen\/modischer-damen-parka-grosse-groessen-meine-kultjacke\/","og_site_name":"INCURVY Plus-Size Fashion - BLOG","article_published_time":"2023-11-29T18:13:09+00:00","article_modified_time":"2023-11-29T18:13:31+00:00","og_image":[{"width":522,"height":405,"url":"https:\/\/incurvy.co.uk\/wp-content\/uploads\/2023\/11\/Bildschirmfoto-2023-11-29-um-19.11.19.png","type":"image\/png"}],"author":"Sofia","twitter_card":"summary_large_image","twitter_misc":{"Verfasst von":"Sofia","Gesch\u00e4tzte Lesezeit":"2\u00a0Minuten"},"schema":{"@context":"https:\/\/schema.org","@graph":[{"@type":"Article","@id":"https:\/\/www.incurvy.de\/trends-grosse-groessen\/modischer-damen-parka-grosse-groessen-meine-kultjacke\/#article","isPartOf":{"@id":"https:\/\/www.incurvy.de\/trends-grosse-groessen\/modischer-damen-parka-grosse-groessen-meine-kultjacke\/"},"author":{"name":"Sofia","@id":"https:\/\/www.incurvy.de\/trends-grosse-groessen\/#\/schema\/person\/e0bcf5f8e74b1ed54bee9a5beb26522d"},"headline":"Modischer Damen-Parka gro\u00dfe Gr\u00f6\u00dfen: Meine Kultjacke","datePublished":"2023-11-29T18:13:09+00:00","dateModified":"2023-11-29T18:13:31+00:00","mainEntityOfPage":{"@id":"https:\/\/www.incurvy.de\/trends-grosse-groessen\/modischer-damen-parka-grosse-groessen-meine-kultjacke\/"},"wordCount":209,"commentCount":0,"publisher":{"@id":"https:\/\/www.incurvy.de\/trends-grosse-groessen\/#\/schema\/person\/0f0b11c021b39ea29dafea3a21fef662"},"image":{"@id":"https:\/\/www.incurvy.de\/trends-grosse-groessen\/modischer-damen-parka-grosse-groessen-meine-kultjacke\/#primaryimage"},"thumbnailUrl":"https:\/\/incurvy.co.uk\/wp-content\/uploads\/2023\/11\/Bildschirmfoto-2023-11-29-um-19.11.19.png","keywords":["Damen-Parka","Damenparka gro\u00dfe Gr\u00f6\u00dfen","gro\u00dfe Gr\u00f6\u00dfen Parka","XXL-Mode"],"articleSection":["Damenmode gro\u00dfe Gr\u00f6\u00dfen","Interessante Themen","Mode Tipps &amp; Tricks","Plus-Size Mode"],"inLanguage":"de","potentialAction":[{"@type":"CommentAction","name":"Comment","target":["https:\/\/www.incurvy.de\/trends-grosse-groessen\/modischer-damen-parka-grosse-groessen-meine-kultjacke\/#respond"]}]},{"@type":"WebPage","@id":"https:\/\/www.incurvy.de\/trends-grosse-groessen\/modischer-damen-parka-grosse-groessen-meine-kultjacke\/","url":"https:\/\/www.incurvy.de\/trends-grosse-groessen\/modischer-damen-parka-grosse-groessen-meine-kultjacke\/","name":"Modischer Damen-Parka gro\u00dfe Gr\u00f6\u00dfen: Meine XXL Kultjacke","isPartOf":{"@id":"https:\/\/www.incurvy.de\/trends-grosse-groessen\/#website"},"primaryImageOfPage":{"@id":"https:\/\/www.incurvy.de\/trends-grosse-groessen\/modischer-damen-parka-grosse-groessen-meine-kultjacke\/#primaryimage"},"image":{"@id":"https:\/\/www.incurvy.de\/trends-grosse-groessen\/modischer-damen-parka-grosse-groessen-meine-kultjacke\/#primaryimage"},"thumbnailUrl":"https:\/\/incurvy.co.uk\/wp-content\/uploads\/2023\/11\/Bildschirmfoto-2023-11-29-um-19.11.19.png","datePublished":"2023-11-29T18:13:09+00:00","dateModified":"2023-11-29T18:13:31+00:00","description":"Mein heutiges Plus Size Outfit hat den l\u00e4ssigen Damen-Parka gro\u00dfe Gr\u00f6\u00dfen f\u00fcr den Winter im Fokus. Jetzt inspirieren lassen!","breadcrumb":{"@id":"https:\/\/www.incurvy.de\/trends-grosse-groessen\/modischer-damen-parka-grosse-groessen-meine-kultjacke\/#breadcrumb"},"inLanguage":"de","potentialAction":[{"@type":"ReadAction","target":["https:\/\/www.incurvy.de\/trends-grosse-groessen\/modischer-damen-parka-grosse-groessen-meine-kultjacke\/"]}]},{"@type":"ImageObject","inLanguage":"de","@id":"https:\/\/www.incurvy.de\/trends-grosse-groessen\/modischer-damen-parka-grosse-groessen-meine-kultjacke\/#primaryimage","url":"https:\/\/incurvy.co.uk\/wp-content\/uploads\/2023\/11\/Bildschirmfoto-2023-11-29-um-19.11.19.png","contentUrl":"https:\/\/incurvy.co.uk\/wp-content\/uploads\/2023\/11\/Bildschirmfoto-2023-11-29-um-19.11.19.png","width":522,"height":405,"caption":"Parka f\u00fcr mollige Frauen, hier entdecken!"},{"@type":"BreadcrumbList","@id":"https:\/\/www.incurvy.de\/trends-grosse-groessen\/modischer-damen-parka-grosse-groessen-meine-kultjacke\/#breadcrumb","itemListElement":[{"@type":"ListItem","position":1,"name":"Home","item":"https:\/\/www.incurvy.de\/trends-grosse-groessen\/"},{"@type":"ListItem","position":2,"name":"Modischer Damen-Parka gro\u00dfe Gr\u00f6\u00dfen: Meine Kultjacke"}]},{"@type":"WebSite","@id":"https:\/\/www.incurvy.de\/trends-grosse-groessen\/#website","url":"https:\/\/www.incurvy.de\/trends-grosse-groessen\/","name":"INCURVY Plus-Size Fashion - BLOG","description":"INCURVY Plus-Size Fashion - BLOG","publisher":{"@id":"https:\/\/www.incurvy.de\/trends-grosse-groessen\/#\/schema\/person\/0f0b11c021b39ea29dafea3a21fef662"},"potentialAction":[{"@type":"SearchAction","target":{"@type":"EntryPoint","urlTemplate":"https:\/\/www.incurvy.de\/trends-grosse-groessen\/?s={search_term_string}"},"query-input":{"@type":"PropertyValueSpecification","valueRequired":true,"valueName":"search_term_string"}}],"inLanguage":"de"},{"@type":["Person","Organization"],"@id":"https:\/\/www.incurvy.de\/trends-grosse-groessen\/#\/schema\/person\/0f0b11c021b39ea29dafea3a21fef662","name":"Eleonore","image":{"@type":"ImageObject","inLanguage":"de","@id":"https:\/\/www.incurvy.de\/trends-grosse-groessen\/wp-content\/uploads\/2024\/02\/inCurvyLogoTransparent.png","url":"https:\/\/www.incurvy.de\/trends-grosse-groessen\/wp-content\/uploads\/2024\/02\/inCurvyLogoTransparent.png","contentUrl":"https:\/\/www.incurvy.de\/trends-grosse-groessen\/wp-content\/uploads\/2024\/02\/inCurvyLogoTransparent.png","width":1920,"height":1080,"caption":"Eleonore"},"logo":{"@id":"https:\/\/www.incurvy.de\/trends-grosse-groessen\/wp-content\/uploads\/2024\/02\/inCurvyLogoTransparent.png"}},{"@type":"Person","@id":"https:\/\/www.incurvy.de\/trends-grosse-groessen\/#\/schema\/person\/e0bcf5f8e74b1ed54bee9a5beb26522d","name":"Sofia","image":{"@type":"ImageObject","inLanguage":"de","@id":"https:\/\/secure.gravatar.com\/avatar\/4a182d84a0a0ac73964750f4faa49be2ca435fed0e5e56d4a63a9c04ac78d94c?s=96&d=mm&r=g","url":"https:\/\/secure.gravatar.com\/avatar\/4a182d84a0a0ac73964750f4faa49be2ca435fed0e5e56d4a63a9c04ac78d94c?s=96&d=mm&r=g","contentUrl":"https:\/\/secure.gravatar.com\/avatar\/4a182d84a0a0ac73964750f4faa49be2ca435fed0e5e56d4a63a9c04ac78d94c?s=96&d=mm&r=g","caption":"Sofia"},"url":"https:\/\/www.incurvy.de\/trends-grosse-groessen\/author\/admin\/"}]}},"_links":{"self":[{"href":"https:\/\/www.incurvy.de\/trends-grosse-groessen\/wp-json\/wp\/v2\/posts\/16028","targetHints":{"allow":["GET"]}}],"collection":[{"href":"https:\/\/www.incurvy.de\/trends-grosse-groessen\/wp-json\/wp\/v2\/posts"}],"about":[{"href":"https:\/\/www.incurvy.de\/trends-grosse-groessen\/wp-json\/wp\/v2\/types\/post"}],"author":[{"embeddable":true,"href":"https:\/\/www.incurvy.de\/trends-grosse-groessen\/wp-json\/wp\/v2\/users\/1"}],"replies":[{"embeddable":true,"href":"https:\/\/www.incurvy.de\/trends-grosse-groessen\/wp-json\/wp\/v2\/comments?post=16028"}],"version-history":[{"count":0,"href":"https:\/\/www.incurvy.de\/trends-grosse-groessen\/wp-json\/wp\/v2\/posts\/16028\/revisions"}],"wp:featuredmedia":[{"embeddable":true,"href":"https:\/\/www.incurvy.de\/trends-grosse-groessen\/wp-json\/wp\/v2\/media\/16033"}],"wp:attachment":[{"href":"https:\/\/www.incurvy.de\/trends-grosse-groessen\/wp-json\/wp\/v2\/media?parent=16028"}],"wp:term":[{"taxonomy":"category","embeddable":true,"href":"https:\/\/www.incurvy.de\/trends-grosse-groessen\/wp-json\/wp\/v2\/categories?post=16028"},{"taxonomy":"post_tag","embeddable":true,"href":"https:\/\/www.incurvy.de\/trends-grosse-groessen\/wp-json\/wp\/v2\/tags?post=16028"}],"curies":[{"name":"wp","href":"https:\/\/api.w.org\/{rel}","templated":true}]}}