{"id":16101,"date":"2023-12-14T09:46:04","date_gmt":"2023-12-14T07:46:04","guid":{"rendered":"https:\/\/www.incurvy.de\/trends-grosse-groessen\/?p=16101"},"modified":"2023-12-14T09:46:55","modified_gmt":"2023-12-14T07:46:55","slug":"mantel-mania-ueberlange-mantel-grosse-groessen-2","status":"publish","type":"post","link":"https:\/\/www.incurvy.de\/trends-grosse-groessen\/mantel-mania-ueberlange-mantel-grosse-groessen-2\/","title":{"rendered":"Mantel Mania: \u00dcberlanger Mantel gro\u00dfe Gr\u00f6\u00dfen"},"content":{"rendered":"<h2>Wer sich sowas nicht zutraut, liegt mit den langen M\u00e4nteln \u2013 den <strong>Longcoats<\/strong> \u2013 voll im Trend<\/h2>\n<p>M\u00e4ntel gro\u00dfe Gr\u00f6\u00dfen sind derzeit nicht einfach nur ein Zweckst\u00fcck im Winter. Vielmehr sind sie zum <strong>Modestatement<\/strong> geworden. Sie werden extravagant und aufregend.<strong> Es ist \u201eMantel Mania\u201c-Zeit.<\/strong> Letztes Jahr sahen wir viele \u201eBadem\u00e4ntel\u201c auf den Stra\u00dfen. Heute sind es Capes. Wer sich sowas nicht zutraut, liegt mit den langen M\u00e4nteln \u2013 den <strong>Longcoats<\/strong> \u2013 voll im Trend. Sie gehen bis zur Wade und teilweise sogar bis zum Kn\u00f6chel. Gerne sind sie gerade geschnitten, im Military Stil und oft auch Oversize. Sie fallen auf, wirken aber nicht zu extravagant und sind wirkliche Allrounder. Der \u00dcbergr\u00f6\u00dfen-Mantel h\u00e4lt warm im Winter, sieht schick aus und ist wunderbar einfach zu stylen. Viel kann man damit nicht falsch machen.<\/p>\n<h2>Lange M\u00e4ntel gro\u00dfe Gr\u00f6\u00dfen<\/h2>\n<p>In diesem Beispiel trage ich einen Longcoat. Kombiniert habe ich ihn zu Lace Up Boots. Dazu passen aber auch hervorragend schlichte schwarze Stiefel f\u00fcr den Alltag.<\/p>\n<p><a href=\"https:\/\/www.incurvy.de\/trends-grosse-groessen\/wp-content\/uploads\/2015\/11\/plus-size-mantel.jpg\" data-rel=\"penci-gallery-image-content\" ><img loading=\"lazy\" decoding=\"async\" class=\"alignnone size-large wp-image-8481\" src=\"https:\/\/www.incurvy.de\/trends-grosse-groessen\/wp-content\/uploads\/2015\/11\/plus-size-mantel-683x1024.jpg\" alt=\"Jetzt dieses Plus Size Outfit nachshoppen!\" width=\"683\" height=\"1024\" srcset=\"https:\/\/incurvy.co.uk\/wp-content\/uploads\/2015\/11\/plus-size-mantel-683x1024.jpg 683w, https:\/\/incurvy.co.uk\/wp-content\/uploads\/2015\/11\/plus-size-mantel-200x300.jpg 200w, https:\/\/incurvy.co.uk\/wp-content\/uploads\/2015\/11\/plus-size-mantel-768x1152.jpg 768w, https:\/\/incurvy.co.uk\/wp-content\/uploads\/2015\/11\/plus-size-mantel-1024x1536.jpg 1024w, https:\/\/incurvy.co.uk\/wp-content\/uploads\/2015\/11\/plus-size-mantel-1170x1755.jpg 1170w, https:\/\/incurvy.co.uk\/wp-content\/uploads\/2015\/11\/plus-size-mantel-585x878.jpg 585w, https:\/\/incurvy.co.uk\/wp-content\/uploads\/2015\/11\/plus-size-mantel.jpg 1280w\" sizes=\"auto, (max-width: 683px) 100vw, 683px\" \/><\/a><\/p>\n<p><a href=\"https:\/\/www.incurvy.de\/trends-grosse-groessen\/wp-content\/uploads\/2015\/11\/grosse-groessen-mantel.jpg\" data-rel=\"penci-gallery-image-content\" ><img loading=\"lazy\" decoding=\"async\" class=\"alignnone size-large wp-image-8480\" src=\"https:\/\/www.incurvy.de\/trends-grosse-groessen\/wp-content\/uploads\/2015\/11\/grosse-groessen-mantel-683x1024.jpg\" alt=\"Plus Size Mantel und Styling-Tipps auf incurvy!\" width=\"683\" height=\"1024\" srcset=\"https:\/\/incurvy.co.uk\/wp-content\/uploads\/2015\/11\/grosse-groessen-mantel-683x1024.jpg 683w, https:\/\/incurvy.co.uk\/wp-content\/uploads\/2015\/11\/grosse-groessen-mantel-200x300.jpg 200w, https:\/\/incurvy.co.uk\/wp-content\/uploads\/2015\/11\/grosse-groessen-mantel-768x1152.jpg 768w, https:\/\/incurvy.co.uk\/wp-content\/uploads\/2015\/11\/grosse-groessen-mantel-1024x1536.jpg 1024w, https:\/\/incurvy.co.uk\/wp-content\/uploads\/2015\/11\/grosse-groessen-mantel-1170x1755.jpg 1170w, https:\/\/incurvy.co.uk\/wp-content\/uploads\/2015\/11\/grosse-groessen-mantel-585x878.jpg 585w, https:\/\/incurvy.co.uk\/wp-content\/uploads\/2015\/11\/grosse-groessen-mantel.jpg 1280w\" sizes=\"auto, (max-width: 683px) 100vw, 683px\" \/><\/a><\/p>\n<h2>Longcardigan gro\u00dfe Gr\u00f6\u00dfen<\/h2>\n<p>Solltest du dich nicht f\u00fcr einen Mantel gro\u00dfe Gr\u00f6\u00dfen, sondern f\u00fcr einen langen Cardigan entscheiden, kann man diesen auch wunderbar mit einem breiten G\u00fcrtel in der Taille binden und damit hat man eine sch\u00f6ne Silhouette. Er eignet sich f\u00fcr den Alltag genauso wie zur Arbeit. Meinen Cardigan trage ich derzeit sehr h\u00e4ufig. Das Wetter ist sehr wechselhaft und noch warm. Da bedarf es noch keiner dicken Jacken. Zum langen Mantel und Cardigan kannst du so gut wie alles kombinieren. Pumps mit Rock, Sneaker und Jeans genauso wie Stiefel und Midirock.<\/p>\n<p>In diesem Beispiel zeige ich dir einen langen Cardigan, kombiniert mit einer Culotte und Stiefeletten.<\/p>\n<p><a href=\"https:\/\/www.incurvy.de\/trends-grosse-groessen\/wp-content\/uploads\/2015\/11\/oversize-mantel.jpg\" data-rel=\"penci-gallery-image-content\" ><img loading=\"lazy\" decoding=\"async\" class=\"alignnone size-large wp-image-8474\" src=\"https:\/\/www.incurvy.de\/trends-grosse-groessen\/wp-content\/uploads\/2015\/11\/oversize-mantel-1024x786.jpg\" alt=\"Modische M\u00e4ntel gro\u00dfe Gr\u00f6\u00dfen hier shoppen!\" width=\"1024\" height=\"786\" srcset=\"https:\/\/incurvy.co.uk\/wp-content\/uploads\/2015\/11\/oversize-mantel-1024x786.jpg 1024w, https:\/\/incurvy.co.uk\/wp-content\/uploads\/2015\/11\/oversize-mantel-300x230.jpg 300w, https:\/\/incurvy.co.uk\/wp-content\/uploads\/2015\/11\/oversize-mantel-250x192.jpg 250w, https:\/\/incurvy.co.uk\/wp-content\/uploads\/2015\/11\/oversize-mantel-768x590.jpg 768w, https:\/\/incurvy.co.uk\/wp-content\/uploads\/2015\/11\/oversize-mantel-1536x1180.jpg 1536w, https:\/\/incurvy.co.uk\/wp-content\/uploads\/2015\/11\/oversize-mantel-1170x899.jpg 1170w, https:\/\/incurvy.co.uk\/wp-content\/uploads\/2015\/11\/oversize-mantel-585x449.jpg 585w, https:\/\/incurvy.co.uk\/wp-content\/uploads\/2015\/11\/oversize-mantel.jpg 1828w\" sizes=\"auto, (max-width: 1024px) 100vw, 1024px\" \/><\/a> <a href=\"https:\/\/www.incurvy.de\/trends-grosse-groessen\/wp-content\/uploads\/2015\/11\/Mantel-grosse-groessen.jpg\" data-rel=\"penci-gallery-image-content\" ><img loading=\"lazy\" decoding=\"async\" class=\"alignnone size-large wp-image-8471\" src=\"https:\/\/www.incurvy.de\/trends-grosse-groessen\/wp-content\/uploads\/2015\/11\/Mantel-grosse-groessen-685x1024.jpg\" alt=\"Jetzt M\u00e4ntel in gro\u00dfen Gr\u00f6\u00dfen entdecken!\" width=\"685\" height=\"1024\" srcset=\"https:\/\/incurvy.co.uk\/wp-content\/uploads\/2015\/11\/Mantel-grosse-groessen-685x1024.jpg 685w, https:\/\/incurvy.co.uk\/wp-content\/uploads\/2015\/11\/Mantel-grosse-groessen-201x300.jpg 201w, https:\/\/incurvy.co.uk\/wp-content\/uploads\/2015\/11\/Mantel-grosse-groessen-768x1148.jpg 768w, https:\/\/incurvy.co.uk\/wp-content\/uploads\/2015\/11\/Mantel-grosse-groessen-1027x1536.jpg 1027w, https:\/\/incurvy.co.uk\/wp-content\/uploads\/2015\/11\/Mantel-grosse-groessen-1170x1750.jpg 1170w, https:\/\/incurvy.co.uk\/wp-content\/uploads\/2015\/11\/Mantel-grosse-groessen-585x875.jpg 585w, https:\/\/incurvy.co.uk\/wp-content\/uploads\/2015\/11\/Mantel-grosse-groessen.jpg 1284w\" sizes=\"auto, (max-width: 685px) 100vw, 685px\" \/><\/a><\/p>\n","protected":false},"excerpt":{"rendered":"<p>Wer sich sowas nicht zutraut, liegt mit den langen M\u00e4nteln \u2013 den Longcoats \u2013 voll im Trend M\u00e4ntel gro\u00dfe Gr\u00f6\u00dfen sind derzeit&hellip;<\/p>\n","protected":false},"author":1,"featured_media":8482,"comment_status":"open","ping_status":"open","sticky":false,"template":"","format":"standard","meta":{"footnotes":""},"categories":[9,2,5,1,8],"tags":[12,2603,997,2604],"class_list":["post-16101","post","type-post","status-publish","format-standard","has-post-thumbnail","hentry","category-damenmode-grosse-groessen","category-interessante-blog-themen","category-mode-tipps-tricks","category-kategorie-plus-size-mode","category-plus-size-news","tag-damenmode-grosse-groessen","tag-grosse-groessen-maentel","tag-mantel-grosse-groessen","tag-xxl-maentel"],"yoast_head":"<!-- This site is optimized with the Yoast SEO plugin v27.5 - https:\/\/yoast.com\/product\/yoast-seo-wordpress\/ -->\n<title>M\u00e4ntel gro\u00dfe Gr\u00f6\u00dfen - gro\u00dfe Gr\u00f6\u00dfen Mantel<\/title>\n<meta name=\"description\" content=\"Es ist \u201eMantel Mania\u201c-Zeit: M\u00e4ntel gro\u00dfe Gr\u00f6\u00dfen sind nicht nur ein Zweckst\u00fcckim Winter. Sie sind ein Modestatement!\" \/>\n<meta name=\"robots\" content=\"index, follow, max-snippet:-1, max-image-preview:large, max-video-preview:-1\" \/>\n<link rel=\"canonical\" href=\"https:\/\/www.incurvy.de\/trends-grosse-groessen\/mantel-mania-ueberlange-mantel-grosse-groessen-2\/\" \/>\n<meta property=\"og:locale\" content=\"de_DE\" \/>\n<meta property=\"og:type\" content=\"article\" \/>\n<meta property=\"og:title\" content=\"M\u00e4ntel gro\u00dfe Gr\u00f6\u00dfen - gro\u00dfe Gr\u00f6\u00dfen Mantel\" \/>\n<meta property=\"og:description\" content=\"Es ist \u201eMantel Mania\u201c-Zeit: M\u00e4ntel gro\u00dfe Gr\u00f6\u00dfen sind nicht nur ein Zweckst\u00fcckim Winter. Sie sind ein Modestatement!\" \/>\n<meta property=\"og:url\" content=\"https:\/\/www.incurvy.de\/trends-grosse-groessen\/mantel-mania-ueberlange-mantel-grosse-groessen-2\/\" \/>\n<meta property=\"og:site_name\" content=\"INCURVY Plus-Size Fashion - BLOG\" \/>\n<meta property=\"article:published_time\" content=\"2023-12-14T07:46:04+00:00\" \/>\n<meta property=\"article:modified_time\" content=\"2023-12-14T07:46:55+00:00\" \/>\n<meta property=\"og:image\" content=\"https:\/\/incurvy.co.uk\/wp-content\/uploads\/2015\/11\/ueberlange-maentel.jpg\" \/>\n\t<meta property=\"og:image:width\" content=\"1920\" \/>\n\t<meta property=\"og:image:height\" content=\"1280\" \/>\n\t<meta property=\"og:image:type\" content=\"image\/jpeg\" \/>\n<meta name=\"author\" content=\"Sofia\" \/>\n<meta name=\"twitter:card\" content=\"summary_large_image\" \/>\n<meta name=\"twitter:label1\" content=\"Verfasst von\" \/>\n\t<meta name=\"twitter:data1\" content=\"Sofia\" \/>\n\t<meta name=\"twitter:label2\" content=\"Gesch\u00e4tzte Lesezeit\" \/>\n\t<meta name=\"twitter:data2\" content=\"3\u00a0Minuten\" \/>\n<script type=\"application\/ld+json\" class=\"yoast-schema-graph\">{\"@context\":\"https:\\\/\\\/schema.org\",\"@graph\":[{\"@type\":\"Article\",\"@id\":\"https:\\\/\\\/www.incurvy.de\\\/trends-grosse-groessen\\\/mantel-mania-ueberlange-mantel-grosse-groessen-2\\\/#article\",\"isPartOf\":{\"@id\":\"https:\\\/\\\/www.incurvy.de\\\/trends-grosse-groessen\\\/mantel-mania-ueberlange-mantel-grosse-groessen-2\\\/\"},\"author\":{\"name\":\"Sofia\",\"@id\":\"https:\\\/\\\/www.incurvy.de\\\/trends-grosse-groessen\\\/#\\\/schema\\\/person\\\/e0bcf5f8e74b1ed54bee9a5beb26522d\"},\"headline\":\"Mantel Mania: \u00dcberlanger Mantel gro\u00dfe Gr\u00f6\u00dfen\",\"datePublished\":\"2023-12-14T07:46:04+00:00\",\"dateModified\":\"2023-12-14T07:46:55+00:00\",\"mainEntityOfPage\":{\"@id\":\"https:\\\/\\\/www.incurvy.de\\\/trends-grosse-groessen\\\/mantel-mania-ueberlange-mantel-grosse-groessen-2\\\/\"},\"wordCount\":299,\"commentCount\":0,\"publisher\":{\"@id\":\"https:\\\/\\\/www.incurvy.de\\\/trends-grosse-groessen\\\/#\\\/schema\\\/person\\\/0f0b11c021b39ea29dafea3a21fef662\"},\"image\":{\"@id\":\"https:\\\/\\\/www.incurvy.de\\\/trends-grosse-groessen\\\/mantel-mania-ueberlange-mantel-grosse-groessen-2\\\/#primaryimage\"},\"thumbnailUrl\":\"https:\\\/\\\/incurvy.co.uk\\\/wp-content\\\/uploads\\\/2015\\\/11\\\/ueberlange-maentel.jpg\",\"keywords\":[\"Damenmode grosse Gr\u00f6ssen\",\"Gro\u00dfe Gr\u00f6\u00dfen M\u00e4ntel\",\"Mantel gro\u00dfe Gr\u00f6\u00dfen\",\"XXL M\u00e4ntel\"],\"articleSection\":[\"Damenmode gro\u00dfe Gr\u00f6\u00dfen\",\"Interessante Themen\",\"Mode Tipps &amp; Tricks\",\"Plus-Size Mode\",\"Plus-Size News\"],\"inLanguage\":\"de\",\"potentialAction\":[{\"@type\":\"CommentAction\",\"name\":\"Comment\",\"target\":[\"https:\\\/\\\/www.incurvy.de\\\/trends-grosse-groessen\\\/mantel-mania-ueberlange-mantel-grosse-groessen-2\\\/#respond\"]}]},{\"@type\":\"WebPage\",\"@id\":\"https:\\\/\\\/www.incurvy.de\\\/trends-grosse-groessen\\\/mantel-mania-ueberlange-mantel-grosse-groessen-2\\\/\",\"url\":\"https:\\\/\\\/www.incurvy.de\\\/trends-grosse-groessen\\\/mantel-mania-ueberlange-mantel-grosse-groessen-2\\\/\",\"name\":\"M\u00e4ntel gro\u00dfe Gr\u00f6\u00dfen - gro\u00dfe Gr\u00f6\u00dfen Mantel\",\"isPartOf\":{\"@id\":\"https:\\\/\\\/www.incurvy.de\\\/trends-grosse-groessen\\\/#website\"},\"primaryImageOfPage\":{\"@id\":\"https:\\\/\\\/www.incurvy.de\\\/trends-grosse-groessen\\\/mantel-mania-ueberlange-mantel-grosse-groessen-2\\\/#primaryimage\"},\"image\":{\"@id\":\"https:\\\/\\\/www.incurvy.de\\\/trends-grosse-groessen\\\/mantel-mania-ueberlange-mantel-grosse-groessen-2\\\/#primaryimage\"},\"thumbnailUrl\":\"https:\\\/\\\/incurvy.co.uk\\\/wp-content\\\/uploads\\\/2015\\\/11\\\/ueberlange-maentel.jpg\",\"datePublished\":\"2023-12-14T07:46:04+00:00\",\"dateModified\":\"2023-12-14T07:46:55+00:00\",\"description\":\"Es ist \u201eMantel Mania\u201c-Zeit: M\u00e4ntel gro\u00dfe Gr\u00f6\u00dfen sind nicht nur ein Zweckst\u00fcckim Winter. Sie sind ein Modestatement!\",\"breadcrumb\":{\"@id\":\"https:\\\/\\\/www.incurvy.de\\\/trends-grosse-groessen\\\/mantel-mania-ueberlange-mantel-grosse-groessen-2\\\/#breadcrumb\"},\"inLanguage\":\"de\",\"potentialAction\":[{\"@type\":\"ReadAction\",\"target\":[\"https:\\\/\\\/www.incurvy.de\\\/trends-grosse-groessen\\\/mantel-mania-ueberlange-mantel-grosse-groessen-2\\\/\"]}]},{\"@type\":\"ImageObject\",\"inLanguage\":\"de\",\"@id\":\"https:\\\/\\\/www.incurvy.de\\\/trends-grosse-groessen\\\/mantel-mania-ueberlange-mantel-grosse-groessen-2\\\/#primaryimage\",\"url\":\"https:\\\/\\\/incurvy.co.uk\\\/wp-content\\\/uploads\\\/2015\\\/11\\\/ueberlange-maentel.jpg\",\"contentUrl\":\"https:\\\/\\\/incurvy.co.uk\\\/wp-content\\\/uploads\\\/2015\\\/11\\\/ueberlange-maentel.jpg\",\"width\":1920,\"height\":1280,\"caption\":\"Jetzt M\u00e4ntel in gro\u00dfen Gr\u00f6\u00dfen entdecken!\"},{\"@type\":\"BreadcrumbList\",\"@id\":\"https:\\\/\\\/www.incurvy.de\\\/trends-grosse-groessen\\\/mantel-mania-ueberlange-mantel-grosse-groessen-2\\\/#breadcrumb\",\"itemListElement\":[{\"@type\":\"ListItem\",\"position\":1,\"name\":\"Home\",\"item\":\"https:\\\/\\\/www.incurvy.de\\\/trends-grosse-groessen\\\/\"},{\"@type\":\"ListItem\",\"position\":2,\"name\":\"Mantel Mania: \u00dcberlanger Mantel gro\u00dfe Gr\u00f6\u00dfen\"}]},{\"@type\":\"WebSite\",\"@id\":\"https:\\\/\\\/www.incurvy.de\\\/trends-grosse-groessen\\\/#website\",\"url\":\"https:\\\/\\\/www.incurvy.de\\\/trends-grosse-groessen\\\/\",\"name\":\"INCURVY Plus-Size Fashion - BLOG\",\"description\":\"INCURVY Plus-Size Fashion - BLOG\",\"publisher\":{\"@id\":\"https:\\\/\\\/www.incurvy.de\\\/trends-grosse-groessen\\\/#\\\/schema\\\/person\\\/0f0b11c021b39ea29dafea3a21fef662\"},\"potentialAction\":[{\"@type\":\"SearchAction\",\"target\":{\"@type\":\"EntryPoint\",\"urlTemplate\":\"https:\\\/\\\/www.incurvy.de\\\/trends-grosse-groessen\\\/?s={search_term_string}\"},\"query-input\":{\"@type\":\"PropertyValueSpecification\",\"valueRequired\":true,\"valueName\":\"search_term_string\"}}],\"inLanguage\":\"de\"},{\"@type\":[\"Person\",\"Organization\"],\"@id\":\"https:\\\/\\\/www.incurvy.de\\\/trends-grosse-groessen\\\/#\\\/schema\\\/person\\\/0f0b11c021b39ea29dafea3a21fef662\",\"name\":\"Eleonore\",\"image\":{\"@type\":\"ImageObject\",\"inLanguage\":\"de\",\"@id\":\"https:\\\/\\\/www.incurvy.de\\\/trends-grosse-groessen\\\/wp-content\\\/uploads\\\/2024\\\/02\\\/inCurvyLogoTransparent.png\",\"url\":\"https:\\\/\\\/www.incurvy.de\\\/trends-grosse-groessen\\\/wp-content\\\/uploads\\\/2024\\\/02\\\/inCurvyLogoTransparent.png\",\"contentUrl\":\"https:\\\/\\\/www.incurvy.de\\\/trends-grosse-groessen\\\/wp-content\\\/uploads\\\/2024\\\/02\\\/inCurvyLogoTransparent.png\",\"width\":1920,\"height\":1080,\"caption\":\"Eleonore\"},\"logo\":{\"@id\":\"https:\\\/\\\/www.incurvy.de\\\/trends-grosse-groessen\\\/wp-content\\\/uploads\\\/2024\\\/02\\\/inCurvyLogoTransparent.png\"}},{\"@type\":\"Person\",\"@id\":\"https:\\\/\\\/www.incurvy.de\\\/trends-grosse-groessen\\\/#\\\/schema\\\/person\\\/e0bcf5f8e74b1ed54bee9a5beb26522d\",\"name\":\"Sofia\",\"image\":{\"@type\":\"ImageObject\",\"inLanguage\":\"de\",\"@id\":\"https:\\\/\\\/secure.gravatar.com\\\/avatar\\\/4a182d84a0a0ac73964750f4faa49be2ca435fed0e5e56d4a63a9c04ac78d94c?s=96&d=mm&r=g\",\"url\":\"https:\\\/\\\/secure.gravatar.com\\\/avatar\\\/4a182d84a0a0ac73964750f4faa49be2ca435fed0e5e56d4a63a9c04ac78d94c?s=96&d=mm&r=g\",\"contentUrl\":\"https:\\\/\\\/secure.gravatar.com\\\/avatar\\\/4a182d84a0a0ac73964750f4faa49be2ca435fed0e5e56d4a63a9c04ac78d94c?s=96&d=mm&r=g\",\"caption\":\"Sofia\"},\"url\":\"https:\\\/\\\/www.incurvy.de\\\/trends-grosse-groessen\\\/author\\\/admin\\\/\"}]}<\/script>\n<!-- \/ Yoast SEO plugin. -->","yoast_head_json":{"title":"M\u00e4ntel gro\u00dfe Gr\u00f6\u00dfen - gro\u00dfe Gr\u00f6\u00dfen Mantel","description":"Es ist \u201eMantel Mania\u201c-Zeit: M\u00e4ntel gro\u00dfe Gr\u00f6\u00dfen sind nicht nur ein Zweckst\u00fcckim Winter. Sie sind ein Modestatement!","robots":{"index":"index","follow":"follow","max-snippet":"max-snippet:-1","max-image-preview":"max-image-preview:large","max-video-preview":"max-video-preview:-1"},"canonical":"https:\/\/www.incurvy.de\/trends-grosse-groessen\/mantel-mania-ueberlange-mantel-grosse-groessen-2\/","og_locale":"de_DE","og_type":"article","og_title":"M\u00e4ntel gro\u00dfe Gr\u00f6\u00dfen - gro\u00dfe Gr\u00f6\u00dfen Mantel","og_description":"Es ist \u201eMantel Mania\u201c-Zeit: M\u00e4ntel gro\u00dfe Gr\u00f6\u00dfen sind nicht nur ein Zweckst\u00fcckim Winter. Sie sind ein Modestatement!","og_url":"https:\/\/www.incurvy.de\/trends-grosse-groessen\/mantel-mania-ueberlange-mantel-grosse-groessen-2\/","og_site_name":"INCURVY Plus-Size Fashion - BLOG","article_published_time":"2023-12-14T07:46:04+00:00","article_modified_time":"2023-12-14T07:46:55+00:00","og_image":[{"width":1920,"height":1280,"url":"https:\/\/incurvy.co.uk\/wp-content\/uploads\/2015\/11\/ueberlange-maentel.jpg","type":"image\/jpeg"}],"author":"Sofia","twitter_card":"summary_large_image","twitter_misc":{"Verfasst von":"Sofia","Gesch\u00e4tzte Lesezeit":"3\u00a0Minuten"},"schema":{"@context":"https:\/\/schema.org","@graph":[{"@type":"Article","@id":"https:\/\/www.incurvy.de\/trends-grosse-groessen\/mantel-mania-ueberlange-mantel-grosse-groessen-2\/#article","isPartOf":{"@id":"https:\/\/www.incurvy.de\/trends-grosse-groessen\/mantel-mania-ueberlange-mantel-grosse-groessen-2\/"},"author":{"name":"Sofia","@id":"https:\/\/www.incurvy.de\/trends-grosse-groessen\/#\/schema\/person\/e0bcf5f8e74b1ed54bee9a5beb26522d"},"headline":"Mantel Mania: \u00dcberlanger Mantel gro\u00dfe Gr\u00f6\u00dfen","datePublished":"2023-12-14T07:46:04+00:00","dateModified":"2023-12-14T07:46:55+00:00","mainEntityOfPage":{"@id":"https:\/\/www.incurvy.de\/trends-grosse-groessen\/mantel-mania-ueberlange-mantel-grosse-groessen-2\/"},"wordCount":299,"commentCount":0,"publisher":{"@id":"https:\/\/www.incurvy.de\/trends-grosse-groessen\/#\/schema\/person\/0f0b11c021b39ea29dafea3a21fef662"},"image":{"@id":"https:\/\/www.incurvy.de\/trends-grosse-groessen\/mantel-mania-ueberlange-mantel-grosse-groessen-2\/#primaryimage"},"thumbnailUrl":"https:\/\/incurvy.co.uk\/wp-content\/uploads\/2015\/11\/ueberlange-maentel.jpg","keywords":["Damenmode grosse Gr\u00f6ssen","Gro\u00dfe Gr\u00f6\u00dfen M\u00e4ntel","Mantel gro\u00dfe Gr\u00f6\u00dfen","XXL M\u00e4ntel"],"articleSection":["Damenmode gro\u00dfe Gr\u00f6\u00dfen","Interessante Themen","Mode Tipps &amp; Tricks","Plus-Size Mode","Plus-Size News"],"inLanguage":"de","potentialAction":[{"@type":"CommentAction","name":"Comment","target":["https:\/\/www.incurvy.de\/trends-grosse-groessen\/mantel-mania-ueberlange-mantel-grosse-groessen-2\/#respond"]}]},{"@type":"WebPage","@id":"https:\/\/www.incurvy.de\/trends-grosse-groessen\/mantel-mania-ueberlange-mantel-grosse-groessen-2\/","url":"https:\/\/www.incurvy.de\/trends-grosse-groessen\/mantel-mania-ueberlange-mantel-grosse-groessen-2\/","name":"M\u00e4ntel gro\u00dfe Gr\u00f6\u00dfen - gro\u00dfe Gr\u00f6\u00dfen Mantel","isPartOf":{"@id":"https:\/\/www.incurvy.de\/trends-grosse-groessen\/#website"},"primaryImageOfPage":{"@id":"https:\/\/www.incurvy.de\/trends-grosse-groessen\/mantel-mania-ueberlange-mantel-grosse-groessen-2\/#primaryimage"},"image":{"@id":"https:\/\/www.incurvy.de\/trends-grosse-groessen\/mantel-mania-ueberlange-mantel-grosse-groessen-2\/#primaryimage"},"thumbnailUrl":"https:\/\/incurvy.co.uk\/wp-content\/uploads\/2015\/11\/ueberlange-maentel.jpg","datePublished":"2023-12-14T07:46:04+00:00","dateModified":"2023-12-14T07:46:55+00:00","description":"Es ist \u201eMantel Mania\u201c-Zeit: M\u00e4ntel gro\u00dfe Gr\u00f6\u00dfen sind nicht nur ein Zweckst\u00fcckim Winter. Sie sind ein Modestatement!","breadcrumb":{"@id":"https:\/\/www.incurvy.de\/trends-grosse-groessen\/mantel-mania-ueberlange-mantel-grosse-groessen-2\/#breadcrumb"},"inLanguage":"de","potentialAction":[{"@type":"ReadAction","target":["https:\/\/www.incurvy.de\/trends-grosse-groessen\/mantel-mania-ueberlange-mantel-grosse-groessen-2\/"]}]},{"@type":"ImageObject","inLanguage":"de","@id":"https:\/\/www.incurvy.de\/trends-grosse-groessen\/mantel-mania-ueberlange-mantel-grosse-groessen-2\/#primaryimage","url":"https:\/\/incurvy.co.uk\/wp-content\/uploads\/2015\/11\/ueberlange-maentel.jpg","contentUrl":"https:\/\/incurvy.co.uk\/wp-content\/uploads\/2015\/11\/ueberlange-maentel.jpg","width":1920,"height":1280,"caption":"Jetzt M\u00e4ntel in gro\u00dfen Gr\u00f6\u00dfen entdecken!"},{"@type":"BreadcrumbList","@id":"https:\/\/www.incurvy.de\/trends-grosse-groessen\/mantel-mania-ueberlange-mantel-grosse-groessen-2\/#breadcrumb","itemListElement":[{"@type":"ListItem","position":1,"name":"Home","item":"https:\/\/www.incurvy.de\/trends-grosse-groessen\/"},{"@type":"ListItem","position":2,"name":"Mantel Mania: \u00dcberlanger Mantel gro\u00dfe Gr\u00f6\u00dfen"}]},{"@type":"WebSite","@id":"https:\/\/www.incurvy.de\/trends-grosse-groessen\/#website","url":"https:\/\/www.incurvy.de\/trends-grosse-groessen\/","name":"INCURVY Plus-Size Fashion - BLOG","description":"INCURVY Plus-Size Fashion - BLOG","publisher":{"@id":"https:\/\/www.incurvy.de\/trends-grosse-groessen\/#\/schema\/person\/0f0b11c021b39ea29dafea3a21fef662"},"potentialAction":[{"@type":"SearchAction","target":{"@type":"EntryPoint","urlTemplate":"https:\/\/www.incurvy.de\/trends-grosse-groessen\/?s={search_term_string}"},"query-input":{"@type":"PropertyValueSpecification","valueRequired":true,"valueName":"search_term_string"}}],"inLanguage":"de"},{"@type":["Person","Organization"],"@id":"https:\/\/www.incurvy.de\/trends-grosse-groessen\/#\/schema\/person\/0f0b11c021b39ea29dafea3a21fef662","name":"Eleonore","image":{"@type":"ImageObject","inLanguage":"de","@id":"https:\/\/www.incurvy.de\/trends-grosse-groessen\/wp-content\/uploads\/2024\/02\/inCurvyLogoTransparent.png","url":"https:\/\/www.incurvy.de\/trends-grosse-groessen\/wp-content\/uploads\/2024\/02\/inCurvyLogoTransparent.png","contentUrl":"https:\/\/www.incurvy.de\/trends-grosse-groessen\/wp-content\/uploads\/2024\/02\/inCurvyLogoTransparent.png","width":1920,"height":1080,"caption":"Eleonore"},"logo":{"@id":"https:\/\/www.incurvy.de\/trends-grosse-groessen\/wp-content\/uploads\/2024\/02\/inCurvyLogoTransparent.png"}},{"@type":"Person","@id":"https:\/\/www.incurvy.de\/trends-grosse-groessen\/#\/schema\/person\/e0bcf5f8e74b1ed54bee9a5beb26522d","name":"Sofia","image":{"@type":"ImageObject","inLanguage":"de","@id":"https:\/\/secure.gravatar.com\/avatar\/4a182d84a0a0ac73964750f4faa49be2ca435fed0e5e56d4a63a9c04ac78d94c?s=96&d=mm&r=g","url":"https:\/\/secure.gravatar.com\/avatar\/4a182d84a0a0ac73964750f4faa49be2ca435fed0e5e56d4a63a9c04ac78d94c?s=96&d=mm&r=g","contentUrl":"https:\/\/secure.gravatar.com\/avatar\/4a182d84a0a0ac73964750f4faa49be2ca435fed0e5e56d4a63a9c04ac78d94c?s=96&d=mm&r=g","caption":"Sofia"},"url":"https:\/\/www.incurvy.de\/trends-grosse-groessen\/author\/admin\/"}]}},"_links":{"self":[{"href":"https:\/\/www.incurvy.de\/trends-grosse-groessen\/wp-json\/wp\/v2\/posts\/16101","targetHints":{"allow":["GET"]}}],"collection":[{"href":"https:\/\/www.incurvy.de\/trends-grosse-groessen\/wp-json\/wp\/v2\/posts"}],"about":[{"href":"https:\/\/www.incurvy.de\/trends-grosse-groessen\/wp-json\/wp\/v2\/types\/post"}],"author":[{"embeddable":true,"href":"https:\/\/www.incurvy.de\/trends-grosse-groessen\/wp-json\/wp\/v2\/users\/1"}],"replies":[{"embeddable":true,"href":"https:\/\/www.incurvy.de\/trends-grosse-groessen\/wp-json\/wp\/v2\/comments?post=16101"}],"version-history":[{"count":0,"href":"https:\/\/www.incurvy.de\/trends-grosse-groessen\/wp-json\/wp\/v2\/posts\/16101\/revisions"}],"wp:featuredmedia":[{"embeddable":true,"href":"https:\/\/www.incurvy.de\/trends-grosse-groessen\/wp-json\/wp\/v2\/media\/8482"}],"wp:attachment":[{"href":"https:\/\/www.incurvy.de\/trends-grosse-groessen\/wp-json\/wp\/v2\/media?parent=16101"}],"wp:term":[{"taxonomy":"category","embeddable":true,"href":"https:\/\/www.incurvy.de\/trends-grosse-groessen\/wp-json\/wp\/v2\/categories?post=16101"},{"taxonomy":"post_tag","embeddable":true,"href":"https:\/\/www.incurvy.de\/trends-grosse-groessen\/wp-json\/wp\/v2\/tags?post=16101"}],"curies":[{"name":"wp","href":"https:\/\/api.w.org\/{rel}","templated":true}]}}