{"id":5346,"date":"2015-04-30T17:11:19","date_gmt":"2015-04-30T15:11:19","guid":{"rendered":"http:\/\/www.incurvy.de\/trends-grosse-groessen\/?p=5346"},"modified":"2015-05-24T15:09:55","modified_gmt":"2015-05-24T13:09:55","slug":"die-trendfarben-im-fruehling-2015","status":"publish","type":"post","link":"https:\/\/www.incurvy.de\/trends-grosse-groessen\/die-trendfarben-im-fruehling-2015\/","title":{"rendered":"Die Trendfarben im Fr\u00fchling 2015"},"content":{"rendered":"<p>Jede Modesaison hat ihre ganz eigenen Trendfarben. Dieses Jahr treffen wir ein paar alte Bekannte aus der Herbstmode wieder. Au\u00dferdem sind sanfte Farben und typisch gute Laune-Knall-T\u00f6ne die Trendfarben im Fr\u00fchling 2015!<\/p>\n<h4>Gelb und Rott\u00f6ne sind In<\/h4>\n<p>Leuchtendes Zitronengelb, sattes Rot wie frische Erdbeeren, kr\u00e4ftiges Orange wie eine leckere Frucht: Diese Farben sind diesen Fr\u00fchling und Sommer total angesagt. Dazu passen vor allem helle Kombi-Teile in Wei\u00df und Nude. Aber auch Grau und Schwarz k\u00f6nnen gut zu den strahlenden Fr\u00fchlingsfarben kombiniert werden, ohne dass es trist wirkt.<\/p>\n<div id=\"attachment_5366\" style=\"width: 810px\" class=\"wp-caption alignnone\"><a href=\"https:\/\/www.incurvy.de\/trends-grosse-groessen\/wp-content\/uploads\/2015\/04\/Trendfarbe-fruehling-rot.jpg\" data-rel=\"penci-gallery-image-content\" ><img loading=\"lazy\" decoding=\"async\" aria-describedby=\"caption-attachment-5366\" class=\"size-full wp-image-5366\" src=\"https:\/\/www.incurvy.de\/trends-grosse-groessen\/wp-content\/uploads\/2015\/04\/Trendfarbe-fruehling-rot.jpg\" alt=\"Die Trendfarben im  Fr\u00fchling - jetzt entdecken!\" width=\"800\" height=\"533\" srcset=\"https:\/\/incurvy.co.uk\/wp-content\/uploads\/2015\/04\/Trendfarbe-fruehling-rot.jpg 800w, https:\/\/incurvy.co.uk\/wp-content\/uploads\/2015\/04\/Trendfarbe-fruehling-rot-300x200.jpg 300w, https:\/\/incurvy.co.uk\/wp-content\/uploads\/2015\/04\/Trendfarbe-fruehling-rot-250x167.jpg 250w, https:\/\/incurvy.co.uk\/wp-content\/uploads\/2015\/04\/Trendfarbe-fruehling-rot-768x512.jpg 768w, https:\/\/incurvy.co.uk\/wp-content\/uploads\/2015\/04\/Trendfarbe-fruehling-rot-585x390.jpg 585w\" sizes=\"auto, (max-width: 800px) 100vw, 800px\" \/><\/a><p id=\"caption-attachment-5366\" class=\"wp-caption-text\">\u00a9 x-two: Rott\u00f6ne &#8211; die Trendfarben im Fr\u00fchling<\/p><\/div>\n<p>Die perfekte, fruchtige Kombination f\u00fcr den Fr\u00fchling ist:<strong> Erdbeere, Orange und Pfirsich.<\/strong><\/p>\n<h4>Trendfarbe Marsala und wie Du sie in der Fr\u00fchjahrsmode kombinierst<\/h4>\n<p>Etwas unerwartet: Auch \u201e<a href=\"https:\/\/www.incurvy.de\/trends-grosse-groessen\/mode-trends-2015-die-coolsten-looks\/\" target=\"_blank\">Marsala<\/a>\u201c ist Trend. Marsala ist ein relativ dunkles, k\u00fchles Rot, \u00e4hnlich wie Weinrot. Eigentlich eher eine Herbstfarbe, dieses Jahr aber auch im Fr\u00fchling ganz weit vorne.<\/p>\n<p>Zu Marsala passen vor allem sommerliches Wei\u00df oder Nude-T\u00f6ne und Ros\u00e9. Sie nehmen dem dunklen Rot etwas die \u201eSchwere\u201c und verleihen Deinem Outfit einen sommerlichen Hauch. Schwarz passt zwar auch sehr gut zu Marsala, wirkt aber im Fr\u00fchling ziemlich d\u00fcster. \u00a0Diese Kombi passt daher besser in Herbst und Winter.<\/p>\n<p>Auch <strong>helles Ros\u00e9<\/strong> ist diesen Fr\u00fchling angesagt und geh\u00f6rt zu denTrendfarben 2015. Allerdings nicht niedlich, sondern mond\u00e4n und cool getragen, zum Beispiel als Trenchcoat.<\/p>\n<h4>Trendfarben im Fr\u00fchling 2015: K\u00fchle Blau- und Gr\u00fcn-T\u00f6ne<\/h4>\n<div id=\"attachment_5362\" style=\"width: 810px\" class=\"wp-caption alignnone\"><a href=\"https:\/\/www.incurvy.de\/trends-grosse-groessen\/wp-content\/uploads\/2015\/04\/Blautoene-trendfarben-im-fruehling.jpg\" data-rel=\"penci-gallery-image-content\" ><img loading=\"lazy\" decoding=\"async\" aria-describedby=\"caption-attachment-5362\" class=\"size-full wp-image-5362\" src=\"https:\/\/www.incurvy.de\/trends-grosse-groessen\/wp-content\/uploads\/2015\/04\/Blautoene-trendfarben-im-fruehling.jpg\" alt=\"Angesagte Farben f\u00fcr den Fr\u00fchling - jetzt informieren!\" width=\"800\" height=\"526\" srcset=\"https:\/\/incurvy.co.uk\/wp-content\/uploads\/2015\/04\/Blautoene-trendfarben-im-fruehling.jpg 800w, https:\/\/incurvy.co.uk\/wp-content\/uploads\/2015\/04\/Blautoene-trendfarben-im-fruehling-300x197.jpg 300w, https:\/\/incurvy.co.uk\/wp-content\/uploads\/2015\/04\/Blautoene-trendfarben-im-fruehling-250x164.jpg 250w, https:\/\/incurvy.co.uk\/wp-content\/uploads\/2015\/04\/Blautoene-trendfarben-im-fruehling-768x505.jpg 768w, https:\/\/incurvy.co.uk\/wp-content\/uploads\/2015\/04\/Blautoene-trendfarben-im-fruehling-585x385.jpg 585w\" sizes=\"auto, (max-width: 800px) 100vw, 800px\" \/><\/a><p id=\"caption-attachment-5362\" class=\"wp-caption-text\">\u00a9 x-two: Blau als Trendfarben im Fr\u00fchling<\/p><\/div>\n<p>Etwas weniger quietschbunt geht es mit<strong> Aquamarinfarben<\/strong> weiter. Vor allem <strong>k\u00fchles Hellblau<\/strong> mit einem <strong>leichten T\u00fcrkisstich<\/strong> z\u00e4hlt zu den Fr\u00fchlingsfarben 2015. Aber auch hier kannst Du zu knalligeren <strong>Blaut\u00f6nen<\/strong> greifen, ins Gr\u00fcnstichige gehen oder dunkle Blau- und Gr\u00fcnt\u00f6ne tragen.<\/p>\n<p>Diese Farben harmonieren sehr gut miteinander, entweder Ton-in-Ton oder in verschiedenen Abstufungen. Auch Blau und Gr\u00fcn zu Wei\u00df machen einen tollen, frischen Fr\u00fchlings-Look mit einem Hauch k\u00fchler Eleganz!<\/p>\n<h4>Ruhiger Gegenpol: Erdt\u00f6ne<b> <\/b><\/h4>\n<div id=\"attachment_5368\" style=\"width: 810px\" class=\"wp-caption alignnone\"><a href=\"https:\/\/www.incurvy.de\/trends-grosse-groessen\/wp-content\/uploads\/2015\/04\/Trendfarbe-fruehling-erdtoene.jpg\" data-rel=\"penci-gallery-image-content\" ><img loading=\"lazy\" decoding=\"async\" aria-describedby=\"caption-attachment-5368\" class=\"size-full wp-image-5368\" src=\"https:\/\/www.incurvy.de\/trends-grosse-groessen\/wp-content\/uploads\/2015\/04\/Trendfarbe-fruehling-erdtoene.jpg\" alt=\"Entdecke hier die Trendfarben f\u00fcr den Fr\u00fchling!\" width=\"800\" height=\"533\" srcset=\"https:\/\/incurvy.co.uk\/wp-content\/uploads\/2015\/04\/Trendfarbe-fruehling-erdtoene.jpg 800w, https:\/\/incurvy.co.uk\/wp-content\/uploads\/2015\/04\/Trendfarbe-fruehling-erdtoene-300x200.jpg 300w, https:\/\/incurvy.co.uk\/wp-content\/uploads\/2015\/04\/Trendfarbe-fruehling-erdtoene-250x167.jpg 250w, https:\/\/incurvy.co.uk\/wp-content\/uploads\/2015\/04\/Trendfarbe-fruehling-erdtoene-768x512.jpg 768w, https:\/\/incurvy.co.uk\/wp-content\/uploads\/2015\/04\/Trendfarbe-fruehling-erdtoene-585x390.jpg 585w\" sizes=\"auto, (max-width: 800px) 100vw, 800px\" \/><\/a><p id=\"caption-attachment-5368\" class=\"wp-caption-text\">\u00a9 x-two: Erdt\u00f6ne &#8211; die Trendfarben im Fr\u00fchling<\/p><\/div>\n<p>Bis hierhin waren die meisten Trendfarben f\u00fcr den Fr\u00fchling 2015 ziemlich farbenfroh. Du magst es aber etwas zur\u00fcckhaltender? Kein Problem, die vielen verschiedenen Erdfarben sind auch In.<\/p>\n<p>Du kannst Sie entweder miteinander oder zu schlichten Basics tragen, um einen dezenten und seri\u00f6sen Look zu kreieren oder aber zu den Knallfarben der Saison kombinieren. So wirken die Erdt\u00f6ne ausgleichend und nehmen den bunten T\u00f6nen etwas die St\u00e4rke. Du kannst ein Plus Size Outfit in Braun zum Beispiel auch mit kleinen, aber daf\u00fcr umso strahlenderen Farb-Highlights aufpeppen \u2013 einem auff\u00e4lligen Schal, leichtem Tuch oder knalligen Pumps.<\/p>\n<p>Welche Farbt\u00f6ne am besten zu Deinem Typ passen, kannst Du \u00fcbrigens in meinem Blogbeitrag <a href=\"https:\/\/www.incurvy.de\/trends-grosse-groessen\/typ-beratung-welche-farben-stehen-mir-wirklich\/\" target=\"_blank\">Typ-Beratung: Welche Farben stehen mir wirklich?<\/a> auf INCURVY nachlesen.<\/p>\n<p>&nbsp;<\/p>\n","protected":false},"excerpt":{"rendered":"<p>Jede Modesaison hat ihre ganz eigenen Trendfarben. Dieses Jahr treffen wir ein paar alte Bekannte aus der Herbstmode wieder. Au\u00dferdem sind sanfte&hellip;<\/p>\n","protected":false},"author":4,"featured_media":5360,"comment_status":"open","ping_status":"open","sticky":false,"template":"","format":"standard","meta":{"footnotes":""},"categories":[9,2,5,1],"tags":[492,249,491],"class_list":["post-5346","post","type-post","status-publish","format-standard","has-post-thumbnail","hentry","category-damenmode-grosse-groessen","category-interessante-blog-themen","category-mode-tipps-tricks","category-kategorie-plus-size-mode","tag-marsala","tag-trendfarben","tag-trendfarben-im-fruehling"],"yoast_head":"<!-- This site is optimized with the Yoast SEO plugin v27.5 - https:\/\/yoast.com\/product\/yoast-seo-wordpress\/ -->\n<title>Die Trendfarben im Fr\u00fchling 2015 - INCURVY Plus-Size Fashion - BLOG<\/title>\n<meta name=\"description\" content=\"Unter den Trendfarben im Fr\u00fchling treffen wir alte Bekannte aus der Herbstmode, aber auch sanfte und knallige T\u00f6ne. So kombinierst Du die modischen Farben!\" \/>\n<meta name=\"robots\" content=\"index, follow, max-snippet:-1, max-image-preview:large, max-video-preview:-1\" \/>\n<link rel=\"canonical\" href=\"https:\/\/www.incurvy.de\/trends-grosse-groessen\/die-trendfarben-im-fruehling-2015\/\" \/>\n<meta property=\"og:locale\" content=\"de_DE\" \/>\n<meta property=\"og:type\" content=\"article\" \/>\n<meta property=\"og:title\" content=\"Die Trendfarben im Fr\u00fchling 2015 - INCURVY Plus-Size Fashion - BLOG\" \/>\n<meta property=\"og:description\" content=\"Unter den Trendfarben im Fr\u00fchling treffen wir alte Bekannte aus der Herbstmode, aber auch sanfte und knallige T\u00f6ne. So kombinierst Du die modischen Farben!\" \/>\n<meta property=\"og:url\" content=\"https:\/\/www.incurvy.de\/trends-grosse-groessen\/die-trendfarben-im-fruehling-2015\/\" \/>\n<meta property=\"og:site_name\" content=\"INCURVY Plus-Size Fashion - BLOG\" \/>\n<meta property=\"article:published_time\" content=\"2015-04-30T15:11:19+00:00\" \/>\n<meta property=\"article:modified_time\" content=\"2015-05-24T13:09:55+00:00\" \/>\n<meta property=\"og:image\" content=\"https:\/\/incurvy.co.uk\/wp-content\/uploads\/2015\/04\/XTWO_ZOMER3_M6Z2653.jpg\" \/>\n\t<meta property=\"og:image:width\" content=\"800\" \/>\n\t<meta property=\"og:image:height\" content=\"533\" \/>\n\t<meta property=\"og:image:type\" content=\"image\/jpeg\" \/>\n<meta name=\"author\" content=\"Laura\" \/>\n<meta name=\"twitter:card\" content=\"summary_large_image\" \/>\n<meta name=\"twitter:label1\" content=\"Verfasst von\" \/>\n\t<meta name=\"twitter:data1\" content=\"Laura\" \/>\n\t<meta name=\"twitter:label2\" content=\"Gesch\u00e4tzte Lesezeit\" \/>\n\t<meta name=\"twitter:data2\" content=\"2\u00a0Minuten\" \/>\n<script type=\"application\/ld+json\" class=\"yoast-schema-graph\">{\"@context\":\"https:\\\/\\\/schema.org\",\"@graph\":[{\"@type\":\"Article\",\"@id\":\"https:\\\/\\\/www.incurvy.de\\\/trends-grosse-groessen\\\/die-trendfarben-im-fruehling-2015\\\/#article\",\"isPartOf\":{\"@id\":\"https:\\\/\\\/www.incurvy.de\\\/trends-grosse-groessen\\\/die-trendfarben-im-fruehling-2015\\\/\"},\"author\":{\"name\":\"Laura\",\"@id\":\"https:\\\/\\\/www.incurvy.de\\\/trends-grosse-groessen\\\/#\\\/schema\\\/person\\\/586d87e196df6f2143f4d27225d8a9c8\"},\"headline\":\"Die Trendfarben im Fr\u00fchling 2015\",\"datePublished\":\"2015-04-30T15:11:19+00:00\",\"dateModified\":\"2015-05-24T13:09:55+00:00\",\"mainEntityOfPage\":{\"@id\":\"https:\\\/\\\/www.incurvy.de\\\/trends-grosse-groessen\\\/die-trendfarben-im-fruehling-2015\\\/\"},\"wordCount\":497,\"commentCount\":0,\"publisher\":{\"@id\":\"https:\\\/\\\/www.incurvy.de\\\/trends-grosse-groessen\\\/#\\\/schema\\\/person\\\/0f0b11c021b39ea29dafea3a21fef662\"},\"image\":{\"@id\":\"https:\\\/\\\/www.incurvy.de\\\/trends-grosse-groessen\\\/die-trendfarben-im-fruehling-2015\\\/#primaryimage\"},\"thumbnailUrl\":\"https:\\\/\\\/incurvy.co.uk\\\/wp-content\\\/uploads\\\/2015\\\/04\\\/XTWO_ZOMER3_M6Z2653.jpg\",\"keywords\":[\"Marsala\",\"Trendfarben\",\"Trendfarben im Fr\u00fchling\"],\"articleSection\":[\"Damenmode gro\u00dfe Gr\u00f6\u00dfen\",\"Interessante Themen\",\"Mode Tipps &amp; Tricks\",\"Plus-Size Mode\"],\"inLanguage\":\"de\",\"potentialAction\":[{\"@type\":\"CommentAction\",\"name\":\"Comment\",\"target\":[\"https:\\\/\\\/www.incurvy.de\\\/trends-grosse-groessen\\\/die-trendfarben-im-fruehling-2015\\\/#respond\"]}]},{\"@type\":\"WebPage\",\"@id\":\"https:\\\/\\\/www.incurvy.de\\\/trends-grosse-groessen\\\/die-trendfarben-im-fruehling-2015\\\/\",\"url\":\"https:\\\/\\\/www.incurvy.de\\\/trends-grosse-groessen\\\/die-trendfarben-im-fruehling-2015\\\/\",\"name\":\"Die Trendfarben im Fr\u00fchling 2015 - INCURVY Plus-Size Fashion - BLOG\",\"isPartOf\":{\"@id\":\"https:\\\/\\\/www.incurvy.de\\\/trends-grosse-groessen\\\/#website\"},\"primaryImageOfPage\":{\"@id\":\"https:\\\/\\\/www.incurvy.de\\\/trends-grosse-groessen\\\/die-trendfarben-im-fruehling-2015\\\/#primaryimage\"},\"image\":{\"@id\":\"https:\\\/\\\/www.incurvy.de\\\/trends-grosse-groessen\\\/die-trendfarben-im-fruehling-2015\\\/#primaryimage\"},\"thumbnailUrl\":\"https:\\\/\\\/incurvy.co.uk\\\/wp-content\\\/uploads\\\/2015\\\/04\\\/XTWO_ZOMER3_M6Z2653.jpg\",\"datePublished\":\"2015-04-30T15:11:19+00:00\",\"dateModified\":\"2015-05-24T13:09:55+00:00\",\"description\":\"Unter den Trendfarben im Fr\u00fchling treffen wir alte Bekannte aus der Herbstmode, aber auch sanfte und knallige T\u00f6ne. So kombinierst Du die modischen Farben!\",\"breadcrumb\":{\"@id\":\"https:\\\/\\\/www.incurvy.de\\\/trends-grosse-groessen\\\/die-trendfarben-im-fruehling-2015\\\/#breadcrumb\"},\"inLanguage\":\"de\",\"potentialAction\":[{\"@type\":\"ReadAction\",\"target\":[\"https:\\\/\\\/www.incurvy.de\\\/trends-grosse-groessen\\\/die-trendfarben-im-fruehling-2015\\\/\"]}]},{\"@type\":\"ImageObject\",\"inLanguage\":\"de\",\"@id\":\"https:\\\/\\\/www.incurvy.de\\\/trends-grosse-groessen\\\/die-trendfarben-im-fruehling-2015\\\/#primaryimage\",\"url\":\"https:\\\/\\\/incurvy.co.uk\\\/wp-content\\\/uploads\\\/2015\\\/04\\\/XTWO_ZOMER3_M6Z2653.jpg\",\"contentUrl\":\"https:\\\/\\\/incurvy.co.uk\\\/wp-content\\\/uploads\\\/2015\\\/04\\\/XTWO_ZOMER3_M6Z2653.jpg\",\"width\":800,\"height\":533,\"caption\":\"\u00a9 x-two: Trendfarben im Fr\u00fchling 2015\"},{\"@type\":\"BreadcrumbList\",\"@id\":\"https:\\\/\\\/www.incurvy.de\\\/trends-grosse-groessen\\\/die-trendfarben-im-fruehling-2015\\\/#breadcrumb\",\"itemListElement\":[{\"@type\":\"ListItem\",\"position\":1,\"name\":\"Home\",\"item\":\"https:\\\/\\\/www.incurvy.de\\\/trends-grosse-groessen\\\/\"},{\"@type\":\"ListItem\",\"position\":2,\"name\":\"Die Trendfarben im Fr\u00fchling 2015\"}]},{\"@type\":\"WebSite\",\"@id\":\"https:\\\/\\\/www.incurvy.de\\\/trends-grosse-groessen\\\/#website\",\"url\":\"https:\\\/\\\/www.incurvy.de\\\/trends-grosse-groessen\\\/\",\"name\":\"INCURVY Plus-Size Fashion - BLOG\",\"description\":\"INCURVY Plus-Size Fashion - BLOG\",\"publisher\":{\"@id\":\"https:\\\/\\\/www.incurvy.de\\\/trends-grosse-groessen\\\/#\\\/schema\\\/person\\\/0f0b11c021b39ea29dafea3a21fef662\"},\"potentialAction\":[{\"@type\":\"SearchAction\",\"target\":{\"@type\":\"EntryPoint\",\"urlTemplate\":\"https:\\\/\\\/www.incurvy.de\\\/trends-grosse-groessen\\\/?s={search_term_string}\"},\"query-input\":{\"@type\":\"PropertyValueSpecification\",\"valueRequired\":true,\"valueName\":\"search_term_string\"}}],\"inLanguage\":\"de\"},{\"@type\":[\"Person\",\"Organization\"],\"@id\":\"https:\\\/\\\/www.incurvy.de\\\/trends-grosse-groessen\\\/#\\\/schema\\\/person\\\/0f0b11c021b39ea29dafea3a21fef662\",\"name\":\"Eleonore\",\"image\":{\"@type\":\"ImageObject\",\"inLanguage\":\"de\",\"@id\":\"https:\\\/\\\/www.incurvy.de\\\/trends-grosse-groessen\\\/wp-content\\\/uploads\\\/2024\\\/02\\\/inCurvyLogoTransparent.png\",\"url\":\"https:\\\/\\\/www.incurvy.de\\\/trends-grosse-groessen\\\/wp-content\\\/uploads\\\/2024\\\/02\\\/inCurvyLogoTransparent.png\",\"contentUrl\":\"https:\\\/\\\/www.incurvy.de\\\/trends-grosse-groessen\\\/wp-content\\\/uploads\\\/2024\\\/02\\\/inCurvyLogoTransparent.png\",\"width\":1920,\"height\":1080,\"caption\":\"Eleonore\"},\"logo\":{\"@id\":\"https:\\\/\\\/www.incurvy.de\\\/trends-grosse-groessen\\\/wp-content\\\/uploads\\\/2024\\\/02\\\/inCurvyLogoTransparent.png\"}},{\"@type\":\"Person\",\"@id\":\"https:\\\/\\\/www.incurvy.de\\\/trends-grosse-groessen\\\/#\\\/schema\\\/person\\\/586d87e196df6f2143f4d27225d8a9c8\",\"name\":\"Laura\",\"image\":{\"@type\":\"ImageObject\",\"inLanguage\":\"de\",\"@id\":\"https:\\\/\\\/secure.gravatar.com\\\/avatar\\\/adc93ab659804cae78adaf3c557a7791819f88f944ddbd966f2cbf0197760f92?s=96&d=mm&r=g\",\"url\":\"https:\\\/\\\/secure.gravatar.com\\\/avatar\\\/adc93ab659804cae78adaf3c557a7791819f88f944ddbd966f2cbf0197760f92?s=96&d=mm&r=g\",\"contentUrl\":\"https:\\\/\\\/secure.gravatar.com\\\/avatar\\\/adc93ab659804cae78adaf3c557a7791819f88f944ddbd966f2cbf0197760f92?s=96&d=mm&r=g\",\"caption\":\"Laura\"},\"url\":\"https:\\\/\\\/www.incurvy.de\\\/trends-grosse-groessen\\\/author\\\/laura\\\/\"}]}<\/script>\n<!-- \/ Yoast SEO plugin. -->","yoast_head_json":{"title":"Die Trendfarben im Fr\u00fchling 2015 - INCURVY Plus-Size Fashion - BLOG","description":"Unter den Trendfarben im Fr\u00fchling treffen wir alte Bekannte aus der Herbstmode, aber auch sanfte und knallige T\u00f6ne. So kombinierst Du die modischen Farben!","robots":{"index":"index","follow":"follow","max-snippet":"max-snippet:-1","max-image-preview":"max-image-preview:large","max-video-preview":"max-video-preview:-1"},"canonical":"https:\/\/www.incurvy.de\/trends-grosse-groessen\/die-trendfarben-im-fruehling-2015\/","og_locale":"de_DE","og_type":"article","og_title":"Die Trendfarben im Fr\u00fchling 2015 - INCURVY Plus-Size Fashion - BLOG","og_description":"Unter den Trendfarben im Fr\u00fchling treffen wir alte Bekannte aus der Herbstmode, aber auch sanfte und knallige T\u00f6ne. So kombinierst Du die modischen Farben!","og_url":"https:\/\/www.incurvy.de\/trends-grosse-groessen\/die-trendfarben-im-fruehling-2015\/","og_site_name":"INCURVY Plus-Size Fashion - BLOG","article_published_time":"2015-04-30T15:11:19+00:00","article_modified_time":"2015-05-24T13:09:55+00:00","og_image":[{"width":800,"height":533,"url":"https:\/\/incurvy.co.uk\/wp-content\/uploads\/2015\/04\/XTWO_ZOMER3_M6Z2653.jpg","type":"image\/jpeg"}],"author":"Laura","twitter_card":"summary_large_image","twitter_misc":{"Verfasst von":"Laura","Gesch\u00e4tzte Lesezeit":"2\u00a0Minuten"},"schema":{"@context":"https:\/\/schema.org","@graph":[{"@type":"Article","@id":"https:\/\/www.incurvy.de\/trends-grosse-groessen\/die-trendfarben-im-fruehling-2015\/#article","isPartOf":{"@id":"https:\/\/www.incurvy.de\/trends-grosse-groessen\/die-trendfarben-im-fruehling-2015\/"},"author":{"name":"Laura","@id":"https:\/\/www.incurvy.de\/trends-grosse-groessen\/#\/schema\/person\/586d87e196df6f2143f4d27225d8a9c8"},"headline":"Die Trendfarben im Fr\u00fchling 2015","datePublished":"2015-04-30T15:11:19+00:00","dateModified":"2015-05-24T13:09:55+00:00","mainEntityOfPage":{"@id":"https:\/\/www.incurvy.de\/trends-grosse-groessen\/die-trendfarben-im-fruehling-2015\/"},"wordCount":497,"commentCount":0,"publisher":{"@id":"https:\/\/www.incurvy.de\/trends-grosse-groessen\/#\/schema\/person\/0f0b11c021b39ea29dafea3a21fef662"},"image":{"@id":"https:\/\/www.incurvy.de\/trends-grosse-groessen\/die-trendfarben-im-fruehling-2015\/#primaryimage"},"thumbnailUrl":"https:\/\/incurvy.co.uk\/wp-content\/uploads\/2015\/04\/XTWO_ZOMER3_M6Z2653.jpg","keywords":["Marsala","Trendfarben","Trendfarben im Fr\u00fchling"],"articleSection":["Damenmode gro\u00dfe Gr\u00f6\u00dfen","Interessante Themen","Mode Tipps &amp; Tricks","Plus-Size Mode"],"inLanguage":"de","potentialAction":[{"@type":"CommentAction","name":"Comment","target":["https:\/\/www.incurvy.de\/trends-grosse-groessen\/die-trendfarben-im-fruehling-2015\/#respond"]}]},{"@type":"WebPage","@id":"https:\/\/www.incurvy.de\/trends-grosse-groessen\/die-trendfarben-im-fruehling-2015\/","url":"https:\/\/www.incurvy.de\/trends-grosse-groessen\/die-trendfarben-im-fruehling-2015\/","name":"Die Trendfarben im Fr\u00fchling 2015 - INCURVY Plus-Size Fashion - BLOG","isPartOf":{"@id":"https:\/\/www.incurvy.de\/trends-grosse-groessen\/#website"},"primaryImageOfPage":{"@id":"https:\/\/www.incurvy.de\/trends-grosse-groessen\/die-trendfarben-im-fruehling-2015\/#primaryimage"},"image":{"@id":"https:\/\/www.incurvy.de\/trends-grosse-groessen\/die-trendfarben-im-fruehling-2015\/#primaryimage"},"thumbnailUrl":"https:\/\/incurvy.co.uk\/wp-content\/uploads\/2015\/04\/XTWO_ZOMER3_M6Z2653.jpg","datePublished":"2015-04-30T15:11:19+00:00","dateModified":"2015-05-24T13:09:55+00:00","description":"Unter den Trendfarben im Fr\u00fchling treffen wir alte Bekannte aus der Herbstmode, aber auch sanfte und knallige T\u00f6ne. So kombinierst Du die modischen Farben!","breadcrumb":{"@id":"https:\/\/www.incurvy.de\/trends-grosse-groessen\/die-trendfarben-im-fruehling-2015\/#breadcrumb"},"inLanguage":"de","potentialAction":[{"@type":"ReadAction","target":["https:\/\/www.incurvy.de\/trends-grosse-groessen\/die-trendfarben-im-fruehling-2015\/"]}]},{"@type":"ImageObject","inLanguage":"de","@id":"https:\/\/www.incurvy.de\/trends-grosse-groessen\/die-trendfarben-im-fruehling-2015\/#primaryimage","url":"https:\/\/incurvy.co.uk\/wp-content\/uploads\/2015\/04\/XTWO_ZOMER3_M6Z2653.jpg","contentUrl":"https:\/\/incurvy.co.uk\/wp-content\/uploads\/2015\/04\/XTWO_ZOMER3_M6Z2653.jpg","width":800,"height":533,"caption":"\u00a9 x-two: Trendfarben im Fr\u00fchling 2015"},{"@type":"BreadcrumbList","@id":"https:\/\/www.incurvy.de\/trends-grosse-groessen\/die-trendfarben-im-fruehling-2015\/#breadcrumb","itemListElement":[{"@type":"ListItem","position":1,"name":"Home","item":"https:\/\/www.incurvy.de\/trends-grosse-groessen\/"},{"@type":"ListItem","position":2,"name":"Die Trendfarben im Fr\u00fchling 2015"}]},{"@type":"WebSite","@id":"https:\/\/www.incurvy.de\/trends-grosse-groessen\/#website","url":"https:\/\/www.incurvy.de\/trends-grosse-groessen\/","name":"INCURVY Plus-Size Fashion - BLOG","description":"INCURVY Plus-Size Fashion - BLOG","publisher":{"@id":"https:\/\/www.incurvy.de\/trends-grosse-groessen\/#\/schema\/person\/0f0b11c021b39ea29dafea3a21fef662"},"potentialAction":[{"@type":"SearchAction","target":{"@type":"EntryPoint","urlTemplate":"https:\/\/www.incurvy.de\/trends-grosse-groessen\/?s={search_term_string}"},"query-input":{"@type":"PropertyValueSpecification","valueRequired":true,"valueName":"search_term_string"}}],"inLanguage":"de"},{"@type":["Person","Organization"],"@id":"https:\/\/www.incurvy.de\/trends-grosse-groessen\/#\/schema\/person\/0f0b11c021b39ea29dafea3a21fef662","name":"Eleonore","image":{"@type":"ImageObject","inLanguage":"de","@id":"https:\/\/www.incurvy.de\/trends-grosse-groessen\/wp-content\/uploads\/2024\/02\/inCurvyLogoTransparent.png","url":"https:\/\/www.incurvy.de\/trends-grosse-groessen\/wp-content\/uploads\/2024\/02\/inCurvyLogoTransparent.png","contentUrl":"https:\/\/www.incurvy.de\/trends-grosse-groessen\/wp-content\/uploads\/2024\/02\/inCurvyLogoTransparent.png","width":1920,"height":1080,"caption":"Eleonore"},"logo":{"@id":"https:\/\/www.incurvy.de\/trends-grosse-groessen\/wp-content\/uploads\/2024\/02\/inCurvyLogoTransparent.png"}},{"@type":"Person","@id":"https:\/\/www.incurvy.de\/trends-grosse-groessen\/#\/schema\/person\/586d87e196df6f2143f4d27225d8a9c8","name":"Laura","image":{"@type":"ImageObject","inLanguage":"de","@id":"https:\/\/secure.gravatar.com\/avatar\/adc93ab659804cae78adaf3c557a7791819f88f944ddbd966f2cbf0197760f92?s=96&d=mm&r=g","url":"https:\/\/secure.gravatar.com\/avatar\/adc93ab659804cae78adaf3c557a7791819f88f944ddbd966f2cbf0197760f92?s=96&d=mm&r=g","contentUrl":"https:\/\/secure.gravatar.com\/avatar\/adc93ab659804cae78adaf3c557a7791819f88f944ddbd966f2cbf0197760f92?s=96&d=mm&r=g","caption":"Laura"},"url":"https:\/\/www.incurvy.de\/trends-grosse-groessen\/author\/laura\/"}]}},"_links":{"self":[{"href":"https:\/\/www.incurvy.de\/trends-grosse-groessen\/wp-json\/wp\/v2\/posts\/5346","targetHints":{"allow":["GET"]}}],"collection":[{"href":"https:\/\/www.incurvy.de\/trends-grosse-groessen\/wp-json\/wp\/v2\/posts"}],"about":[{"href":"https:\/\/www.incurvy.de\/trends-grosse-groessen\/wp-json\/wp\/v2\/types\/post"}],"author":[{"embeddable":true,"href":"https:\/\/www.incurvy.de\/trends-grosse-groessen\/wp-json\/wp\/v2\/users\/4"}],"replies":[{"embeddable":true,"href":"https:\/\/www.incurvy.de\/trends-grosse-groessen\/wp-json\/wp\/v2\/comments?post=5346"}],"version-history":[{"count":0,"href":"https:\/\/www.incurvy.de\/trends-grosse-groessen\/wp-json\/wp\/v2\/posts\/5346\/revisions"}],"wp:featuredmedia":[{"embeddable":true,"href":"https:\/\/www.incurvy.de\/trends-grosse-groessen\/wp-json\/wp\/v2\/media\/5360"}],"wp:attachment":[{"href":"https:\/\/www.incurvy.de\/trends-grosse-groessen\/wp-json\/wp\/v2\/media?parent=5346"}],"wp:term":[{"taxonomy":"category","embeddable":true,"href":"https:\/\/www.incurvy.de\/trends-grosse-groessen\/wp-json\/wp\/v2\/categories?post=5346"},{"taxonomy":"post_tag","embeddable":true,"href":"https:\/\/www.incurvy.de\/trends-grosse-groessen\/wp-json\/wp\/v2\/tags?post=5346"}],"curies":[{"name":"wp","href":"https:\/\/api.w.org\/{rel}","templated":true}]}}