{"id":6520,"date":"2015-07-13T12:06:38","date_gmt":"2015-07-13T10:06:38","guid":{"rendered":"http:\/\/www.incurvy.de\/trends-grosse-groessen\/?p=6520"},"modified":"2023-08-07T17:56:06","modified_gmt":"2023-08-07T15:56:06","slug":"curvy-models-auf-dem-laufstegen","status":"publish","type":"post","link":"https:\/\/www.incurvy.de\/trends-grosse-groessen\/curvy-models-auf-dem-laufstegen\/","title":{"rendered":"curvy Models auf den Laufstegen"},"content":{"rendered":"<h2>Jetzt erobern<strong>\u00a0plussize Models<\/strong> auf der Fashion Weeks die Laufstege<\/h2>\n<p>Yes! Jetzt erobern<strong>\u00a0plussize Models<\/strong> auf den Fashion Week die Laufstege. F\u00fcr das Label Minx von Eva Lutz liefen gleich zwei wundersch\u00f6ne Models in Kleidergr\u00f6\u00dfe 44:\u00a0 Angelina Kirsch und Aglae Dreyer. Vor lauter \u00dcberraschungseffekt \u00fcber den ungewohnten Anblick konnte das Publikum nicht anders, als stark zu applaudieren.<\/p>\n<p>&#8222;Grosse Gr\u00f6ssen Damen ist mehr als sch\u00f6ne Kleidung. Mode inspiriert die eigene Pers\u00f6nlichkeit und setzt Signale im individuellen Umfeld. Es geht um Motivation und Leidenschaft.\u201c Das ist, was Eva Lutz in ihrer Arbeit inspiriert. Au\u00dferdem sagt die Designerin: <span class=\"headline\">#Stopbodyshaming<\/span><\/p>\n<p>Es wird Zeit, dass der Satz von Star-Designer Karl Lagerfeld &#8222;Keiner im Publikum will Frauen mit Rundungen sehen&#8220; so langsam, aber sicher aus der Mode kommt \ud83d\ude42<\/p>\n<h4>Plussize Models<\/h4>\n<p>Die sch\u00f6ne Blondine mit Kleidergr\u00f6\u00dfe 44 f\u00fchrt das Finale der Minx-Show an. Ein Statement, eine Botschaft, das kurvigen Frauen gefallen wird.<\/p>\n<p>Jetzt mehr zu &#8222;<a href=\"https:\/\/www.welt.de\/icon\/article143755047\/In-Kleidergroesse-44-auf-dem-Berliner-Laufsteg.html\" target=\"_blank\" rel=\"nofollow noopener\">In Kleidergr\u00f6\u00dfe 44 auf dem Berliner Laufsteg<\/a>&#8220; nachlesen und Bilder ansehen.<\/p>\n<p>Au\u00dferdem haben wir f\u00fcr alle Interessierten ein tolles Video von der Fashion Week in Berlin mit den curvy Models entdeckt. Live dabei war Plus Size Bloggerin Lisa, die die wunderbare Stimmung auffangen konnte und das Video mitgebracht hat:<\/p>\n<p>1. Bild Quelle: \u00a9 REUTERS, https:\/\/www.welt.de\/icon\/article143755047\/In-Kleidergroesse-44-auf-dem-Berliner-Laufsteg.html<\/p>\n","protected":false},"excerpt":{"rendered":"<p>Jetzt erobern\u00a0plussize Models auf der Fashion Weeks die Laufstege Yes! Jetzt erobern\u00a0plussize Models auf den Fashion Week die Laufstege. F\u00fcr das Label&hellip;<\/p>\n","protected":false},"author":1,"featured_media":6521,"comment_status":"open","ping_status":"open","sticky":false,"template":"","format":"standard","meta":{"footnotes":""},"categories":[9,2,1,8,7,10],"tags":[678,680,654,677,679,459,53],"class_list":["post-6520","post","type-post","status-publish","format-standard","has-post-thumbnail","hentry","category-damenmode-grosse-groessen","category-interessante-blog-themen","category-kategorie-plus-size-mode","category-plus-size-news","category-unterhaltung-blog","category-video","tag-berliner-laufsteg","tag-eva-lutz","tag-fashion-week","tag-kleidergroesse-44","tag-minx","tag-plus-size-models","tag-plus-size-model"],"yoast_head":"<!-- This site is optimized with the Yoast SEO plugin v27.5 - https:\/\/yoast.com\/product\/yoast-seo-wordpress\/ -->\n<title>curvy Model - Plussize Models<\/title>\n<meta name=\"description\" content=\"Bravo! Plussize Models laufen auf der Fashion Week in Berlin f\u00fcr das Label Minx von Eva Lutz, ein positiver \u00dcberraschungseffekt!\" \/>\n<meta name=\"robots\" content=\"index, follow, max-snippet:-1, max-image-preview:large, max-video-preview:-1\" \/>\n<link rel=\"canonical\" href=\"https:\/\/www.incurvy.de\/trends-grosse-groessen\/curvy-models-auf-dem-laufstegen\/\" \/>\n<meta property=\"og:locale\" content=\"de_DE\" \/>\n<meta property=\"og:type\" content=\"article\" \/>\n<meta property=\"og:title\" content=\"curvy Model - Plussize Models\" \/>\n<meta property=\"og:description\" content=\"Bravo! Plussize Models laufen auf der Fashion Week in Berlin f\u00fcr das Label Minx von Eva Lutz, ein positiver \u00dcberraschungseffekt!\" \/>\n<meta property=\"og:url\" content=\"https:\/\/www.incurvy.de\/trends-grosse-groessen\/curvy-models-auf-dem-laufstegen\/\" \/>\n<meta property=\"og:site_name\" content=\"INCURVY Plus-Size Fashion - BLOG\" \/>\n<meta property=\"article:published_time\" content=\"2015-07-13T10:06:38+00:00\" \/>\n<meta property=\"article:modified_time\" content=\"2023-08-07T15:56:06+00:00\" \/>\n<meta property=\"og:image\" content=\"https:\/\/incurvy.co.uk\/wp-content\/uploads\/2015\/07\/plus-size-model-fashion-week-berlin.jpg\" \/>\n\t<meta property=\"og:image:width\" content=\"1500\" \/>\n\t<meta property=\"og:image:height\" content=\"843\" \/>\n\t<meta property=\"og:image:type\" content=\"image\/jpeg\" \/>\n<meta name=\"author\" content=\"Sofia\" \/>\n<meta name=\"twitter:card\" content=\"summary_large_image\" \/>\n<meta name=\"twitter:label1\" content=\"Verfasst von\" \/>\n\t<meta name=\"twitter:data1\" content=\"Sofia\" \/>\n\t<meta name=\"twitter:label2\" content=\"Gesch\u00e4tzte Lesezeit\" \/>\n\t<meta name=\"twitter:data2\" content=\"2\u00a0Minuten\" \/>\n<script type=\"application\/ld+json\" class=\"yoast-schema-graph\">{\"@context\":\"https:\\\/\\\/schema.org\",\"@graph\":[{\"@type\":\"Article\",\"@id\":\"https:\\\/\\\/www.incurvy.de\\\/trends-grosse-groessen\\\/curvy-models-auf-dem-laufstegen\\\/#article\",\"isPartOf\":{\"@id\":\"https:\\\/\\\/www.incurvy.de\\\/trends-grosse-groessen\\\/curvy-models-auf-dem-laufstegen\\\/\"},\"author\":{\"name\":\"Sofia\",\"@id\":\"https:\\\/\\\/www.incurvy.de\\\/trends-grosse-groessen\\\/#\\\/schema\\\/person\\\/e0bcf5f8e74b1ed54bee9a5beb26522d\"},\"headline\":\"curvy Models auf den Laufstegen\",\"datePublished\":\"2015-07-13T10:06:38+00:00\",\"dateModified\":\"2023-08-07T15:56:06+00:00\",\"mainEntityOfPage\":{\"@id\":\"https:\\\/\\\/www.incurvy.de\\\/trends-grosse-groessen\\\/curvy-models-auf-dem-laufstegen\\\/\"},\"wordCount\":225,\"commentCount\":0,\"publisher\":{\"@id\":\"https:\\\/\\\/www.incurvy.de\\\/trends-grosse-groessen\\\/#\\\/schema\\\/person\\\/0f0b11c021b39ea29dafea3a21fef662\"},\"image\":{\"@id\":\"https:\\\/\\\/www.incurvy.de\\\/trends-grosse-groessen\\\/curvy-models-auf-dem-laufstegen\\\/#primaryimage\"},\"thumbnailUrl\":\"https:\\\/\\\/incurvy.co.uk\\\/wp-content\\\/uploads\\\/2015\\\/07\\\/plus-size-model-fashion-week-berlin.jpg\",\"keywords\":[\"Berliner Laufsteg\",\"Eva Lutz\",\"Fashion Week\",\"Kleidergr\u00f6\u00dfe 44\",\"Minx\",\"Plus Size Models\",\"PLus-Size-Model\"],\"articleSection\":[\"Damenmode gro\u00dfe Gr\u00f6\u00dfen\",\"Interessante Themen\",\"Plus-Size Mode\",\"Plus-Size News\",\"Unterhaltung\",\"Video\"],\"inLanguage\":\"de\",\"potentialAction\":[{\"@type\":\"CommentAction\",\"name\":\"Comment\",\"target\":[\"https:\\\/\\\/www.incurvy.de\\\/trends-grosse-groessen\\\/curvy-models-auf-dem-laufstegen\\\/#respond\"]}]},{\"@type\":\"WebPage\",\"@id\":\"https:\\\/\\\/www.incurvy.de\\\/trends-grosse-groessen\\\/curvy-models-auf-dem-laufstegen\\\/\",\"url\":\"https:\\\/\\\/www.incurvy.de\\\/trends-grosse-groessen\\\/curvy-models-auf-dem-laufstegen\\\/\",\"name\":\"curvy Model - Plussize Models\",\"isPartOf\":{\"@id\":\"https:\\\/\\\/www.incurvy.de\\\/trends-grosse-groessen\\\/#website\"},\"primaryImageOfPage\":{\"@id\":\"https:\\\/\\\/www.incurvy.de\\\/trends-grosse-groessen\\\/curvy-models-auf-dem-laufstegen\\\/#primaryimage\"},\"image\":{\"@id\":\"https:\\\/\\\/www.incurvy.de\\\/trends-grosse-groessen\\\/curvy-models-auf-dem-laufstegen\\\/#primaryimage\"},\"thumbnailUrl\":\"https:\\\/\\\/incurvy.co.uk\\\/wp-content\\\/uploads\\\/2015\\\/07\\\/plus-size-model-fashion-week-berlin.jpg\",\"datePublished\":\"2015-07-13T10:06:38+00:00\",\"dateModified\":\"2023-08-07T15:56:06+00:00\",\"description\":\"Bravo! Plussize Models laufen auf der Fashion Week in Berlin f\u00fcr das Label Minx von Eva Lutz, ein positiver \u00dcberraschungseffekt!\",\"breadcrumb\":{\"@id\":\"https:\\\/\\\/www.incurvy.de\\\/trends-grosse-groessen\\\/curvy-models-auf-dem-laufstegen\\\/#breadcrumb\"},\"inLanguage\":\"de\",\"potentialAction\":[{\"@type\":\"ReadAction\",\"target\":[\"https:\\\/\\\/www.incurvy.de\\\/trends-grosse-groessen\\\/curvy-models-auf-dem-laufstegen\\\/\"]}]},{\"@type\":\"ImageObject\",\"inLanguage\":\"de\",\"@id\":\"https:\\\/\\\/www.incurvy.de\\\/trends-grosse-groessen\\\/curvy-models-auf-dem-laufstegen\\\/#primaryimage\",\"url\":\"https:\\\/\\\/incurvy.co.uk\\\/wp-content\\\/uploads\\\/2015\\\/07\\\/plus-size-model-fashion-week-berlin.jpg\",\"contentUrl\":\"https:\\\/\\\/incurvy.co.uk\\\/wp-content\\\/uploads\\\/2015\\\/07\\\/plus-size-model-fashion-week-berlin.jpg\",\"width\":1500,\"height\":843,\"caption\":\"\u00a9 http:\\\/\\\/m.welt.de\\\/icon\\\/article143755047\\\/In-Kleidergroesse-44-auf-dem-Berliner-Laufsteg.html\"},{\"@type\":\"BreadcrumbList\",\"@id\":\"https:\\\/\\\/www.incurvy.de\\\/trends-grosse-groessen\\\/curvy-models-auf-dem-laufstegen\\\/#breadcrumb\",\"itemListElement\":[{\"@type\":\"ListItem\",\"position\":1,\"name\":\"Home\",\"item\":\"https:\\\/\\\/www.incurvy.de\\\/trends-grosse-groessen\\\/\"},{\"@type\":\"ListItem\",\"position\":2,\"name\":\"curvy Models auf den Laufstegen\"}]},{\"@type\":\"WebSite\",\"@id\":\"https:\\\/\\\/www.incurvy.de\\\/trends-grosse-groessen\\\/#website\",\"url\":\"https:\\\/\\\/www.incurvy.de\\\/trends-grosse-groessen\\\/\",\"name\":\"INCURVY Plus-Size Fashion - BLOG\",\"description\":\"INCURVY Plus-Size Fashion - BLOG\",\"publisher\":{\"@id\":\"https:\\\/\\\/www.incurvy.de\\\/trends-grosse-groessen\\\/#\\\/schema\\\/person\\\/0f0b11c021b39ea29dafea3a21fef662\"},\"potentialAction\":[{\"@type\":\"SearchAction\",\"target\":{\"@type\":\"EntryPoint\",\"urlTemplate\":\"https:\\\/\\\/www.incurvy.de\\\/trends-grosse-groessen\\\/?s={search_term_string}\"},\"query-input\":{\"@type\":\"PropertyValueSpecification\",\"valueRequired\":true,\"valueName\":\"search_term_string\"}}],\"inLanguage\":\"de\"},{\"@type\":[\"Person\",\"Organization\"],\"@id\":\"https:\\\/\\\/www.incurvy.de\\\/trends-grosse-groessen\\\/#\\\/schema\\\/person\\\/0f0b11c021b39ea29dafea3a21fef662\",\"name\":\"Eleonore\",\"image\":{\"@type\":\"ImageObject\",\"inLanguage\":\"de\",\"@id\":\"https:\\\/\\\/www.incurvy.de\\\/trends-grosse-groessen\\\/wp-content\\\/uploads\\\/2024\\\/02\\\/inCurvyLogoTransparent.png\",\"url\":\"https:\\\/\\\/www.incurvy.de\\\/trends-grosse-groessen\\\/wp-content\\\/uploads\\\/2024\\\/02\\\/inCurvyLogoTransparent.png\",\"contentUrl\":\"https:\\\/\\\/www.incurvy.de\\\/trends-grosse-groessen\\\/wp-content\\\/uploads\\\/2024\\\/02\\\/inCurvyLogoTransparent.png\",\"width\":1920,\"height\":1080,\"caption\":\"Eleonore\"},\"logo\":{\"@id\":\"https:\\\/\\\/www.incurvy.de\\\/trends-grosse-groessen\\\/wp-content\\\/uploads\\\/2024\\\/02\\\/inCurvyLogoTransparent.png\"}},{\"@type\":\"Person\",\"@id\":\"https:\\\/\\\/www.incurvy.de\\\/trends-grosse-groessen\\\/#\\\/schema\\\/person\\\/e0bcf5f8e74b1ed54bee9a5beb26522d\",\"name\":\"Sofia\",\"image\":{\"@type\":\"ImageObject\",\"inLanguage\":\"de\",\"@id\":\"https:\\\/\\\/secure.gravatar.com\\\/avatar\\\/4a182d84a0a0ac73964750f4faa49be2ca435fed0e5e56d4a63a9c04ac78d94c?s=96&d=mm&r=g\",\"url\":\"https:\\\/\\\/secure.gravatar.com\\\/avatar\\\/4a182d84a0a0ac73964750f4faa49be2ca435fed0e5e56d4a63a9c04ac78d94c?s=96&d=mm&r=g\",\"contentUrl\":\"https:\\\/\\\/secure.gravatar.com\\\/avatar\\\/4a182d84a0a0ac73964750f4faa49be2ca435fed0e5e56d4a63a9c04ac78d94c?s=96&d=mm&r=g\",\"caption\":\"Sofia\"},\"url\":\"https:\\\/\\\/www.incurvy.de\\\/trends-grosse-groessen\\\/author\\\/admin\\\/\"}]}<\/script>\n<!-- \/ Yoast SEO plugin. -->","yoast_head_json":{"title":"curvy Model - Plussize Models","description":"Bravo! Plussize Models laufen auf der Fashion Week in Berlin f\u00fcr das Label Minx von Eva Lutz, ein positiver \u00dcberraschungseffekt!","robots":{"index":"index","follow":"follow","max-snippet":"max-snippet:-1","max-image-preview":"max-image-preview:large","max-video-preview":"max-video-preview:-1"},"canonical":"https:\/\/www.incurvy.de\/trends-grosse-groessen\/curvy-models-auf-dem-laufstegen\/","og_locale":"de_DE","og_type":"article","og_title":"curvy Model - Plussize Models","og_description":"Bravo! Plussize Models laufen auf der Fashion Week in Berlin f\u00fcr das Label Minx von Eva Lutz, ein positiver \u00dcberraschungseffekt!","og_url":"https:\/\/www.incurvy.de\/trends-grosse-groessen\/curvy-models-auf-dem-laufstegen\/","og_site_name":"INCURVY Plus-Size Fashion - BLOG","article_published_time":"2015-07-13T10:06:38+00:00","article_modified_time":"2023-08-07T15:56:06+00:00","og_image":[{"width":1500,"height":843,"url":"https:\/\/incurvy.co.uk\/wp-content\/uploads\/2015\/07\/plus-size-model-fashion-week-berlin.jpg","type":"image\/jpeg"}],"author":"Sofia","twitter_card":"summary_large_image","twitter_misc":{"Verfasst von":"Sofia","Gesch\u00e4tzte Lesezeit":"2\u00a0Minuten"},"schema":{"@context":"https:\/\/schema.org","@graph":[{"@type":"Article","@id":"https:\/\/www.incurvy.de\/trends-grosse-groessen\/curvy-models-auf-dem-laufstegen\/#article","isPartOf":{"@id":"https:\/\/www.incurvy.de\/trends-grosse-groessen\/curvy-models-auf-dem-laufstegen\/"},"author":{"name":"Sofia","@id":"https:\/\/www.incurvy.de\/trends-grosse-groessen\/#\/schema\/person\/e0bcf5f8e74b1ed54bee9a5beb26522d"},"headline":"curvy Models auf den Laufstegen","datePublished":"2015-07-13T10:06:38+00:00","dateModified":"2023-08-07T15:56:06+00:00","mainEntityOfPage":{"@id":"https:\/\/www.incurvy.de\/trends-grosse-groessen\/curvy-models-auf-dem-laufstegen\/"},"wordCount":225,"commentCount":0,"publisher":{"@id":"https:\/\/www.incurvy.de\/trends-grosse-groessen\/#\/schema\/person\/0f0b11c021b39ea29dafea3a21fef662"},"image":{"@id":"https:\/\/www.incurvy.de\/trends-grosse-groessen\/curvy-models-auf-dem-laufstegen\/#primaryimage"},"thumbnailUrl":"https:\/\/incurvy.co.uk\/wp-content\/uploads\/2015\/07\/plus-size-model-fashion-week-berlin.jpg","keywords":["Berliner Laufsteg","Eva Lutz","Fashion Week","Kleidergr\u00f6\u00dfe 44","Minx","Plus Size Models","PLus-Size-Model"],"articleSection":["Damenmode gro\u00dfe Gr\u00f6\u00dfen","Interessante Themen","Plus-Size Mode","Plus-Size News","Unterhaltung","Video"],"inLanguage":"de","potentialAction":[{"@type":"CommentAction","name":"Comment","target":["https:\/\/www.incurvy.de\/trends-grosse-groessen\/curvy-models-auf-dem-laufstegen\/#respond"]}]},{"@type":"WebPage","@id":"https:\/\/www.incurvy.de\/trends-grosse-groessen\/curvy-models-auf-dem-laufstegen\/","url":"https:\/\/www.incurvy.de\/trends-grosse-groessen\/curvy-models-auf-dem-laufstegen\/","name":"curvy Model - Plussize Models","isPartOf":{"@id":"https:\/\/www.incurvy.de\/trends-grosse-groessen\/#website"},"primaryImageOfPage":{"@id":"https:\/\/www.incurvy.de\/trends-grosse-groessen\/curvy-models-auf-dem-laufstegen\/#primaryimage"},"image":{"@id":"https:\/\/www.incurvy.de\/trends-grosse-groessen\/curvy-models-auf-dem-laufstegen\/#primaryimage"},"thumbnailUrl":"https:\/\/incurvy.co.uk\/wp-content\/uploads\/2015\/07\/plus-size-model-fashion-week-berlin.jpg","datePublished":"2015-07-13T10:06:38+00:00","dateModified":"2023-08-07T15:56:06+00:00","description":"Bravo! Plussize Models laufen auf der Fashion Week in Berlin f\u00fcr das Label Minx von Eva Lutz, ein positiver \u00dcberraschungseffekt!","breadcrumb":{"@id":"https:\/\/www.incurvy.de\/trends-grosse-groessen\/curvy-models-auf-dem-laufstegen\/#breadcrumb"},"inLanguage":"de","potentialAction":[{"@type":"ReadAction","target":["https:\/\/www.incurvy.de\/trends-grosse-groessen\/curvy-models-auf-dem-laufstegen\/"]}]},{"@type":"ImageObject","inLanguage":"de","@id":"https:\/\/www.incurvy.de\/trends-grosse-groessen\/curvy-models-auf-dem-laufstegen\/#primaryimage","url":"https:\/\/incurvy.co.uk\/wp-content\/uploads\/2015\/07\/plus-size-model-fashion-week-berlin.jpg","contentUrl":"https:\/\/incurvy.co.uk\/wp-content\/uploads\/2015\/07\/plus-size-model-fashion-week-berlin.jpg","width":1500,"height":843,"caption":"\u00a9 http:\/\/m.welt.de\/icon\/article143755047\/In-Kleidergroesse-44-auf-dem-Berliner-Laufsteg.html"},{"@type":"BreadcrumbList","@id":"https:\/\/www.incurvy.de\/trends-grosse-groessen\/curvy-models-auf-dem-laufstegen\/#breadcrumb","itemListElement":[{"@type":"ListItem","position":1,"name":"Home","item":"https:\/\/www.incurvy.de\/trends-grosse-groessen\/"},{"@type":"ListItem","position":2,"name":"curvy Models auf den Laufstegen"}]},{"@type":"WebSite","@id":"https:\/\/www.incurvy.de\/trends-grosse-groessen\/#website","url":"https:\/\/www.incurvy.de\/trends-grosse-groessen\/","name":"INCURVY Plus-Size Fashion - BLOG","description":"INCURVY Plus-Size Fashion - BLOG","publisher":{"@id":"https:\/\/www.incurvy.de\/trends-grosse-groessen\/#\/schema\/person\/0f0b11c021b39ea29dafea3a21fef662"},"potentialAction":[{"@type":"SearchAction","target":{"@type":"EntryPoint","urlTemplate":"https:\/\/www.incurvy.de\/trends-grosse-groessen\/?s={search_term_string}"},"query-input":{"@type":"PropertyValueSpecification","valueRequired":true,"valueName":"search_term_string"}}],"inLanguage":"de"},{"@type":["Person","Organization"],"@id":"https:\/\/www.incurvy.de\/trends-grosse-groessen\/#\/schema\/person\/0f0b11c021b39ea29dafea3a21fef662","name":"Eleonore","image":{"@type":"ImageObject","inLanguage":"de","@id":"https:\/\/www.incurvy.de\/trends-grosse-groessen\/wp-content\/uploads\/2024\/02\/inCurvyLogoTransparent.png","url":"https:\/\/www.incurvy.de\/trends-grosse-groessen\/wp-content\/uploads\/2024\/02\/inCurvyLogoTransparent.png","contentUrl":"https:\/\/www.incurvy.de\/trends-grosse-groessen\/wp-content\/uploads\/2024\/02\/inCurvyLogoTransparent.png","width":1920,"height":1080,"caption":"Eleonore"},"logo":{"@id":"https:\/\/www.incurvy.de\/trends-grosse-groessen\/wp-content\/uploads\/2024\/02\/inCurvyLogoTransparent.png"}},{"@type":"Person","@id":"https:\/\/www.incurvy.de\/trends-grosse-groessen\/#\/schema\/person\/e0bcf5f8e74b1ed54bee9a5beb26522d","name":"Sofia","image":{"@type":"ImageObject","inLanguage":"de","@id":"https:\/\/secure.gravatar.com\/avatar\/4a182d84a0a0ac73964750f4faa49be2ca435fed0e5e56d4a63a9c04ac78d94c?s=96&d=mm&r=g","url":"https:\/\/secure.gravatar.com\/avatar\/4a182d84a0a0ac73964750f4faa49be2ca435fed0e5e56d4a63a9c04ac78d94c?s=96&d=mm&r=g","contentUrl":"https:\/\/secure.gravatar.com\/avatar\/4a182d84a0a0ac73964750f4faa49be2ca435fed0e5e56d4a63a9c04ac78d94c?s=96&d=mm&r=g","caption":"Sofia"},"url":"https:\/\/www.incurvy.de\/trends-grosse-groessen\/author\/admin\/"}]}},"_links":{"self":[{"href":"https:\/\/www.incurvy.de\/trends-grosse-groessen\/wp-json\/wp\/v2\/posts\/6520","targetHints":{"allow":["GET"]}}],"collection":[{"href":"https:\/\/www.incurvy.de\/trends-grosse-groessen\/wp-json\/wp\/v2\/posts"}],"about":[{"href":"https:\/\/www.incurvy.de\/trends-grosse-groessen\/wp-json\/wp\/v2\/types\/post"}],"author":[{"embeddable":true,"href":"https:\/\/www.incurvy.de\/trends-grosse-groessen\/wp-json\/wp\/v2\/users\/1"}],"replies":[{"embeddable":true,"href":"https:\/\/www.incurvy.de\/trends-grosse-groessen\/wp-json\/wp\/v2\/comments?post=6520"}],"version-history":[{"count":0,"href":"https:\/\/www.incurvy.de\/trends-grosse-groessen\/wp-json\/wp\/v2\/posts\/6520\/revisions"}],"wp:featuredmedia":[{"embeddable":true,"href":"https:\/\/www.incurvy.de\/trends-grosse-groessen\/wp-json\/wp\/v2\/media\/6521"}],"wp:attachment":[{"href":"https:\/\/www.incurvy.de\/trends-grosse-groessen\/wp-json\/wp\/v2\/media?parent=6520"}],"wp:term":[{"taxonomy":"category","embeddable":true,"href":"https:\/\/www.incurvy.de\/trends-grosse-groessen\/wp-json\/wp\/v2\/categories?post=6520"},{"taxonomy":"post_tag","embeddable":true,"href":"https:\/\/www.incurvy.de\/trends-grosse-groessen\/wp-json\/wp\/v2\/tags?post=6520"}],"curies":[{"name":"wp","href":"https:\/\/api.w.org\/{rel}","templated":true}]}}