{"id":6596,"date":"2015-07-22T18:56:20","date_gmt":"2015-07-22T16:56:20","guid":{"rendered":"http:\/\/www.incurvy.de\/trends-grosse-groessen\/?p=6596"},"modified":"2015-07-25T12:15:30","modified_gmt":"2015-07-25T10:15:30","slug":"pflege-fuer-die-haut-im-sommer","status":"publish","type":"post","link":"https:\/\/www.incurvy.de\/trends-grosse-groessen\/pflege-fuer-die-haut-im-sommer\/","title":{"rendered":"Pflege f\u00fcr die Haut &#8211; im Sommer"},"content":{"rendered":"<p>Der Sommer ist die Zeit, in der Du Haut zeigen kannst. Die Sonne tut gut \u2013 sie gibt uns ein gutes Gef\u00fchl und streichelt die Seele. Auch die Haut genie\u00dft die warmen Strahlen, wenn sie gesch\u00fctzt und richtig gepflegt ist. Dann bleibt sogar die Br\u00e4une l\u00e4nger erhalten, was ich pers\u00f6nlich toll finde. Schlie\u00dflich kommt die k\u00e4sig-wei\u00dfe Winterhaut schneller wieder zur\u00fcck, als mir lieb ist.<\/p>\n<h2>Pflege f\u00fcr die Haut<\/h2>\n<h3>Sonnenschutzcreme \u2013 cremen, cremen, cremen<\/h3>\n<p>Eine sch\u00f6ne Sommerhaut braucht eine Extra-Portion Sonnenschutzcreme, denn die gef\u00e4hrlichen UV-Strahlen schaden der Haut. Kurzfristig bekommst Du Sonnenbrand, der schmerzhaft ist. Langfristig altert Deine Haut dadurch schneller und kann sogar Krebs bekommen. Daher ist das Auftragen einer Sonnenschutzcreme absolut notwendig. Hellere Hauttypen ben\u00f6tigen einen hohen Lichtschutzfaktor, dunkle Hauttypen einen niedrigen.<\/p>\n<p><strong>Generell gilt, dass Du Dich vor dem Sonnenbaden eincremst und alle 2 bis 3 Stunden nachcremst<\/strong>. Nach dem Sonnen freut sich Deine Haut \u00fcber eine Dusche, um Schwei\u00df, Sand, Salz oder chlorhaltiges Poolwasser zu entfernen. Das i-T\u00fcpfelchen f\u00fcr die Sommerpflege ist nun eine After Sun Lotion, die Aloe Vera oder Allantoin beinhaltet und Deiner Haut die Pflegestoffe gibt, die sie jetzt braucht.<\/p>\n<h3>Leichte Feuchtigkeits-Pflege und kurze Duschen<\/h3>\n<p>Bei hei\u00dfen Temperaturen ist die Sehnsucht nach einer kalten Dusche gro\u00df. Diese sollte jedoch nur kurz ausfallen, da die Haut sonst austrocknet. R\u00fcckfettende Duschgele haben den Vorteil, dass sie Deiner Haut eine langanhaltende Pflege und Feuchtigkeit geben. <strong>Nach dem Duschen tr\u00e4gst Du gro\u00dfz\u00fcgig eine leichte Pflegelotion auf.<\/strong><\/p>\n<p><strong>Im Sommer ben\u00f6tigt die Haut eine andere Tagespflege als im Winter.<\/strong> Das stellst Du sp\u00e4testens dann selbst fest, wenn die ersten Pickelchen sprie\u00dfen, weil Du die gleiche Tagespflege verwendest wie im Winter. Im Sommer verw\u00f6hnst Du Deine Haut am besten mit einer leichten Pflegecreme, einem Gel oder einer Emulsion, die Feuchtigkeit spendet. Und die sollte von au\u00dfen und von innen kommen. Daher ist es wichtig, viel zu trinken, auch deshalb, weil wir im Sommer viel schwitzen und dadurch Fl\u00fcssigkeitsverluste ausgleichen m\u00fcssen.<\/p>\n<h4>Wellness f\u00fcr die Sommerhaut<\/h4>\n<p>Neben Cremes und Co. ist ein Peeling alle zwei Wochen empfehlenswert, wodurch trockene Hautsch\u00fcppchen und durch das Rasieren eingewachsene Haare entfernt werden. Daf\u00fcr kannst Du einen Luffa-Handschuh verwenden oder ein spezielles Duschpeeling.<\/p>\n<p><strong>Du kannst Dir Dein Peeling auch selbst zusammenstellen, indem Du eine Handvoll \u00d6l nimmst und mit grobk\u00f6rnigem Salz mischst.<\/strong><\/p>\n<p><strong>Wechselduschen und Fu\u00dfmassagen<\/strong> sind eine Wohltat f\u00fcr hitzegeplagte Beine. Am besten legst Du sie danach hoch und entspannst ein bisschen.<\/p>\n<p>&nbsp;<\/p>\n<p>Bild Quelle: \u00a9 x-two<\/p>\n","protected":false},"excerpt":{"rendered":"<p>Der Sommer ist die Zeit, in der Du Haut zeigen kannst. Die Sonne tut gut \u2013 sie gibt uns ein gutes Gef\u00fchl&hellip;<\/p>\n","protected":false},"author":1,"featured_media":6599,"comment_status":"open","ping_status":"open","sticky":false,"template":"","format":"standard","meta":{"footnotes":""},"categories":[50,2,5,1],"tags":[700,699,440,695,698,697,696,701],"class_list":["post-6596","post","type-post","status-publish","format-standard","has-post-thumbnail","hentry","category-beauty-news-tipps","category-interessante-blog-themen","category-mode-tipps-tricks","category-kategorie-plus-size-mode","tag-leichte-feuchtigkeits-pflege","tag-leichte-pflegecreme","tag-peeling","tag-pflege-fuer-die-haut","tag-sommer-pflege","tag-sommerhaut","tag-sonnenschutzcreme","tag-wechselduschen"],"yoast_head":"<!-- This site is optimized with the Yoast SEO plugin v27.5 - https:\/\/yoast.com\/product\/yoast-seo-wordpress\/ -->\n<title>Pflege f\u00fcr die Haut - im Sommer - INCURVY Plus-Size Fashion - BLOG<\/title>\n<meta name=\"description\" content=\"Pflege f\u00fcr die Haut: Im Sommer ist Sonnenschutzcreme besonders wichtig und daher hei\u00dft es \u2013 cremen, cremen, cremen, denn UV-Strahlen schaden der Haut. Tipps\" \/>\n<meta name=\"robots\" content=\"index, follow, max-snippet:-1, max-image-preview:large, max-video-preview:-1\" \/>\n<link rel=\"canonical\" href=\"https:\/\/www.incurvy.de\/trends-grosse-groessen\/pflege-fuer-die-haut-im-sommer\/\" \/>\n<meta property=\"og:locale\" content=\"de_DE\" \/>\n<meta property=\"og:type\" content=\"article\" \/>\n<meta property=\"og:title\" content=\"Pflege f\u00fcr die Haut - im Sommer - INCURVY Plus-Size Fashion - BLOG\" \/>\n<meta property=\"og:description\" content=\"Pflege f\u00fcr die Haut: Im Sommer ist Sonnenschutzcreme besonders wichtig und daher hei\u00dft es \u2013 cremen, cremen, cremen, denn UV-Strahlen schaden der Haut. Tipps\" \/>\n<meta property=\"og:url\" content=\"https:\/\/www.incurvy.de\/trends-grosse-groessen\/pflege-fuer-die-haut-im-sommer\/\" \/>\n<meta property=\"og:site_name\" content=\"INCURVY Plus-Size Fashion - BLOG\" \/>\n<meta property=\"article:published_time\" content=\"2015-07-22T16:56:20+00:00\" \/>\n<meta property=\"article:modified_time\" content=\"2015-07-25T10:15:30+00:00\" \/>\n<meta property=\"og:image\" content=\"https:\/\/incurvy.co.uk\/wp-content\/uploads\/2015\/07\/X-TWO.mrt14.7219.1.jpg\" \/>\n\t<meta property=\"og:image:width\" content=\"1920\" \/>\n\t<meta property=\"og:image:height\" content=\"1282\" \/>\n\t<meta property=\"og:image:type\" content=\"image\/jpeg\" \/>\n<meta name=\"author\" content=\"Sofia\" \/>\n<meta name=\"twitter:card\" content=\"summary_large_image\" \/>\n<meta name=\"twitter:label1\" content=\"Verfasst von\" \/>\n\t<meta name=\"twitter:data1\" content=\"Sofia\" \/>\n\t<meta name=\"twitter:label2\" content=\"Gesch\u00e4tzte Lesezeit\" \/>\n\t<meta name=\"twitter:data2\" content=\"2\u00a0Minuten\" \/>\n<script type=\"application\/ld+json\" class=\"yoast-schema-graph\">{\"@context\":\"https:\\\/\\\/schema.org\",\"@graph\":[{\"@type\":\"Article\",\"@id\":\"https:\\\/\\\/www.incurvy.de\\\/trends-grosse-groessen\\\/pflege-fuer-die-haut-im-sommer\\\/#article\",\"isPartOf\":{\"@id\":\"https:\\\/\\\/www.incurvy.de\\\/trends-grosse-groessen\\\/pflege-fuer-die-haut-im-sommer\\\/\"},\"author\":{\"name\":\"Sofia\",\"@id\":\"https:\\\/\\\/www.incurvy.de\\\/trends-grosse-groessen\\\/#\\\/schema\\\/person\\\/e0bcf5f8e74b1ed54bee9a5beb26522d\"},\"headline\":\"Pflege f\u00fcr die Haut &#8211; im Sommer\",\"datePublished\":\"2015-07-22T16:56:20+00:00\",\"dateModified\":\"2015-07-25T10:15:30+00:00\",\"mainEntityOfPage\":{\"@id\":\"https:\\\/\\\/www.incurvy.de\\\/trends-grosse-groessen\\\/pflege-fuer-die-haut-im-sommer\\\/\"},\"wordCount\":435,\"commentCount\":0,\"publisher\":{\"@id\":\"https:\\\/\\\/www.incurvy.de\\\/trends-grosse-groessen\\\/#\\\/schema\\\/person\\\/0f0b11c021b39ea29dafea3a21fef662\"},\"image\":{\"@id\":\"https:\\\/\\\/www.incurvy.de\\\/trends-grosse-groessen\\\/pflege-fuer-die-haut-im-sommer\\\/#primaryimage\"},\"thumbnailUrl\":\"https:\\\/\\\/incurvy.co.uk\\\/wp-content\\\/uploads\\\/2015\\\/07\\\/X-TWO.mrt14.7219.1.jpg\",\"keywords\":[\"Leichte Feuchtigkeits-Pflege\",\"Leichte Pflegecreme\",\"Peeling\",\"Pflege f\u00fcr die Haut\",\"Sommer Pflege\",\"Sommerhaut\",\"Sonnenschutzcreme\",\"Wechselduschen\"],\"articleSection\":[\"Beauty\",\"Interessante Themen\",\"Mode Tipps &amp; Tricks\",\"Plus-Size Mode\"],\"inLanguage\":\"de\",\"potentialAction\":[{\"@type\":\"CommentAction\",\"name\":\"Comment\",\"target\":[\"https:\\\/\\\/www.incurvy.de\\\/trends-grosse-groessen\\\/pflege-fuer-die-haut-im-sommer\\\/#respond\"]}]},{\"@type\":\"WebPage\",\"@id\":\"https:\\\/\\\/www.incurvy.de\\\/trends-grosse-groessen\\\/pflege-fuer-die-haut-im-sommer\\\/\",\"url\":\"https:\\\/\\\/www.incurvy.de\\\/trends-grosse-groessen\\\/pflege-fuer-die-haut-im-sommer\\\/\",\"name\":\"Pflege f\u00fcr die Haut - im Sommer - INCURVY Plus-Size Fashion - BLOG\",\"isPartOf\":{\"@id\":\"https:\\\/\\\/www.incurvy.de\\\/trends-grosse-groessen\\\/#website\"},\"primaryImageOfPage\":{\"@id\":\"https:\\\/\\\/www.incurvy.de\\\/trends-grosse-groessen\\\/pflege-fuer-die-haut-im-sommer\\\/#primaryimage\"},\"image\":{\"@id\":\"https:\\\/\\\/www.incurvy.de\\\/trends-grosse-groessen\\\/pflege-fuer-die-haut-im-sommer\\\/#primaryimage\"},\"thumbnailUrl\":\"https:\\\/\\\/incurvy.co.uk\\\/wp-content\\\/uploads\\\/2015\\\/07\\\/X-TWO.mrt14.7219.1.jpg\",\"datePublished\":\"2015-07-22T16:56:20+00:00\",\"dateModified\":\"2015-07-25T10:15:30+00:00\",\"description\":\"Pflege f\u00fcr die Haut: Im Sommer ist Sonnenschutzcreme besonders wichtig und daher hei\u00dft es \u2013 cremen, cremen, cremen, denn UV-Strahlen schaden der Haut. Tipps\",\"breadcrumb\":{\"@id\":\"https:\\\/\\\/www.incurvy.de\\\/trends-grosse-groessen\\\/pflege-fuer-die-haut-im-sommer\\\/#breadcrumb\"},\"inLanguage\":\"de\",\"potentialAction\":[{\"@type\":\"ReadAction\",\"target\":[\"https:\\\/\\\/www.incurvy.de\\\/trends-grosse-groessen\\\/pflege-fuer-die-haut-im-sommer\\\/\"]}]},{\"@type\":\"ImageObject\",\"inLanguage\":\"de\",\"@id\":\"https:\\\/\\\/www.incurvy.de\\\/trends-grosse-groessen\\\/pflege-fuer-die-haut-im-sommer\\\/#primaryimage\",\"url\":\"https:\\\/\\\/incurvy.co.uk\\\/wp-content\\\/uploads\\\/2015\\\/07\\\/X-TWO.mrt14.7219.1.jpg\",\"contentUrl\":\"https:\\\/\\\/incurvy.co.uk\\\/wp-content\\\/uploads\\\/2015\\\/07\\\/X-TWO.mrt14.7219.1.jpg\",\"width\":1920,\"height\":1282,\"caption\":\"\u00a9 x-two\"},{\"@type\":\"BreadcrumbList\",\"@id\":\"https:\\\/\\\/www.incurvy.de\\\/trends-grosse-groessen\\\/pflege-fuer-die-haut-im-sommer\\\/#breadcrumb\",\"itemListElement\":[{\"@type\":\"ListItem\",\"position\":1,\"name\":\"Home\",\"item\":\"https:\\\/\\\/www.incurvy.de\\\/trends-grosse-groessen\\\/\"},{\"@type\":\"ListItem\",\"position\":2,\"name\":\"Pflege f\u00fcr die Haut &#8211; im Sommer\"}]},{\"@type\":\"WebSite\",\"@id\":\"https:\\\/\\\/www.incurvy.de\\\/trends-grosse-groessen\\\/#website\",\"url\":\"https:\\\/\\\/www.incurvy.de\\\/trends-grosse-groessen\\\/\",\"name\":\"INCURVY Plus-Size Fashion - BLOG\",\"description\":\"INCURVY Plus-Size Fashion - BLOG\",\"publisher\":{\"@id\":\"https:\\\/\\\/www.incurvy.de\\\/trends-grosse-groessen\\\/#\\\/schema\\\/person\\\/0f0b11c021b39ea29dafea3a21fef662\"},\"potentialAction\":[{\"@type\":\"SearchAction\",\"target\":{\"@type\":\"EntryPoint\",\"urlTemplate\":\"https:\\\/\\\/www.incurvy.de\\\/trends-grosse-groessen\\\/?s={search_term_string}\"},\"query-input\":{\"@type\":\"PropertyValueSpecification\",\"valueRequired\":true,\"valueName\":\"search_term_string\"}}],\"inLanguage\":\"de\"},{\"@type\":[\"Person\",\"Organization\"],\"@id\":\"https:\\\/\\\/www.incurvy.de\\\/trends-grosse-groessen\\\/#\\\/schema\\\/person\\\/0f0b11c021b39ea29dafea3a21fef662\",\"name\":\"Eleonore\",\"image\":{\"@type\":\"ImageObject\",\"inLanguage\":\"de\",\"@id\":\"https:\\\/\\\/www.incurvy.de\\\/trends-grosse-groessen\\\/wp-content\\\/uploads\\\/2024\\\/02\\\/inCurvyLogoTransparent.png\",\"url\":\"https:\\\/\\\/www.incurvy.de\\\/trends-grosse-groessen\\\/wp-content\\\/uploads\\\/2024\\\/02\\\/inCurvyLogoTransparent.png\",\"contentUrl\":\"https:\\\/\\\/www.incurvy.de\\\/trends-grosse-groessen\\\/wp-content\\\/uploads\\\/2024\\\/02\\\/inCurvyLogoTransparent.png\",\"width\":1920,\"height\":1080,\"caption\":\"Eleonore\"},\"logo\":{\"@id\":\"https:\\\/\\\/www.incurvy.de\\\/trends-grosse-groessen\\\/wp-content\\\/uploads\\\/2024\\\/02\\\/inCurvyLogoTransparent.png\"}},{\"@type\":\"Person\",\"@id\":\"https:\\\/\\\/www.incurvy.de\\\/trends-grosse-groessen\\\/#\\\/schema\\\/person\\\/e0bcf5f8e74b1ed54bee9a5beb26522d\",\"name\":\"Sofia\",\"image\":{\"@type\":\"ImageObject\",\"inLanguage\":\"de\",\"@id\":\"https:\\\/\\\/secure.gravatar.com\\\/avatar\\\/4a182d84a0a0ac73964750f4faa49be2ca435fed0e5e56d4a63a9c04ac78d94c?s=96&d=mm&r=g\",\"url\":\"https:\\\/\\\/secure.gravatar.com\\\/avatar\\\/4a182d84a0a0ac73964750f4faa49be2ca435fed0e5e56d4a63a9c04ac78d94c?s=96&d=mm&r=g\",\"contentUrl\":\"https:\\\/\\\/secure.gravatar.com\\\/avatar\\\/4a182d84a0a0ac73964750f4faa49be2ca435fed0e5e56d4a63a9c04ac78d94c?s=96&d=mm&r=g\",\"caption\":\"Sofia\"},\"url\":\"https:\\\/\\\/www.incurvy.de\\\/trends-grosse-groessen\\\/author\\\/admin\\\/\"}]}<\/script>\n<!-- \/ Yoast SEO plugin. -->","yoast_head_json":{"title":"Pflege f\u00fcr die Haut - im Sommer - INCURVY Plus-Size Fashion - BLOG","description":"Pflege f\u00fcr die Haut: Im Sommer ist Sonnenschutzcreme besonders wichtig und daher hei\u00dft es \u2013 cremen, cremen, cremen, denn UV-Strahlen schaden der Haut. Tipps","robots":{"index":"index","follow":"follow","max-snippet":"max-snippet:-1","max-image-preview":"max-image-preview:large","max-video-preview":"max-video-preview:-1"},"canonical":"https:\/\/www.incurvy.de\/trends-grosse-groessen\/pflege-fuer-die-haut-im-sommer\/","og_locale":"de_DE","og_type":"article","og_title":"Pflege f\u00fcr die Haut - im Sommer - INCURVY Plus-Size Fashion - BLOG","og_description":"Pflege f\u00fcr die Haut: Im Sommer ist Sonnenschutzcreme besonders wichtig und daher hei\u00dft es \u2013 cremen, cremen, cremen, denn UV-Strahlen schaden der Haut. Tipps","og_url":"https:\/\/www.incurvy.de\/trends-grosse-groessen\/pflege-fuer-die-haut-im-sommer\/","og_site_name":"INCURVY Plus-Size Fashion - BLOG","article_published_time":"2015-07-22T16:56:20+00:00","article_modified_time":"2015-07-25T10:15:30+00:00","og_image":[{"width":1920,"height":1282,"url":"https:\/\/incurvy.co.uk\/wp-content\/uploads\/2015\/07\/X-TWO.mrt14.7219.1.jpg","type":"image\/jpeg"}],"author":"Sofia","twitter_card":"summary_large_image","twitter_misc":{"Verfasst von":"Sofia","Gesch\u00e4tzte Lesezeit":"2\u00a0Minuten"},"schema":{"@context":"https:\/\/schema.org","@graph":[{"@type":"Article","@id":"https:\/\/www.incurvy.de\/trends-grosse-groessen\/pflege-fuer-die-haut-im-sommer\/#article","isPartOf":{"@id":"https:\/\/www.incurvy.de\/trends-grosse-groessen\/pflege-fuer-die-haut-im-sommer\/"},"author":{"name":"Sofia","@id":"https:\/\/www.incurvy.de\/trends-grosse-groessen\/#\/schema\/person\/e0bcf5f8e74b1ed54bee9a5beb26522d"},"headline":"Pflege f\u00fcr die Haut &#8211; im Sommer","datePublished":"2015-07-22T16:56:20+00:00","dateModified":"2015-07-25T10:15:30+00:00","mainEntityOfPage":{"@id":"https:\/\/www.incurvy.de\/trends-grosse-groessen\/pflege-fuer-die-haut-im-sommer\/"},"wordCount":435,"commentCount":0,"publisher":{"@id":"https:\/\/www.incurvy.de\/trends-grosse-groessen\/#\/schema\/person\/0f0b11c021b39ea29dafea3a21fef662"},"image":{"@id":"https:\/\/www.incurvy.de\/trends-grosse-groessen\/pflege-fuer-die-haut-im-sommer\/#primaryimage"},"thumbnailUrl":"https:\/\/incurvy.co.uk\/wp-content\/uploads\/2015\/07\/X-TWO.mrt14.7219.1.jpg","keywords":["Leichte Feuchtigkeits-Pflege","Leichte Pflegecreme","Peeling","Pflege f\u00fcr die Haut","Sommer Pflege","Sommerhaut","Sonnenschutzcreme","Wechselduschen"],"articleSection":["Beauty","Interessante Themen","Mode Tipps &amp; Tricks","Plus-Size Mode"],"inLanguage":"de","potentialAction":[{"@type":"CommentAction","name":"Comment","target":["https:\/\/www.incurvy.de\/trends-grosse-groessen\/pflege-fuer-die-haut-im-sommer\/#respond"]}]},{"@type":"WebPage","@id":"https:\/\/www.incurvy.de\/trends-grosse-groessen\/pflege-fuer-die-haut-im-sommer\/","url":"https:\/\/www.incurvy.de\/trends-grosse-groessen\/pflege-fuer-die-haut-im-sommer\/","name":"Pflege f\u00fcr die Haut - im Sommer - INCURVY Plus-Size Fashion - BLOG","isPartOf":{"@id":"https:\/\/www.incurvy.de\/trends-grosse-groessen\/#website"},"primaryImageOfPage":{"@id":"https:\/\/www.incurvy.de\/trends-grosse-groessen\/pflege-fuer-die-haut-im-sommer\/#primaryimage"},"image":{"@id":"https:\/\/www.incurvy.de\/trends-grosse-groessen\/pflege-fuer-die-haut-im-sommer\/#primaryimage"},"thumbnailUrl":"https:\/\/incurvy.co.uk\/wp-content\/uploads\/2015\/07\/X-TWO.mrt14.7219.1.jpg","datePublished":"2015-07-22T16:56:20+00:00","dateModified":"2015-07-25T10:15:30+00:00","description":"Pflege f\u00fcr die Haut: Im Sommer ist Sonnenschutzcreme besonders wichtig und daher hei\u00dft es \u2013 cremen, cremen, cremen, denn UV-Strahlen schaden der Haut. Tipps","breadcrumb":{"@id":"https:\/\/www.incurvy.de\/trends-grosse-groessen\/pflege-fuer-die-haut-im-sommer\/#breadcrumb"},"inLanguage":"de","potentialAction":[{"@type":"ReadAction","target":["https:\/\/www.incurvy.de\/trends-grosse-groessen\/pflege-fuer-die-haut-im-sommer\/"]}]},{"@type":"ImageObject","inLanguage":"de","@id":"https:\/\/www.incurvy.de\/trends-grosse-groessen\/pflege-fuer-die-haut-im-sommer\/#primaryimage","url":"https:\/\/incurvy.co.uk\/wp-content\/uploads\/2015\/07\/X-TWO.mrt14.7219.1.jpg","contentUrl":"https:\/\/incurvy.co.uk\/wp-content\/uploads\/2015\/07\/X-TWO.mrt14.7219.1.jpg","width":1920,"height":1282,"caption":"\u00a9 x-two"},{"@type":"BreadcrumbList","@id":"https:\/\/www.incurvy.de\/trends-grosse-groessen\/pflege-fuer-die-haut-im-sommer\/#breadcrumb","itemListElement":[{"@type":"ListItem","position":1,"name":"Home","item":"https:\/\/www.incurvy.de\/trends-grosse-groessen\/"},{"@type":"ListItem","position":2,"name":"Pflege f\u00fcr die Haut &#8211; im Sommer"}]},{"@type":"WebSite","@id":"https:\/\/www.incurvy.de\/trends-grosse-groessen\/#website","url":"https:\/\/www.incurvy.de\/trends-grosse-groessen\/","name":"INCURVY Plus-Size Fashion - BLOG","description":"INCURVY Plus-Size Fashion - BLOG","publisher":{"@id":"https:\/\/www.incurvy.de\/trends-grosse-groessen\/#\/schema\/person\/0f0b11c021b39ea29dafea3a21fef662"},"potentialAction":[{"@type":"SearchAction","target":{"@type":"EntryPoint","urlTemplate":"https:\/\/www.incurvy.de\/trends-grosse-groessen\/?s={search_term_string}"},"query-input":{"@type":"PropertyValueSpecification","valueRequired":true,"valueName":"search_term_string"}}],"inLanguage":"de"},{"@type":["Person","Organization"],"@id":"https:\/\/www.incurvy.de\/trends-grosse-groessen\/#\/schema\/person\/0f0b11c021b39ea29dafea3a21fef662","name":"Eleonore","image":{"@type":"ImageObject","inLanguage":"de","@id":"https:\/\/www.incurvy.de\/trends-grosse-groessen\/wp-content\/uploads\/2024\/02\/inCurvyLogoTransparent.png","url":"https:\/\/www.incurvy.de\/trends-grosse-groessen\/wp-content\/uploads\/2024\/02\/inCurvyLogoTransparent.png","contentUrl":"https:\/\/www.incurvy.de\/trends-grosse-groessen\/wp-content\/uploads\/2024\/02\/inCurvyLogoTransparent.png","width":1920,"height":1080,"caption":"Eleonore"},"logo":{"@id":"https:\/\/www.incurvy.de\/trends-grosse-groessen\/wp-content\/uploads\/2024\/02\/inCurvyLogoTransparent.png"}},{"@type":"Person","@id":"https:\/\/www.incurvy.de\/trends-grosse-groessen\/#\/schema\/person\/e0bcf5f8e74b1ed54bee9a5beb26522d","name":"Sofia","image":{"@type":"ImageObject","inLanguage":"de","@id":"https:\/\/secure.gravatar.com\/avatar\/4a182d84a0a0ac73964750f4faa49be2ca435fed0e5e56d4a63a9c04ac78d94c?s=96&d=mm&r=g","url":"https:\/\/secure.gravatar.com\/avatar\/4a182d84a0a0ac73964750f4faa49be2ca435fed0e5e56d4a63a9c04ac78d94c?s=96&d=mm&r=g","contentUrl":"https:\/\/secure.gravatar.com\/avatar\/4a182d84a0a0ac73964750f4faa49be2ca435fed0e5e56d4a63a9c04ac78d94c?s=96&d=mm&r=g","caption":"Sofia"},"url":"https:\/\/www.incurvy.de\/trends-grosse-groessen\/author\/admin\/"}]}},"_links":{"self":[{"href":"https:\/\/www.incurvy.de\/trends-grosse-groessen\/wp-json\/wp\/v2\/posts\/6596","targetHints":{"allow":["GET"]}}],"collection":[{"href":"https:\/\/www.incurvy.de\/trends-grosse-groessen\/wp-json\/wp\/v2\/posts"}],"about":[{"href":"https:\/\/www.incurvy.de\/trends-grosse-groessen\/wp-json\/wp\/v2\/types\/post"}],"author":[{"embeddable":true,"href":"https:\/\/www.incurvy.de\/trends-grosse-groessen\/wp-json\/wp\/v2\/users\/1"}],"replies":[{"embeddable":true,"href":"https:\/\/www.incurvy.de\/trends-grosse-groessen\/wp-json\/wp\/v2\/comments?post=6596"}],"version-history":[{"count":0,"href":"https:\/\/www.incurvy.de\/trends-grosse-groessen\/wp-json\/wp\/v2\/posts\/6596\/revisions"}],"wp:featuredmedia":[{"embeddable":true,"href":"https:\/\/www.incurvy.de\/trends-grosse-groessen\/wp-json\/wp\/v2\/media\/6599"}],"wp:attachment":[{"href":"https:\/\/www.incurvy.de\/trends-grosse-groessen\/wp-json\/wp\/v2\/media?parent=6596"}],"wp:term":[{"taxonomy":"category","embeddable":true,"href":"https:\/\/www.incurvy.de\/trends-grosse-groessen\/wp-json\/wp\/v2\/categories?post=6596"},{"taxonomy":"post_tag","embeddable":true,"href":"https:\/\/www.incurvy.de\/trends-grosse-groessen\/wp-json\/wp\/v2\/tags?post=6596"}],"curies":[{"name":"wp","href":"https:\/\/api.w.org\/{rel}","templated":true}]}}