{"id":7583,"date":"2015-09-20T14:49:40","date_gmt":"2015-09-20T12:49:40","guid":{"rendered":"http:\/\/www.incurvy.de\/trends-grosse-groessen\/?p=7583"},"modified":"2023-08-18T12:49:13","modified_gmt":"2023-08-18T10:49:13","slug":"wiesn-spezial-dirndl-grosse-groesse","status":"publish","type":"post","link":"https:\/\/www.incurvy.de\/trends-grosse-groessen\/wiesn-spezial-dirndl-grosse-groesse\/","title":{"rendered":"Wiesn Spezial &#8211; Dirndl gro\u00dfe Gr\u00f6\u00dfe"},"content":{"rendered":"<h2>Informiere dich \u00fcber Dirndl gro\u00dfe Gr\u00f6\u00dfe<\/h2>\n<p>Das M\u00fcnchner Oktoberfest hat wieder seine Pforten ge\u00f6ffnet und die 182. Wiesn ist in vollem Gange! Die n\u00e4chsten 2 Wochen hei\u00dft es wieder Bierzelt, schnelle Fahrgesch\u00e4fte und rein in die Tracht. Passend zur Wiesn habe ich bereits mein Dirndl-Outfit im Kasten und m\u00f6chte euch heute ein paar Tipps rund um das festliche Gewand geben. Wenn man sich den Verlauf des Dirndl gro\u00dfe Gr\u00f6\u00dfe in den letzten 10 Jahren ansieht, wird man bemerken, dass sich doch so Einiges getan hat. Irgendwie werden die Kleider immer k\u00fcrzer, bunter und leider auch billiger.<\/p>\n<p>Ein Dirndl hat so gar nichts mit einem Faschingskost\u00fcm zu tun &#8211; dies gleich mal vorweg. <strong>G\u00fcnstige Dirndl<\/strong> f\u00fcr 39,95 Euro locken nat\u00fcrlich, doch die Qualit\u00e4t l\u00e4sst meist doch sehr zu w\u00fcnschen \u00fcbrig (Ausnahmen best\u00e4tigen aber gerne die Regel). Eine richtig edle Tracht kann locker und schnell um die 800 Euro kosten, was aber ganz klar nicht sein muss, wenn ihr euch extra f\u00fcr das Fest ein Dirndl kaufen m\u00f6chtet. Es gibt sch\u00f6ne und <strong>qualitativ gute Dirndl<\/strong> auch schon f\u00fcr ca. 150 Euro.<\/p>\n<h2>Der gro\u00dfe Gr\u00f6\u00dfen Dirndl-Check<\/h2>\n<p>Viel oder lieber weniger Dekollet\u00e9 zeigen? Ein langes, knielanges oder doch lieber das Mini-Dirndl? Bunt oder Traditionell? Wie binde ich meine Schleife richtig? Fragen \u00fcber Fragen, ein paar davon m\u00f6chte ich euch heute beantworten. Ich pers\u00f6nliche bevorzuge die knielange oder Maxi Variante, da ich mich darin mit meinen Kurven am wohlsten f\u00fchle. Zu kurze Dirndl in gro\u00dfen Gr\u00f6\u00dfen finde ich unpraktisch, da man nicht so ausgelassen auf der Bank im Bierzelt tanzen kann und mit mehr auf den H\u00fcften auch st\u00e4ndig am Zupfen ist.<\/p>\n<p>Dieses Jahr habe ich zum ersten Mal ein wadenlanges Dirndl im Besitz und finde die L\u00e4nge perfekt! Die Frage mit dem Dekollet\u00e9 ist so eine Sache. Klar ist, dass ihr nur so viel zeigen sollet wie ihr auch wollt &#8211; es gibt nicht zu wenig, sondern nur zu viel. Mein Ausschnitt ist denk ich so die klassische Variante und f\u00fcr mich auch das h\u00f6chste der Gef\u00fchle, da ich sicher auch nicht \u201eAnbandeln\u201c will. Anbandeln fragt ihr euch jetzt sicher oder? In Bayern hei\u00dft dies so viel wie Flirten und der Flirtpegel auf dem Oktoberfest ist definitiv sehr hoch! Deshalb solltet ihr beim Wiesnbesuch auf die Signale achten, die ihr mit eurer Schleife an der Sch\u00fcrze sendet.<\/p>\n<h2>Die Bedeutung der Schleife:<\/h2>\n<ul>\n<li>rechts gebunden &#8211; Finger weg &#8211; ich bin vergeben!<\/li>\n<li>links gebunden &#8211; Anbandeln erlaubt &#8211; ich bin Single!<\/li>\n<li>mittig gebunden &#8211; die Tradition besagt, dass die Dame noch Jungfrau ist hinten gebunden &#8211; die Dame ist entweder eine Bedienung oder verwitwet<\/li>\n<\/ul>\n<p>Nun bleibt nur noch die Frage, f\u00fcr welche Farbe ihr euch entscheidet. Es gibt wirklich zig M\u00f6glichkeiten und eine gro\u00dfe Auswahl. Ich rate euch zu einer eher klassischen und zeitlosen Tracht, da ihr dann sicher sehr lange was davon habt und diese nicht so schnell \u201eout\u201c ist. Letzenendes muss das Dirndl inm gro\u00dfen Gr\u00f6\u00dfen aber euch gefallen und zu euch passen.<\/p>\n<p>Prost ihr Lieben &#8211; auf Euch!<\/p>\n<div id=\"attachment_7617\" style=\"width: 693px\" class=\"wp-caption alignnone\"><a href=\"https:\/\/www.incurvy.de\/trends-grosse-groessen\/wp-content\/uploads\/2015\/09\/dirndl-grosse-groessen.jpg\" data-rel=\"penci-gallery-image-content\" ><img loading=\"lazy\" decoding=\"async\" aria-describedby=\"caption-attachment-7617\" class=\"wp-image-7617 size-large\" src=\"https:\/\/www.incurvy.de\/trends-grosse-groessen\/wp-content\/uploads\/2015\/09\/dirndl-grosse-groessen-683x1024.jpg\" alt=\"Gro\u00dfe Gr\u00f6\u00dfen Dirndl-Check mit Plus Size Blogger, jetzt entdecken!\" width=\"683\" height=\"1024\" srcset=\"https:\/\/incurvy.co.uk\/wp-content\/uploads\/2015\/09\/dirndl-grosse-groessen-683x1024.jpg 683w, https:\/\/incurvy.co.uk\/wp-content\/uploads\/2015\/09\/dirndl-grosse-groessen-200x300.jpg 200w, https:\/\/incurvy.co.uk\/wp-content\/uploads\/2015\/09\/dirndl-grosse-groessen-585x878.jpg 585w, https:\/\/incurvy.co.uk\/wp-content\/uploads\/2015\/09\/dirndl-grosse-groessen.jpg 760w\" sizes=\"auto, (max-width: 683px) 100vw, 683px\" \/><\/a><p id=\"caption-attachment-7617\" class=\"wp-caption-text\">\u00a9 theodoraflipper.com<\/p><\/div>\n<p><a href=\"https:\/\/www.incurvy.de\/trends-grosse-groessen\/wp-content\/uploads\/2015\/09\/dirndl-grosse-groessen-cecile.jpg\" data-rel=\"penci-gallery-image-content\" ><img loading=\"lazy\" decoding=\"async\" class=\"alignnone wp-image-7618 size-large\" src=\"https:\/\/www.incurvy.de\/trends-grosse-groessen\/wp-content\/uploads\/2015\/09\/dirndl-grosse-groessen-cecile-683x1024.jpg\" alt=\"Verziertes gro\u00dfe Gr\u00f6\u00dfen Dirndl - hier auf incurvy!\" width=\"683\" height=\"1024\" srcset=\"https:\/\/incurvy.co.uk\/wp-content\/uploads\/2015\/09\/dirndl-grosse-groessen-cecile-683x1024.jpg 683w, https:\/\/incurvy.co.uk\/wp-content\/uploads\/2015\/09\/dirndl-grosse-groessen-cecile-200x300.jpg 200w, https:\/\/incurvy.co.uk\/wp-content\/uploads\/2015\/09\/dirndl-grosse-groessen-cecile-585x878.jpg 585w, https:\/\/incurvy.co.uk\/wp-content\/uploads\/2015\/09\/dirndl-grosse-groessen-cecile.jpg 760w\" sizes=\"auto, (max-width: 683px) 100vw, 683px\" \/><\/a> <a href=\"https:\/\/www.incurvy.de\/trends-grosse-groessen\/wp-content\/uploads\/2015\/09\/dirndl-grosse-groessen-theodora-flipper.jpg\" data-rel=\"penci-gallery-image-content\" ><img loading=\"lazy\" decoding=\"async\" class=\"alignnone wp-image-7619 size-full\" src=\"https:\/\/www.incurvy.de\/trends-grosse-groessen\/wp-content\/uploads\/2015\/09\/dirndl-grosse-groessen-theodora-flipper.jpg\" alt=\"Dirndl in gro\u00dfen Gr\u00f6\u00dfen entdecken - Tipps und Tricks!\" width=\"760\" height=\"507\" srcset=\"https:\/\/incurvy.co.uk\/wp-content\/uploads\/2015\/09\/dirndl-grosse-groessen-theodora-flipper.jpg 760w, https:\/\/incurvy.co.uk\/wp-content\/uploads\/2015\/09\/dirndl-grosse-groessen-theodora-flipper-300x200.jpg 300w, https:\/\/incurvy.co.uk\/wp-content\/uploads\/2015\/09\/dirndl-grosse-groessen-theodora-flipper-250x167.jpg 250w, https:\/\/incurvy.co.uk\/wp-content\/uploads\/2015\/09\/dirndl-grosse-groessen-theodora-flipper-585x390.jpg 585w\" sizes=\"auto, (max-width: 760px) 100vw, 760px\" \/><\/a><\/p>\n<h2>Hier Top Auswahl an Dirndl gro\u00dfe Gr\u00f6\u00dfe shoppen:<\/h2>\n<p><span style=\"color: #ff99cc;\"><a style=\"color: #ff99cc;\" href=\"https:\/\/www.incurvy.de\/index.php?stoken=E74D49BF&amp;lang=0&amp;cl=search&amp;searchparam=dirndl\" target=\"_blank\" rel=\"noopener\">https:\/\/www.incurvy.de\/index.php?stoken=E74D49BF&amp;lang=0&amp;cl=search&amp;searchparam=dirndl<\/a><\/span><\/p>\n<p>&nbsp;<\/p>\n<p>&nbsp;<\/p>\n<p>&nbsp;<\/p>\n","protected":false},"excerpt":{"rendered":"<p>Informiere dich \u00fcber Dirndl gro\u00dfe Gr\u00f6\u00dfe Das M\u00fcnchner Oktoberfest hat wieder seine Pforten ge\u00f6ffnet und die 182. Wiesn ist in vollem Gange!&hellip;<\/p>\n","protected":false},"author":14,"featured_media":7614,"comment_status":"open","ping_status":"open","sticky":false,"template":"","format":"standard","meta":{"footnotes":""},"categories":[9,2,5,1,8,35,7],"tags":[921,826,923,924,920,13,14],"class_list":["post-7583","post","type-post","status-publish","format-standard","has-post-thumbnail","hentry","category-damenmode-grosse-groessen","category-interessante-blog-themen","category-mode-tipps-tricks","category-kategorie-plus-size-mode","category-plus-size-news","category-entdecken-stilvolle-plus-size-outfits-bei-incurvy","category-unterhaltung-blog","tag-dirndl","tag-dirndl-grosse-groessen","tag-dirndl-in-grossen-groessen","tag-grosse-groessen-dirndl","tag-guenstige-dirndl","tag-incurvy","tag-plus-size-fashion"],"yoast_head":"<!-- This site is optimized with the Yoast SEO plugin v27.5 - https:\/\/yoast.com\/product\/yoast-seo-wordpress\/ -->\n<title>Dirndl gro\u00dfe Gr\u00f6\u00dfe - gro\u00dfe Gr\u00f6\u00dfe Dirndl<\/title>\n<meta name=\"description\" content=\"Der gro\u00dfe Gr\u00f6\u00dfe Dirndl Check: Viel oder weniger Dekollet\u00e9 zeigen? Ein langes, knielanges oder doch das Mini-Dirndl? Hier mehr Infos!\" \/>\n<meta name=\"robots\" content=\"index, follow, max-snippet:-1, max-image-preview:large, max-video-preview:-1\" \/>\n<link rel=\"canonical\" href=\"https:\/\/www.incurvy.de\/trends-grosse-groessen\/wiesn-spezial-dirndl-grosse-groesse\/\" \/>\n<meta property=\"og:locale\" content=\"de_DE\" \/>\n<meta property=\"og:type\" content=\"article\" \/>\n<meta property=\"og:title\" content=\"Dirndl gro\u00dfe Gr\u00f6\u00dfe - gro\u00dfe Gr\u00f6\u00dfe Dirndl\" \/>\n<meta property=\"og:description\" content=\"Der gro\u00dfe Gr\u00f6\u00dfe Dirndl Check: Viel oder weniger Dekollet\u00e9 zeigen? Ein langes, knielanges oder doch das Mini-Dirndl? Hier mehr Infos!\" \/>\n<meta property=\"og:url\" content=\"https:\/\/www.incurvy.de\/trends-grosse-groessen\/wiesn-spezial-dirndl-grosse-groesse\/\" \/>\n<meta property=\"og:site_name\" content=\"INCURVY Plus-Size Fashion - BLOG\" \/>\n<meta property=\"article:published_time\" content=\"2015-09-20T12:49:40+00:00\" \/>\n<meta property=\"article:modified_time\" content=\"2023-08-18T10:49:13+00:00\" \/>\n<meta property=\"og:image\" content=\"https:\/\/incurvy.co.uk\/wp-content\/uploads\/2015\/09\/dirndl-grosse-groessen2-incurvy.jpg\" \/>\n\t<meta property=\"og:image:width\" content=\"760\" \/>\n\t<meta property=\"og:image:height\" content=\"507\" \/>\n\t<meta property=\"og:image:type\" content=\"image\/jpeg\" \/>\n<meta name=\"author\" content=\"Theodora\" \/>\n<meta name=\"twitter:card\" content=\"summary_large_image\" \/>\n<meta name=\"twitter:label1\" content=\"Verfasst von\" \/>\n\t<meta name=\"twitter:data1\" content=\"Theodora\" \/>\n\t<meta name=\"twitter:label2\" content=\"Gesch\u00e4tzte Lesezeit\" \/>\n\t<meta name=\"twitter:data2\" content=\"4\u00a0Minuten\" \/>\n<script type=\"application\/ld+json\" class=\"yoast-schema-graph\">{\"@context\":\"https:\\\/\\\/schema.org\",\"@graph\":[{\"@type\":\"Article\",\"@id\":\"https:\\\/\\\/www.incurvy.de\\\/trends-grosse-groessen\\\/wiesn-spezial-dirndl-grosse-groesse\\\/#article\",\"isPartOf\":{\"@id\":\"https:\\\/\\\/www.incurvy.de\\\/trends-grosse-groessen\\\/wiesn-spezial-dirndl-grosse-groesse\\\/\"},\"author\":{\"name\":\"Theodora\",\"@id\":\"https:\\\/\\\/www.incurvy.de\\\/trends-grosse-groessen\\\/#\\\/schema\\\/person\\\/cbd7bd67cbdb637d3074ae2ccb7ec87a\"},\"headline\":\"Wiesn Spezial &#8211; Dirndl gro\u00dfe Gr\u00f6\u00dfe\",\"datePublished\":\"2015-09-20T12:49:40+00:00\",\"dateModified\":\"2023-08-18T10:49:13+00:00\",\"mainEntityOfPage\":{\"@id\":\"https:\\\/\\\/www.incurvy.de\\\/trends-grosse-groessen\\\/wiesn-spezial-dirndl-grosse-groesse\\\/\"},\"wordCount\":580,\"commentCount\":0,\"publisher\":{\"@id\":\"https:\\\/\\\/www.incurvy.de\\\/trends-grosse-groessen\\\/#\\\/schema\\\/person\\\/0f0b11c021b39ea29dafea3a21fef662\"},\"image\":{\"@id\":\"https:\\\/\\\/www.incurvy.de\\\/trends-grosse-groessen\\\/wiesn-spezial-dirndl-grosse-groesse\\\/#primaryimage\"},\"thumbnailUrl\":\"https:\\\/\\\/incurvy.co.uk\\\/wp-content\\\/uploads\\\/2015\\\/09\\\/dirndl-grosse-groessen2-incurvy.jpg\",\"keywords\":[\"Dirndl\",\"Dirndl gro\u00dfe Gr\u00f6\u00dfen\",\"Dirndl in gro\u00dfen Gr\u00f6\u00dfen\",\"gro\u00dfe Gr\u00f6\u00dfen Dirndl\",\"G\u00fcnstige Dirndl\",\"INCURVY\",\"Plus Size Fashion\"],\"articleSection\":[\"Damenmode gro\u00dfe Gr\u00f6\u00dfen\",\"Interessante Themen\",\"Mode Tipps &amp; Tricks\",\"Plus-Size Mode\",\"Plus-Size News\",\"Plus-Size Outfits\",\"Unterhaltung\"],\"inLanguage\":\"de\",\"potentialAction\":[{\"@type\":\"CommentAction\",\"name\":\"Comment\",\"target\":[\"https:\\\/\\\/www.incurvy.de\\\/trends-grosse-groessen\\\/wiesn-spezial-dirndl-grosse-groesse\\\/#respond\"]}]},{\"@type\":\"WebPage\",\"@id\":\"https:\\\/\\\/www.incurvy.de\\\/trends-grosse-groessen\\\/wiesn-spezial-dirndl-grosse-groesse\\\/\",\"url\":\"https:\\\/\\\/www.incurvy.de\\\/trends-grosse-groessen\\\/wiesn-spezial-dirndl-grosse-groesse\\\/\",\"name\":\"Dirndl gro\u00dfe Gr\u00f6\u00dfe - gro\u00dfe Gr\u00f6\u00dfe Dirndl\",\"isPartOf\":{\"@id\":\"https:\\\/\\\/www.incurvy.de\\\/trends-grosse-groessen\\\/#website\"},\"primaryImageOfPage\":{\"@id\":\"https:\\\/\\\/www.incurvy.de\\\/trends-grosse-groessen\\\/wiesn-spezial-dirndl-grosse-groesse\\\/#primaryimage\"},\"image\":{\"@id\":\"https:\\\/\\\/www.incurvy.de\\\/trends-grosse-groessen\\\/wiesn-spezial-dirndl-grosse-groesse\\\/#primaryimage\"},\"thumbnailUrl\":\"https:\\\/\\\/incurvy.co.uk\\\/wp-content\\\/uploads\\\/2015\\\/09\\\/dirndl-grosse-groessen2-incurvy.jpg\",\"datePublished\":\"2015-09-20T12:49:40+00:00\",\"dateModified\":\"2023-08-18T10:49:13+00:00\",\"description\":\"Der gro\u00dfe Gr\u00f6\u00dfe Dirndl Check: Viel oder weniger Dekollet\u00e9 zeigen? Ein langes, knielanges oder doch das Mini-Dirndl? Hier mehr Infos!\",\"breadcrumb\":{\"@id\":\"https:\\\/\\\/www.incurvy.de\\\/trends-grosse-groessen\\\/wiesn-spezial-dirndl-grosse-groesse\\\/#breadcrumb\"},\"inLanguage\":\"de\",\"potentialAction\":[{\"@type\":\"ReadAction\",\"target\":[\"https:\\\/\\\/www.incurvy.de\\\/trends-grosse-groessen\\\/wiesn-spezial-dirndl-grosse-groesse\\\/\"]}]},{\"@type\":\"ImageObject\",\"inLanguage\":\"de\",\"@id\":\"https:\\\/\\\/www.incurvy.de\\\/trends-grosse-groessen\\\/wiesn-spezial-dirndl-grosse-groesse\\\/#primaryimage\",\"url\":\"https:\\\/\\\/incurvy.co.uk\\\/wp-content\\\/uploads\\\/2015\\\/09\\\/dirndl-grosse-groessen2-incurvy.jpg\",\"contentUrl\":\"https:\\\/\\\/incurvy.co.uk\\\/wp-content\\\/uploads\\\/2015\\\/09\\\/dirndl-grosse-groessen2-incurvy.jpg\",\"width\":760,\"height\":507,\"caption\":\"Verziertes Dirndl gro\u00dfe Gr\u00f6\u00dfe\"},{\"@type\":\"BreadcrumbList\",\"@id\":\"https:\\\/\\\/www.incurvy.de\\\/trends-grosse-groessen\\\/wiesn-spezial-dirndl-grosse-groesse\\\/#breadcrumb\",\"itemListElement\":[{\"@type\":\"ListItem\",\"position\":1,\"name\":\"Home\",\"item\":\"https:\\\/\\\/www.incurvy.de\\\/trends-grosse-groessen\\\/\"},{\"@type\":\"ListItem\",\"position\":2,\"name\":\"Wiesn Spezial &#8211; Dirndl gro\u00dfe Gr\u00f6\u00dfe\"}]},{\"@type\":\"WebSite\",\"@id\":\"https:\\\/\\\/www.incurvy.de\\\/trends-grosse-groessen\\\/#website\",\"url\":\"https:\\\/\\\/www.incurvy.de\\\/trends-grosse-groessen\\\/\",\"name\":\"INCURVY Plus-Size Fashion - BLOG\",\"description\":\"INCURVY Plus-Size Fashion - BLOG\",\"publisher\":{\"@id\":\"https:\\\/\\\/www.incurvy.de\\\/trends-grosse-groessen\\\/#\\\/schema\\\/person\\\/0f0b11c021b39ea29dafea3a21fef662\"},\"potentialAction\":[{\"@type\":\"SearchAction\",\"target\":{\"@type\":\"EntryPoint\",\"urlTemplate\":\"https:\\\/\\\/www.incurvy.de\\\/trends-grosse-groessen\\\/?s={search_term_string}\"},\"query-input\":{\"@type\":\"PropertyValueSpecification\",\"valueRequired\":true,\"valueName\":\"search_term_string\"}}],\"inLanguage\":\"de\"},{\"@type\":[\"Person\",\"Organization\"],\"@id\":\"https:\\\/\\\/www.incurvy.de\\\/trends-grosse-groessen\\\/#\\\/schema\\\/person\\\/0f0b11c021b39ea29dafea3a21fef662\",\"name\":\"Eleonore\",\"image\":{\"@type\":\"ImageObject\",\"inLanguage\":\"de\",\"@id\":\"https:\\\/\\\/www.incurvy.de\\\/trends-grosse-groessen\\\/wp-content\\\/uploads\\\/2024\\\/02\\\/inCurvyLogoTransparent.png\",\"url\":\"https:\\\/\\\/www.incurvy.de\\\/trends-grosse-groessen\\\/wp-content\\\/uploads\\\/2024\\\/02\\\/inCurvyLogoTransparent.png\",\"contentUrl\":\"https:\\\/\\\/www.incurvy.de\\\/trends-grosse-groessen\\\/wp-content\\\/uploads\\\/2024\\\/02\\\/inCurvyLogoTransparent.png\",\"width\":1920,\"height\":1080,\"caption\":\"Eleonore\"},\"logo\":{\"@id\":\"https:\\\/\\\/www.incurvy.de\\\/trends-grosse-groessen\\\/wp-content\\\/uploads\\\/2024\\\/02\\\/inCurvyLogoTransparent.png\"}},{\"@type\":\"Person\",\"@id\":\"https:\\\/\\\/www.incurvy.de\\\/trends-grosse-groessen\\\/#\\\/schema\\\/person\\\/cbd7bd67cbdb637d3074ae2ccb7ec87a\",\"name\":\"Theodora\",\"image\":{\"@type\":\"ImageObject\",\"inLanguage\":\"de\",\"@id\":\"https:\\\/\\\/secure.gravatar.com\\\/avatar\\\/656514a7766c727a9a4a992f5695234ae4132fe044cce0daaa59e41cf8ba94be?s=96&d=mm&r=g\",\"url\":\"https:\\\/\\\/secure.gravatar.com\\\/avatar\\\/656514a7766c727a9a4a992f5695234ae4132fe044cce0daaa59e41cf8ba94be?s=96&d=mm&r=g\",\"contentUrl\":\"https:\\\/\\\/secure.gravatar.com\\\/avatar\\\/656514a7766c727a9a4a992f5695234ae4132fe044cce0daaa59e41cf8ba94be?s=96&d=mm&r=g\",\"caption\":\"Theodora\"},\"url\":\"https:\\\/\\\/www.incurvy.de\\\/trends-grosse-groessen\\\/author\\\/theodora\\\/\"}]}<\/script>\n<!-- \/ Yoast SEO plugin. -->","yoast_head_json":{"title":"Dirndl gro\u00dfe Gr\u00f6\u00dfe - gro\u00dfe Gr\u00f6\u00dfe Dirndl","description":"Der gro\u00dfe Gr\u00f6\u00dfe Dirndl Check: Viel oder weniger Dekollet\u00e9 zeigen? Ein langes, knielanges oder doch das Mini-Dirndl? Hier mehr Infos!","robots":{"index":"index","follow":"follow","max-snippet":"max-snippet:-1","max-image-preview":"max-image-preview:large","max-video-preview":"max-video-preview:-1"},"canonical":"https:\/\/www.incurvy.de\/trends-grosse-groessen\/wiesn-spezial-dirndl-grosse-groesse\/","og_locale":"de_DE","og_type":"article","og_title":"Dirndl gro\u00dfe Gr\u00f6\u00dfe - gro\u00dfe Gr\u00f6\u00dfe Dirndl","og_description":"Der gro\u00dfe Gr\u00f6\u00dfe Dirndl Check: Viel oder weniger Dekollet\u00e9 zeigen? Ein langes, knielanges oder doch das Mini-Dirndl? Hier mehr Infos!","og_url":"https:\/\/www.incurvy.de\/trends-grosse-groessen\/wiesn-spezial-dirndl-grosse-groesse\/","og_site_name":"INCURVY Plus-Size Fashion - BLOG","article_published_time":"2015-09-20T12:49:40+00:00","article_modified_time":"2023-08-18T10:49:13+00:00","og_image":[{"width":760,"height":507,"url":"https:\/\/incurvy.co.uk\/wp-content\/uploads\/2015\/09\/dirndl-grosse-groessen2-incurvy.jpg","type":"image\/jpeg"}],"author":"Theodora","twitter_card":"summary_large_image","twitter_misc":{"Verfasst von":"Theodora","Gesch\u00e4tzte Lesezeit":"4\u00a0Minuten"},"schema":{"@context":"https:\/\/schema.org","@graph":[{"@type":"Article","@id":"https:\/\/www.incurvy.de\/trends-grosse-groessen\/wiesn-spezial-dirndl-grosse-groesse\/#article","isPartOf":{"@id":"https:\/\/www.incurvy.de\/trends-grosse-groessen\/wiesn-spezial-dirndl-grosse-groesse\/"},"author":{"name":"Theodora","@id":"https:\/\/www.incurvy.de\/trends-grosse-groessen\/#\/schema\/person\/cbd7bd67cbdb637d3074ae2ccb7ec87a"},"headline":"Wiesn Spezial &#8211; Dirndl gro\u00dfe Gr\u00f6\u00dfe","datePublished":"2015-09-20T12:49:40+00:00","dateModified":"2023-08-18T10:49:13+00:00","mainEntityOfPage":{"@id":"https:\/\/www.incurvy.de\/trends-grosse-groessen\/wiesn-spezial-dirndl-grosse-groesse\/"},"wordCount":580,"commentCount":0,"publisher":{"@id":"https:\/\/www.incurvy.de\/trends-grosse-groessen\/#\/schema\/person\/0f0b11c021b39ea29dafea3a21fef662"},"image":{"@id":"https:\/\/www.incurvy.de\/trends-grosse-groessen\/wiesn-spezial-dirndl-grosse-groesse\/#primaryimage"},"thumbnailUrl":"https:\/\/incurvy.co.uk\/wp-content\/uploads\/2015\/09\/dirndl-grosse-groessen2-incurvy.jpg","keywords":["Dirndl","Dirndl gro\u00dfe Gr\u00f6\u00dfen","Dirndl in gro\u00dfen Gr\u00f6\u00dfen","gro\u00dfe Gr\u00f6\u00dfen Dirndl","G\u00fcnstige Dirndl","INCURVY","Plus Size Fashion"],"articleSection":["Damenmode gro\u00dfe Gr\u00f6\u00dfen","Interessante Themen","Mode Tipps &amp; Tricks","Plus-Size Mode","Plus-Size News","Plus-Size Outfits","Unterhaltung"],"inLanguage":"de","potentialAction":[{"@type":"CommentAction","name":"Comment","target":["https:\/\/www.incurvy.de\/trends-grosse-groessen\/wiesn-spezial-dirndl-grosse-groesse\/#respond"]}]},{"@type":"WebPage","@id":"https:\/\/www.incurvy.de\/trends-grosse-groessen\/wiesn-spezial-dirndl-grosse-groesse\/","url":"https:\/\/www.incurvy.de\/trends-grosse-groessen\/wiesn-spezial-dirndl-grosse-groesse\/","name":"Dirndl gro\u00dfe Gr\u00f6\u00dfe - gro\u00dfe Gr\u00f6\u00dfe Dirndl","isPartOf":{"@id":"https:\/\/www.incurvy.de\/trends-grosse-groessen\/#website"},"primaryImageOfPage":{"@id":"https:\/\/www.incurvy.de\/trends-grosse-groessen\/wiesn-spezial-dirndl-grosse-groesse\/#primaryimage"},"image":{"@id":"https:\/\/www.incurvy.de\/trends-grosse-groessen\/wiesn-spezial-dirndl-grosse-groesse\/#primaryimage"},"thumbnailUrl":"https:\/\/incurvy.co.uk\/wp-content\/uploads\/2015\/09\/dirndl-grosse-groessen2-incurvy.jpg","datePublished":"2015-09-20T12:49:40+00:00","dateModified":"2023-08-18T10:49:13+00:00","description":"Der gro\u00dfe Gr\u00f6\u00dfe Dirndl Check: Viel oder weniger Dekollet\u00e9 zeigen? Ein langes, knielanges oder doch das Mini-Dirndl? Hier mehr Infos!","breadcrumb":{"@id":"https:\/\/www.incurvy.de\/trends-grosse-groessen\/wiesn-spezial-dirndl-grosse-groesse\/#breadcrumb"},"inLanguage":"de","potentialAction":[{"@type":"ReadAction","target":["https:\/\/www.incurvy.de\/trends-grosse-groessen\/wiesn-spezial-dirndl-grosse-groesse\/"]}]},{"@type":"ImageObject","inLanguage":"de","@id":"https:\/\/www.incurvy.de\/trends-grosse-groessen\/wiesn-spezial-dirndl-grosse-groesse\/#primaryimage","url":"https:\/\/incurvy.co.uk\/wp-content\/uploads\/2015\/09\/dirndl-grosse-groessen2-incurvy.jpg","contentUrl":"https:\/\/incurvy.co.uk\/wp-content\/uploads\/2015\/09\/dirndl-grosse-groessen2-incurvy.jpg","width":760,"height":507,"caption":"Verziertes Dirndl gro\u00dfe Gr\u00f6\u00dfe"},{"@type":"BreadcrumbList","@id":"https:\/\/www.incurvy.de\/trends-grosse-groessen\/wiesn-spezial-dirndl-grosse-groesse\/#breadcrumb","itemListElement":[{"@type":"ListItem","position":1,"name":"Home","item":"https:\/\/www.incurvy.de\/trends-grosse-groessen\/"},{"@type":"ListItem","position":2,"name":"Wiesn Spezial &#8211; Dirndl gro\u00dfe Gr\u00f6\u00dfe"}]},{"@type":"WebSite","@id":"https:\/\/www.incurvy.de\/trends-grosse-groessen\/#website","url":"https:\/\/www.incurvy.de\/trends-grosse-groessen\/","name":"INCURVY Plus-Size Fashion - BLOG","description":"INCURVY Plus-Size Fashion - BLOG","publisher":{"@id":"https:\/\/www.incurvy.de\/trends-grosse-groessen\/#\/schema\/person\/0f0b11c021b39ea29dafea3a21fef662"},"potentialAction":[{"@type":"SearchAction","target":{"@type":"EntryPoint","urlTemplate":"https:\/\/www.incurvy.de\/trends-grosse-groessen\/?s={search_term_string}"},"query-input":{"@type":"PropertyValueSpecification","valueRequired":true,"valueName":"search_term_string"}}],"inLanguage":"de"},{"@type":["Person","Organization"],"@id":"https:\/\/www.incurvy.de\/trends-grosse-groessen\/#\/schema\/person\/0f0b11c021b39ea29dafea3a21fef662","name":"Eleonore","image":{"@type":"ImageObject","inLanguage":"de","@id":"https:\/\/www.incurvy.de\/trends-grosse-groessen\/wp-content\/uploads\/2024\/02\/inCurvyLogoTransparent.png","url":"https:\/\/www.incurvy.de\/trends-grosse-groessen\/wp-content\/uploads\/2024\/02\/inCurvyLogoTransparent.png","contentUrl":"https:\/\/www.incurvy.de\/trends-grosse-groessen\/wp-content\/uploads\/2024\/02\/inCurvyLogoTransparent.png","width":1920,"height":1080,"caption":"Eleonore"},"logo":{"@id":"https:\/\/www.incurvy.de\/trends-grosse-groessen\/wp-content\/uploads\/2024\/02\/inCurvyLogoTransparent.png"}},{"@type":"Person","@id":"https:\/\/www.incurvy.de\/trends-grosse-groessen\/#\/schema\/person\/cbd7bd67cbdb637d3074ae2ccb7ec87a","name":"Theodora","image":{"@type":"ImageObject","inLanguage":"de","@id":"https:\/\/secure.gravatar.com\/avatar\/656514a7766c727a9a4a992f5695234ae4132fe044cce0daaa59e41cf8ba94be?s=96&d=mm&r=g","url":"https:\/\/secure.gravatar.com\/avatar\/656514a7766c727a9a4a992f5695234ae4132fe044cce0daaa59e41cf8ba94be?s=96&d=mm&r=g","contentUrl":"https:\/\/secure.gravatar.com\/avatar\/656514a7766c727a9a4a992f5695234ae4132fe044cce0daaa59e41cf8ba94be?s=96&d=mm&r=g","caption":"Theodora"},"url":"https:\/\/www.incurvy.de\/trends-grosse-groessen\/author\/theodora\/"}]}},"_links":{"self":[{"href":"https:\/\/www.incurvy.de\/trends-grosse-groessen\/wp-json\/wp\/v2\/posts\/7583","targetHints":{"allow":["GET"]}}],"collection":[{"href":"https:\/\/www.incurvy.de\/trends-grosse-groessen\/wp-json\/wp\/v2\/posts"}],"about":[{"href":"https:\/\/www.incurvy.de\/trends-grosse-groessen\/wp-json\/wp\/v2\/types\/post"}],"author":[{"embeddable":true,"href":"https:\/\/www.incurvy.de\/trends-grosse-groessen\/wp-json\/wp\/v2\/users\/14"}],"replies":[{"embeddable":true,"href":"https:\/\/www.incurvy.de\/trends-grosse-groessen\/wp-json\/wp\/v2\/comments?post=7583"}],"version-history":[{"count":0,"href":"https:\/\/www.incurvy.de\/trends-grosse-groessen\/wp-json\/wp\/v2\/posts\/7583\/revisions"}],"wp:featuredmedia":[{"embeddable":true,"href":"https:\/\/www.incurvy.de\/trends-grosse-groessen\/wp-json\/wp\/v2\/media\/7614"}],"wp:attachment":[{"href":"https:\/\/www.incurvy.de\/trends-grosse-groessen\/wp-json\/wp\/v2\/media?parent=7583"}],"wp:term":[{"taxonomy":"category","embeddable":true,"href":"https:\/\/www.incurvy.de\/trends-grosse-groessen\/wp-json\/wp\/v2\/categories?post=7583"},{"taxonomy":"post_tag","embeddable":true,"href":"https:\/\/www.incurvy.de\/trends-grosse-groessen\/wp-json\/wp\/v2\/tags?post=7583"}],"curies":[{"name":"wp","href":"https:\/\/api.w.org\/{rel}","templated":true}]}}