{"id":7840,"date":"2015-10-07T09:02:16","date_gmt":"2015-10-07T07:02:16","guid":{"rendered":"http:\/\/www.incurvy.de\/trends-grosse-groessen\/?p=7840"},"modified":"2016-09-13T17:33:43","modified_gmt":"2016-09-13T15:33:43","slug":"bring-farbe-den-herbst","status":"publish","type":"post","link":"https:\/\/www.incurvy.de\/trends-grosse-groessen\/bring-farbe-den-herbst\/","title":{"rendered":"Bring Farbe in den Herbst!"},"content":{"rendered":"<p>Der Herbst hat zwar einiges an Farbe zu bieten. Die Bl\u00e4tter f\u00e4rben sich Gold und Rot und das Abendrot kann einfach von keiner anderen Jahreszeit \u00fcbertroffen werden. Allerdings kann der Herbst auch sehr trist und dunkel sein und das kann einem wirklich zu schaffen machen. Lieblingsfarbe der Deutschen bei Jacken und M\u00e4nteln? Richtig, Schwarz! Das ist doch auf Dauer langweilig.<\/p>\n<p>Da kann man also nur noch mit Fashion und Farbe entgegenwirken. In dieser Saison \u2013 wie auch schon im Fr\u00fchling \u2013 sind bunte M\u00e4ntel oder M\u00e4ntel mit auff\u00e4lligem Muster absolut im Trend. Sie werten jedes Outfit auf und schenken Farbe im Herbst. Ich selber trage auch gerne bunte M\u00e4ntel und meine Sammlung erweitert sich stetig. Ich zeige euch heute zwei Varianten, wie man diesen Trend tragen kann.<\/p>\n<h2>Bring Farbe in den Herbst!<\/h2>\n<h3>Die einfache bunte Variante<\/h3>\n<p>Kein auff\u00e4lliges Muster, aber daf\u00fcr Farbe. Meine beiden Lieblingsvarianten sind ein softes Blau und ein softes Rosa. Es ist nicht zu auff\u00e4llig, aber gibt dem Outfit das gewisse Etwas.<\/p>\n<p><a href=\"https:\/\/www.incurvy.de\/trends-grosse-groessen\/wp-content\/uploads\/2015\/10\/bunte-maentel-grosse-groessen.jpg\" data-rel=\"penci-gallery-image-content\" ><img loading=\"lazy\" decoding=\"async\" class=\"alignnone size-large wp-image-7843\" src=\"https:\/\/www.incurvy.de\/trends-grosse-groessen\/wp-content\/uploads\/2015\/10\/bunte-maentel-grosse-groessen-683x1024.jpg\" alt=\"Farbenfrohe Mode f\u00fcr den tristen Herbst entdecken!\" width=\"683\" height=\"1024\" srcset=\"https:\/\/incurvy.co.uk\/wp-content\/uploads\/2015\/10\/bunte-maentel-grosse-groessen-683x1024.jpg 683w, https:\/\/incurvy.co.uk\/wp-content\/uploads\/2015\/10\/bunte-maentel-grosse-groessen-200x300.jpg 200w, https:\/\/incurvy.co.uk\/wp-content\/uploads\/2015\/10\/bunte-maentel-grosse-groessen-768x1152.jpg 768w, https:\/\/incurvy.co.uk\/wp-content\/uploads\/2015\/10\/bunte-maentel-grosse-groessen-585x878.jpg 585w, https:\/\/incurvy.co.uk\/wp-content\/uploads\/2015\/10\/bunte-maentel-grosse-groessen.jpg 800w\" sizes=\"auto, (max-width: 683px) 100vw, 683px\" \/><\/a><\/p>\n<p><a href=\"https:\/\/www.incurvy.de\/trends-grosse-groessen\/wp-content\/uploads\/2015\/10\/bunter-mantel-grosse-groessen.jpg\" data-rel=\"penci-gallery-image-content\" ><img loading=\"lazy\" decoding=\"async\" class=\"alignnone wp-image-7844\" src=\"https:\/\/www.incurvy.de\/trends-grosse-groessen\/wp-content\/uploads\/2015\/10\/bunter-mantel-grosse-groessen-774x1024.jpg\" alt=\"Bunte Mode f\u00fcr den tristen Herbst entdecken!\" width=\"690\" height=\"913\" srcset=\"https:\/\/incurvy.co.uk\/wp-content\/uploads\/2015\/10\/bunter-mantel-grosse-groessen-774x1024.jpg 774w, https:\/\/incurvy.co.uk\/wp-content\/uploads\/2015\/10\/bunter-mantel-grosse-groessen-227x300.jpg 227w, https:\/\/incurvy.co.uk\/wp-content\/uploads\/2015\/10\/bunter-mantel-grosse-groessen-768x1016.jpg 768w, https:\/\/incurvy.co.uk\/wp-content\/uploads\/2015\/10\/bunter-mantel-grosse-groessen-585x774.jpg 585w, https:\/\/incurvy.co.uk\/wp-content\/uploads\/2015\/10\/bunter-mantel-grosse-groessen.jpg 800w\" sizes=\"auto, (max-width: 690px) 100vw, 690px\" \/><\/a><\/p>\n<h3>Die Mustervariante<\/h3>\n<p>Trendig sind auch tolle auff\u00e4llige Muster. Um diese kommt man in dieser Saison nicht herum. Sie machen jedes schlichte Outfit zu einem tollen Hingucker und werten es super sch\u00f6n auf. Beliebt bei den Designern ist das \u201eHahnentrittmuster\u201c. Es kommt nie aus der Mode und wirkt stets elegant und klassisch. Es ist einfach zeitlos und somit hat man lange Freude an seinem Mantel und er wird auch in den kommenden Jahren ein treuer Begleiter sein.<\/p>\n<p>In diesem Herbst sieht man auch viele strukturierte M\u00e4ntel. Da liegt das Muster also eher im Stoff bzw. der Verarbeitung. Dabei wird mit tollen Farbmixen gespielt.<\/p>\n<p><a href=\"https:\/\/www.incurvy.de\/trends-grosse-groessen\/wp-content\/uploads\/2015\/10\/rose-mantel-grosse-groessen.jpg\" data-rel=\"penci-gallery-image-content\" ><img loading=\"lazy\" decoding=\"async\" class=\"alignnone size-large wp-image-7849\" src=\"https:\/\/www.incurvy.de\/trends-grosse-groessen\/wp-content\/uploads\/2015\/10\/rose-mantel-grosse-groessen-683x1024.jpg\" alt=\"Farbe im Herbst macht gute Laune. Jetzt bunte M\u00e4ntel entdecken!\" width=\"683\" height=\"1024\" srcset=\"https:\/\/incurvy.co.uk\/wp-content\/uploads\/2015\/10\/rose-mantel-grosse-groessen-683x1024.jpg 683w, https:\/\/incurvy.co.uk\/wp-content\/uploads\/2015\/10\/rose-mantel-grosse-groessen-200x300.jpg 200w, https:\/\/incurvy.co.uk\/wp-content\/uploads\/2015\/10\/rose-mantel-grosse-groessen-768x1152.jpg 768w, https:\/\/incurvy.co.uk\/wp-content\/uploads\/2015\/10\/rose-mantel-grosse-groessen-585x878.jpg 585w, https:\/\/incurvy.co.uk\/wp-content\/uploads\/2015\/10\/rose-mantel-grosse-groessen.jpg 800w\" sizes=\"auto, (max-width: 683px) 100vw, 683px\" \/><\/a><\/p>\n<p><a href=\"https:\/\/www.incurvy.de\/trends-grosse-groessen\/wp-content\/uploads\/2015\/10\/bunter-mantel-plussize-blogger.jpg\" data-rel=\"penci-gallery-image-content\" ><img loading=\"lazy\" decoding=\"async\" class=\"alignnone wp-image-7848\" src=\"https:\/\/www.incurvy.de\/trends-grosse-groessen\/wp-content\/uploads\/2015\/10\/bunter-mantel-plussize-blogger-700x1024.jpg\" alt=\"Farbe im Herbst macht gute Laune. Jetzt bunte M\u00e4ntel entdecken!\" width=\"680\" height=\"994\" srcset=\"https:\/\/incurvy.co.uk\/wp-content\/uploads\/2015\/10\/bunter-mantel-plussize-blogger-700x1024.jpg 700w, https:\/\/incurvy.co.uk\/wp-content\/uploads\/2015\/10\/bunter-mantel-plussize-blogger-205x300.jpg 205w, https:\/\/incurvy.co.uk\/wp-content\/uploads\/2015\/10\/bunter-mantel-plussize-blogger-768x1123.jpg 768w, https:\/\/incurvy.co.uk\/wp-content\/uploads\/2015\/10\/bunter-mantel-plussize-blogger-585x856.jpg 585w, https:\/\/incurvy.co.uk\/wp-content\/uploads\/2015\/10\/bunter-mantel-plussize-blogger.jpg 800w\" sizes=\"auto, (max-width: 680px) 100vw, 680px\" \/><\/a><\/p>\n<h3>Weitere Trendfarben in dieser Saison<\/h3>\n<p>Auff\u00e4lliges Rot sieht man zur Zeit auch \u00fcberall. Also greift auch gerne zu dieser Farbe. Rot passt einfach super in den Herbst. Rot sieht man zur Zeit auch nicht nur bei M\u00e4nteln, sondern in vielen Modezeitschriften sieht man sie auch als Lederjacke. Diese passen n\u00e4mlich auch wunderbar in den Herbst. Hier zeige ich euch meine rote Velourslederjacke aus der aktuellen Blogger Kollektion von Studio Untold.<\/p>\n<p><a href=\"https:\/\/www.incurvy.de\/trends-grosse-groessen\/wp-content\/uploads\/2015\/10\/rote-lederjacke-grosse-groessen.jpg\" data-rel=\"penci-gallery-image-content\" ><img loading=\"lazy\" decoding=\"async\" class=\"alignnone size-large wp-image-7854\" src=\"https:\/\/www.incurvy.de\/trends-grosse-groessen\/wp-content\/uploads\/2015\/10\/rote-lederjacke-grosse-groessen-690x1024.jpg\" alt=\"Lederjacke in gro\u00dfen Gr\u00f6\u00dfen - f\u00fcr modebewusste Frauen!\" width=\"690\" height=\"1024\" srcset=\"https:\/\/incurvy.co.uk\/wp-content\/uploads\/2015\/10\/rote-lederjacke-grosse-groessen-690x1024.jpg 690w, https:\/\/incurvy.co.uk\/wp-content\/uploads\/2015\/10\/rote-lederjacke-grosse-groessen-202x300.jpg 202w, https:\/\/incurvy.co.uk\/wp-content\/uploads\/2015\/10\/rote-lederjacke-grosse-groessen-768x1140.jpg 768w, https:\/\/incurvy.co.uk\/wp-content\/uploads\/2015\/10\/rote-lederjacke-grosse-groessen-585x868.jpg 585w, https:\/\/incurvy.co.uk\/wp-content\/uploads\/2015\/10\/rote-lederjacke-grosse-groessen.jpg 800w\" sizes=\"auto, (max-width: 690px) 100vw, 690px\" \/><\/a><\/p>\n<p>Bicolour M\u00e4ntel gibt es dieses Jahr auch en masse! Bicolour sind ganz schlicht und einfach auf sch\u00f6ne Weise M\u00e4ntel in melierten\/strukturierten Farbt\u00f6nen.<\/p>\n<p>Aus der Mode immer noch nicht wegzudenken sind Karomuster (diese oft auch gerne in rot und schwarz).<\/p>\n<h3>Trendige Herbst-M\u00e4ntel<\/h3>\n<p>Diese modischen Herbst-M\u00e4ntel habe ich f\u00fcr euch auf incurvy herausgesucht.<strong> Ihr d\u00fcrft euch quasi frei austoben und den Mantel in eurer liebsten Farbe tragen. Die Auswahl gibt es. Also seid mutig und wagt euch an Farbe!<\/strong><\/p>\n<div id=\"attachment_7860\" style=\"width: 380px\" class=\"wp-caption aligncenter\"><img loading=\"lazy\" decoding=\"async\" aria-describedby=\"caption-attachment-7860\" class=\"wp-image-7860 size-full\" src=\"https:\/\/www.incurvy.de\/trends-grosse-groessen\/wp-content\/uploads\/2015\/10\/pelzimitat-kurzmantel-langarm-grosse-groessen.jpg\" alt=\"Herbst-M\u00e4ntel in vielen Varianten f\u00fcr kurvige Frauen!\" width=\"370\" height=\"370\" srcset=\"https:\/\/incurvy.co.uk\/wp-content\/uploads\/2015\/10\/pelzimitat-kurzmantel-langarm-grosse-groessen.jpg 370w, https:\/\/incurvy.co.uk\/wp-content\/uploads\/2015\/10\/pelzimitat-kurzmantel-langarm-grosse-groessen-300x300.jpg 300w, https:\/\/incurvy.co.uk\/wp-content\/uploads\/2015\/10\/pelzimitat-kurzmantel-langarm-grosse-groessen-250x250.jpg 250w\" sizes=\"auto, (max-width: 370px) 100vw, 370px\" \/><p id=\"caption-attachment-7860\" class=\"wp-caption-text\">\u00a9 bonprix: Premium Pelzimitat-Kurzmantel langarm in blau<\/p><\/div>\n<p>&nbsp;<\/p>\n<div id=\"attachment_7861\" style=\"width: 380px\" class=\"wp-caption aligncenter\"><img loading=\"lazy\" decoding=\"async\" aria-describedby=\"caption-attachment-7861\" class=\"wp-image-7861 size-full\" src=\"https:\/\/www.incurvy.de\/trends-grosse-groessen\/wp-content\/uploads\/2015\/10\/mantel-backstage-grosse-groessen.jpg\" alt=\"Bunte gro\u00dfe Gr\u00f6\u00dfen M\u00e4ntel bei incurvy!\" width=\"370\" height=\"370\" srcset=\"https:\/\/incurvy.co.uk\/wp-content\/uploads\/2015\/10\/mantel-backstage-grosse-groessen.jpg 370w, https:\/\/incurvy.co.uk\/wp-content\/uploads\/2015\/10\/mantel-backstage-grosse-groessen-300x300.jpg 300w, https:\/\/incurvy.co.uk\/wp-content\/uploads\/2015\/10\/mantel-backstage-grosse-groessen-250x250.jpg 250w\" sizes=\"auto, (max-width: 370px) 100vw, 370px\" \/><p id=\"caption-attachment-7861\" class=\"wp-caption-text\">\u00a9 Conleys: Mantel in zwei Farben<\/p><\/div>\n<p>&nbsp;<\/p>\n<div id=\"attachment_7863\" style=\"width: 380px\" class=\"wp-caption aligncenter\"><img loading=\"lazy\" decoding=\"async\" aria-describedby=\"caption-attachment-7863\" class=\"wp-image-7863 size-full\" src=\"https:\/\/www.incurvy.de\/trends-grosse-groessen\/wp-content\/uploads\/2015\/10\/Woll-Mantel-grosse-groessen.jpg\" alt=\"Woll-Mantel-grosse-groessen\" width=\"370\" height=\"370\" srcset=\"https:\/\/incurvy.co.uk\/wp-content\/uploads\/2015\/10\/Woll-Mantel-grosse-groessen.jpg 370w, https:\/\/incurvy.co.uk\/wp-content\/uploads\/2015\/10\/Woll-Mantel-grosse-groessen-300x300.jpg 300w, https:\/\/incurvy.co.uk\/wp-content\/uploads\/2015\/10\/Woll-Mantel-grosse-groessen-250x250.jpg 250w\" sizes=\"auto, (max-width: 370px) 100vw, 370px\" \/><p id=\"caption-attachment-7863\" class=\"wp-caption-text\">\u00a9 New Look: Wollmix-Mantel<\/p><\/div>\n<p>&nbsp;<\/p>\n<div id=\"attachment_7864\" style=\"width: 380px\" class=\"wp-caption aligncenter\"><img loading=\"lazy\" decoding=\"async\" aria-describedby=\"caption-attachment-7864\" class=\"wp-image-7864 size-full\" src=\"https:\/\/www.incurvy.de\/trends-grosse-groessen\/wp-content\/uploads\/2015\/10\/boyfriend-mantel-plussize.jpg\" alt=\"Boyfriend Mantel hier auf incurvy Plus Size Fashion!\" width=\"370\" height=\"370\" srcset=\"https:\/\/incurvy.co.uk\/wp-content\/uploads\/2015\/10\/boyfriend-mantel-plussize.jpg 370w, https:\/\/incurvy.co.uk\/wp-content\/uploads\/2015\/10\/boyfriend-mantel-plussize-300x300.jpg 300w, https:\/\/incurvy.co.uk\/wp-content\/uploads\/2015\/10\/boyfriend-mantel-plussize-250x250.jpg 250w\" sizes=\"auto, (max-width: 370px) 100vw, 370px\" \/><p id=\"caption-attachment-7864\" class=\"wp-caption-text\">\u00a9 New Look: Black Textured Boyfriend Coat<\/p><\/div>\n<p>&nbsp;<\/p>\n<div id=\"attachment_7866\" style=\"width: 380px\" class=\"wp-caption aligncenter\"><img loading=\"lazy\" decoding=\"async\" aria-describedby=\"caption-attachment-7866\" class=\"wp-image-7866 size-full\" src=\"https:\/\/www.incurvy.de\/trends-grosse-groessen\/wp-content\/uploads\/2015\/10\/mantel-leo-grosse-groessen.jpg\" alt=\"Mantel in Leo-Muster, hier auf incurvy!\" width=\"370\" height=\"370\" srcset=\"https:\/\/incurvy.co.uk\/wp-content\/uploads\/2015\/10\/mantel-leo-grosse-groessen.jpg 370w, https:\/\/incurvy.co.uk\/wp-content\/uploads\/2015\/10\/mantel-leo-grosse-groessen-300x300.jpg 300w, https:\/\/incurvy.co.uk\/wp-content\/uploads\/2015\/10\/mantel-leo-grosse-groessen-250x250.jpg 250w\" sizes=\"auto, (max-width: 370px) 100vw, 370px\" \/><p id=\"caption-attachment-7866\" class=\"wp-caption-text\">\u00a9 Conleys: Mantel Leo<\/p><\/div>\n<p>&nbsp;<\/p>\n<div id=\"attachment_7868\" style=\"width: 380px\" class=\"wp-caption aligncenter\"><img loading=\"lazy\" decoding=\"async\" aria-describedby=\"caption-attachment-7868\" class=\"wp-image-7868 size-full\" src=\"https:\/\/www.incurvy.de\/trends-grosse-groessen\/wp-content\/uploads\/2015\/10\/plus-size-mantel-new-look.jpg\" alt=\"Plus Size Mantel in toller Farbe - hier!\" width=\"370\" height=\"370\" srcset=\"https:\/\/incurvy.co.uk\/wp-content\/uploads\/2015\/10\/plus-size-mantel-new-look.jpg 370w, https:\/\/incurvy.co.uk\/wp-content\/uploads\/2015\/10\/plus-size-mantel-new-look-300x300.jpg 300w, https:\/\/incurvy.co.uk\/wp-content\/uploads\/2015\/10\/plus-size-mantel-new-look-250x250.jpg 250w\" sizes=\"auto, (max-width: 370px) 100vw, 370px\" \/><p id=\"caption-attachment-7868\" class=\"wp-caption-text\">\u00a9 New Look: Plus Size Mantel in Wickeloptik<\/p><\/div>\n<p>&nbsp;<\/p>\n<div id=\"attachment_7869\" style=\"width: 380px\" class=\"wp-caption aligncenter\"><img loading=\"lazy\" decoding=\"async\" aria-describedby=\"caption-attachment-7869\" class=\"wp-image-7869 size-full\" src=\"https:\/\/www.incurvy.de\/trends-grosse-groessen\/wp-content\/uploads\/2015\/10\/plus-size-camel-boyfriend-mantel.jpg\" alt=\"Plus Size Mantel kamelfarben hier auf incurvy!\" width=\"370\" height=\"370\" srcset=\"https:\/\/incurvy.co.uk\/wp-content\/uploads\/2015\/10\/plus-size-camel-boyfriend-mantel.jpg 370w, https:\/\/incurvy.co.uk\/wp-content\/uploads\/2015\/10\/plus-size-camel-boyfriend-mantel-300x300.jpg 300w, https:\/\/incurvy.co.uk\/wp-content\/uploads\/2015\/10\/plus-size-camel-boyfriend-mantel-250x250.jpg 250w\" sizes=\"auto, (max-width: 370px) 100vw, 370px\" \/><p id=\"caption-attachment-7869\" class=\"wp-caption-text\">\u00a9 New Look: Kamelbrauner Boyfriend-Mantel in Plus Size<\/p><\/div>\n<p>&nbsp;<\/p>\n<p><strong>\u00a0<\/strong><\/p>\n","protected":false},"excerpt":{"rendered":"<p>Der Herbst hat zwar einiges an Farbe zu bieten. Die Bl\u00e4tter f\u00e4rben sich Gold und Rot und das Abendrot kann einfach von&hellip;<\/p>\n","protected":false},"author":15,"featured_media":7858,"comment_status":"open","ping_status":"open","sticky":false,"template":"","format":"standard","meta":{"footnotes":""},"categories":[9,2,5,1,35],"tags":[983,976,977,978,981,979,980,984,982,249],"class_list":["post-7840","post","type-post","status-publish","format-standard","has-post-thumbnail","hentry","category-damenmode-grosse-groessen","category-interessante-blog-themen","category-mode-tipps-tricks","category-kategorie-plus-size-mode","category-entdecken-stilvolle-plus-size-outfits-bei-incurvy","tag-bicolour-maentel","tag-bunte-variante","tag-farbe-im-herbst","tag-farbe-in-den-herbst","tag-farbmix","tag-fashion-und-farbe","tag-hahnentrittmuster","tag-herbst-maentel","tag-mantel","tag-trendfarben"],"yoast_head":"<!-- This site is optimized with the Yoast SEO plugin v27.5 - https:\/\/yoast.com\/product\/yoast-seo-wordpress\/ -->\n<title>Bring Farbe in den Herbst! - INCURVY Plus-Size Fashion - BLOG<\/title>\n<meta name=\"description\" content=\"Diese Saison sind bunte M\u00e4ntel oder M\u00e4ntel mit auff\u00e4lligem Muster absolut im Trend. Sie werten jedes Outfit auf. Bring Farbe in den Herbst mit diesen Tipps!\" \/>\n<meta name=\"robots\" content=\"index, follow, max-snippet:-1, max-image-preview:large, max-video-preview:-1\" \/>\n<link rel=\"canonical\" href=\"https:\/\/www.incurvy.de\/trends-grosse-groessen\/bring-farbe-den-herbst\/\" \/>\n<meta property=\"og:locale\" content=\"de_DE\" \/>\n<meta property=\"og:type\" content=\"article\" \/>\n<meta property=\"og:title\" content=\"Bring Farbe in den Herbst! - INCURVY Plus-Size Fashion - BLOG\" \/>\n<meta property=\"og:description\" content=\"Diese Saison sind bunte M\u00e4ntel oder M\u00e4ntel mit auff\u00e4lligem Muster absolut im Trend. Sie werten jedes Outfit auf. Bring Farbe in den Herbst mit diesen Tipps!\" \/>\n<meta property=\"og:url\" content=\"https:\/\/www.incurvy.de\/trends-grosse-groessen\/bring-farbe-den-herbst\/\" \/>\n<meta property=\"og:site_name\" content=\"INCURVY Plus-Size Fashion - BLOG\" \/>\n<meta property=\"article:published_time\" content=\"2015-10-07T07:02:16+00:00\" \/>\n<meta property=\"article:modified_time\" content=\"2016-09-13T15:33:43+00:00\" \/>\n<meta property=\"og:image\" content=\"https:\/\/incurvy.co.uk\/wp-content\/uploads\/2015\/10\/Strickmantel.jpg\" \/>\n\t<meta property=\"og:image:width\" content=\"709\" \/>\n\t<meta property=\"og:image:height\" content=\"440\" \/>\n\t<meta property=\"og:image:type\" content=\"image\/jpeg\" \/>\n<meta name=\"author\" content=\"Stephanie\" \/>\n<meta name=\"twitter:card\" content=\"summary_large_image\" \/>\n<meta name=\"twitter:label1\" content=\"Verfasst von\" \/>\n\t<meta name=\"twitter:data1\" content=\"Stephanie\" \/>\n\t<meta name=\"twitter:label2\" content=\"Gesch\u00e4tzte Lesezeit\" \/>\n\t<meta name=\"twitter:data2\" content=\"3\u00a0Minuten\" \/>\n<script type=\"application\/ld+json\" class=\"yoast-schema-graph\">{\"@context\":\"https:\\\/\\\/schema.org\",\"@graph\":[{\"@type\":\"Article\",\"@id\":\"https:\\\/\\\/www.incurvy.de\\\/trends-grosse-groessen\\\/bring-farbe-den-herbst\\\/#article\",\"isPartOf\":{\"@id\":\"https:\\\/\\\/www.incurvy.de\\\/trends-grosse-groessen\\\/bring-farbe-den-herbst\\\/\"},\"author\":{\"name\":\"Stephanie\",\"@id\":\"https:\\\/\\\/www.incurvy.de\\\/trends-grosse-groessen\\\/#\\\/schema\\\/person\\\/b5ea46757ed1493ff98e97d45a03e295\"},\"headline\":\"Bring Farbe in den Herbst!\",\"datePublished\":\"2015-10-07T07:02:16+00:00\",\"dateModified\":\"2016-09-13T15:33:43+00:00\",\"mainEntityOfPage\":{\"@id\":\"https:\\\/\\\/www.incurvy.de\\\/trends-grosse-groessen\\\/bring-farbe-den-herbst\\\/\"},\"wordCount\":536,\"commentCount\":0,\"publisher\":{\"@id\":\"https:\\\/\\\/www.incurvy.de\\\/trends-grosse-groessen\\\/#\\\/schema\\\/person\\\/0f0b11c021b39ea29dafea3a21fef662\"},\"image\":{\"@id\":\"https:\\\/\\\/www.incurvy.de\\\/trends-grosse-groessen\\\/bring-farbe-den-herbst\\\/#primaryimage\"},\"thumbnailUrl\":\"https:\\\/\\\/incurvy.co.uk\\\/wp-content\\\/uploads\\\/2015\\\/10\\\/Strickmantel.jpg\",\"keywords\":[\"Bicolour M\u00e4ntel\",\"bunte Variante\",\"Farbe im Herbst\",\"Farbe in den Herbst\",\"Farbmix\",\"Fashion und Farbe\",\"Hahnentrittmuster\",\"Herbst-M\u00e4ntel\",\"Mantel\",\"Trendfarben\"],\"articleSection\":[\"Damenmode gro\u00dfe Gr\u00f6\u00dfen\",\"Interessante Themen\",\"Mode Tipps &amp; Tricks\",\"Plus-Size Mode\",\"Plus-Size Outfits\"],\"inLanguage\":\"de\",\"potentialAction\":[{\"@type\":\"CommentAction\",\"name\":\"Comment\",\"target\":[\"https:\\\/\\\/www.incurvy.de\\\/trends-grosse-groessen\\\/bring-farbe-den-herbst\\\/#respond\"]}]},{\"@type\":\"WebPage\",\"@id\":\"https:\\\/\\\/www.incurvy.de\\\/trends-grosse-groessen\\\/bring-farbe-den-herbst\\\/\",\"url\":\"https:\\\/\\\/www.incurvy.de\\\/trends-grosse-groessen\\\/bring-farbe-den-herbst\\\/\",\"name\":\"Bring Farbe in den Herbst! - INCURVY Plus-Size Fashion - BLOG\",\"isPartOf\":{\"@id\":\"https:\\\/\\\/www.incurvy.de\\\/trends-grosse-groessen\\\/#website\"},\"primaryImageOfPage\":{\"@id\":\"https:\\\/\\\/www.incurvy.de\\\/trends-grosse-groessen\\\/bring-farbe-den-herbst\\\/#primaryimage\"},\"image\":{\"@id\":\"https:\\\/\\\/www.incurvy.de\\\/trends-grosse-groessen\\\/bring-farbe-den-herbst\\\/#primaryimage\"},\"thumbnailUrl\":\"https:\\\/\\\/incurvy.co.uk\\\/wp-content\\\/uploads\\\/2015\\\/10\\\/Strickmantel.jpg\",\"datePublished\":\"2015-10-07T07:02:16+00:00\",\"dateModified\":\"2016-09-13T15:33:43+00:00\",\"description\":\"Diese Saison sind bunte M\u00e4ntel oder M\u00e4ntel mit auff\u00e4lligem Muster absolut im Trend. Sie werten jedes Outfit auf. Bring Farbe in den Herbst mit diesen Tipps!\",\"breadcrumb\":{\"@id\":\"https:\\\/\\\/www.incurvy.de\\\/trends-grosse-groessen\\\/bring-farbe-den-herbst\\\/#breadcrumb\"},\"inLanguage\":\"de\",\"potentialAction\":[{\"@type\":\"ReadAction\",\"target\":[\"https:\\\/\\\/www.incurvy.de\\\/trends-grosse-groessen\\\/bring-farbe-den-herbst\\\/\"]}]},{\"@type\":\"ImageObject\",\"inLanguage\":\"de\",\"@id\":\"https:\\\/\\\/www.incurvy.de\\\/trends-grosse-groessen\\\/bring-farbe-den-herbst\\\/#primaryimage\",\"url\":\"https:\\\/\\\/incurvy.co.uk\\\/wp-content\\\/uploads\\\/2015\\\/10\\\/Strickmantel.jpg\",\"contentUrl\":\"https:\\\/\\\/incurvy.co.uk\\\/wp-content\\\/uploads\\\/2015\\\/10\\\/Strickmantel.jpg\",\"width\":709,\"height\":440,\"caption\":\"Wir verraten die Trendfarben diesen Herbst!\"},{\"@type\":\"BreadcrumbList\",\"@id\":\"https:\\\/\\\/www.incurvy.de\\\/trends-grosse-groessen\\\/bring-farbe-den-herbst\\\/#breadcrumb\",\"itemListElement\":[{\"@type\":\"ListItem\",\"position\":1,\"name\":\"Home\",\"item\":\"https:\\\/\\\/www.incurvy.de\\\/trends-grosse-groessen\\\/\"},{\"@type\":\"ListItem\",\"position\":2,\"name\":\"Bring Farbe in den Herbst!\"}]},{\"@type\":\"WebSite\",\"@id\":\"https:\\\/\\\/www.incurvy.de\\\/trends-grosse-groessen\\\/#website\",\"url\":\"https:\\\/\\\/www.incurvy.de\\\/trends-grosse-groessen\\\/\",\"name\":\"INCURVY Plus-Size Fashion - BLOG\",\"description\":\"INCURVY Plus-Size Fashion - BLOG\",\"publisher\":{\"@id\":\"https:\\\/\\\/www.incurvy.de\\\/trends-grosse-groessen\\\/#\\\/schema\\\/person\\\/0f0b11c021b39ea29dafea3a21fef662\"},\"potentialAction\":[{\"@type\":\"SearchAction\",\"target\":{\"@type\":\"EntryPoint\",\"urlTemplate\":\"https:\\\/\\\/www.incurvy.de\\\/trends-grosse-groessen\\\/?s={search_term_string}\"},\"query-input\":{\"@type\":\"PropertyValueSpecification\",\"valueRequired\":true,\"valueName\":\"search_term_string\"}}],\"inLanguage\":\"de\"},{\"@type\":[\"Person\",\"Organization\"],\"@id\":\"https:\\\/\\\/www.incurvy.de\\\/trends-grosse-groessen\\\/#\\\/schema\\\/person\\\/0f0b11c021b39ea29dafea3a21fef662\",\"name\":\"Eleonore\",\"image\":{\"@type\":\"ImageObject\",\"inLanguage\":\"de\",\"@id\":\"https:\\\/\\\/www.incurvy.de\\\/trends-grosse-groessen\\\/wp-content\\\/uploads\\\/2024\\\/02\\\/inCurvyLogoTransparent.png\",\"url\":\"https:\\\/\\\/www.incurvy.de\\\/trends-grosse-groessen\\\/wp-content\\\/uploads\\\/2024\\\/02\\\/inCurvyLogoTransparent.png\",\"contentUrl\":\"https:\\\/\\\/www.incurvy.de\\\/trends-grosse-groessen\\\/wp-content\\\/uploads\\\/2024\\\/02\\\/inCurvyLogoTransparent.png\",\"width\":1920,\"height\":1080,\"caption\":\"Eleonore\"},\"logo\":{\"@id\":\"https:\\\/\\\/www.incurvy.de\\\/trends-grosse-groessen\\\/wp-content\\\/uploads\\\/2024\\\/02\\\/inCurvyLogoTransparent.png\"}},{\"@type\":\"Person\",\"@id\":\"https:\\\/\\\/www.incurvy.de\\\/trends-grosse-groessen\\\/#\\\/schema\\\/person\\\/b5ea46757ed1493ff98e97d45a03e295\",\"name\":\"Stephanie\",\"image\":{\"@type\":\"ImageObject\",\"inLanguage\":\"de\",\"@id\":\"https:\\\/\\\/secure.gravatar.com\\\/avatar\\\/60cd7bb8fc53af52d8e9590fd7bc2d6f61db0c61fda6350614cb95d6285c8bb0?s=96&d=mm&r=g\",\"url\":\"https:\\\/\\\/secure.gravatar.com\\\/avatar\\\/60cd7bb8fc53af52d8e9590fd7bc2d6f61db0c61fda6350614cb95d6285c8bb0?s=96&d=mm&r=g\",\"contentUrl\":\"https:\\\/\\\/secure.gravatar.com\\\/avatar\\\/60cd7bb8fc53af52d8e9590fd7bc2d6f61db0c61fda6350614cb95d6285c8bb0?s=96&d=mm&r=g\",\"caption\":\"Stephanie\"},\"url\":\"https:\\\/\\\/www.incurvy.de\\\/trends-grosse-groessen\\\/author\\\/stephanie\\\/\"}]}<\/script>\n<!-- \/ Yoast SEO plugin. -->","yoast_head_json":{"title":"Bring Farbe in den Herbst! - INCURVY Plus-Size Fashion - BLOG","description":"Diese Saison sind bunte M\u00e4ntel oder M\u00e4ntel mit auff\u00e4lligem Muster absolut im Trend. Sie werten jedes Outfit auf. Bring Farbe in den Herbst mit diesen Tipps!","robots":{"index":"index","follow":"follow","max-snippet":"max-snippet:-1","max-image-preview":"max-image-preview:large","max-video-preview":"max-video-preview:-1"},"canonical":"https:\/\/www.incurvy.de\/trends-grosse-groessen\/bring-farbe-den-herbst\/","og_locale":"de_DE","og_type":"article","og_title":"Bring Farbe in den Herbst! - INCURVY Plus-Size Fashion - BLOG","og_description":"Diese Saison sind bunte M\u00e4ntel oder M\u00e4ntel mit auff\u00e4lligem Muster absolut im Trend. Sie werten jedes Outfit auf. Bring Farbe in den Herbst mit diesen Tipps!","og_url":"https:\/\/www.incurvy.de\/trends-grosse-groessen\/bring-farbe-den-herbst\/","og_site_name":"INCURVY Plus-Size Fashion - BLOG","article_published_time":"2015-10-07T07:02:16+00:00","article_modified_time":"2016-09-13T15:33:43+00:00","og_image":[{"width":709,"height":440,"url":"https:\/\/incurvy.co.uk\/wp-content\/uploads\/2015\/10\/Strickmantel.jpg","type":"image\/jpeg"}],"author":"Stephanie","twitter_card":"summary_large_image","twitter_misc":{"Verfasst von":"Stephanie","Gesch\u00e4tzte Lesezeit":"3\u00a0Minuten"},"schema":{"@context":"https:\/\/schema.org","@graph":[{"@type":"Article","@id":"https:\/\/www.incurvy.de\/trends-grosse-groessen\/bring-farbe-den-herbst\/#article","isPartOf":{"@id":"https:\/\/www.incurvy.de\/trends-grosse-groessen\/bring-farbe-den-herbst\/"},"author":{"name":"Stephanie","@id":"https:\/\/www.incurvy.de\/trends-grosse-groessen\/#\/schema\/person\/b5ea46757ed1493ff98e97d45a03e295"},"headline":"Bring Farbe in den Herbst!","datePublished":"2015-10-07T07:02:16+00:00","dateModified":"2016-09-13T15:33:43+00:00","mainEntityOfPage":{"@id":"https:\/\/www.incurvy.de\/trends-grosse-groessen\/bring-farbe-den-herbst\/"},"wordCount":536,"commentCount":0,"publisher":{"@id":"https:\/\/www.incurvy.de\/trends-grosse-groessen\/#\/schema\/person\/0f0b11c021b39ea29dafea3a21fef662"},"image":{"@id":"https:\/\/www.incurvy.de\/trends-grosse-groessen\/bring-farbe-den-herbst\/#primaryimage"},"thumbnailUrl":"https:\/\/incurvy.co.uk\/wp-content\/uploads\/2015\/10\/Strickmantel.jpg","keywords":["Bicolour M\u00e4ntel","bunte Variante","Farbe im Herbst","Farbe in den Herbst","Farbmix","Fashion und Farbe","Hahnentrittmuster","Herbst-M\u00e4ntel","Mantel","Trendfarben"],"articleSection":["Damenmode gro\u00dfe Gr\u00f6\u00dfen","Interessante Themen","Mode Tipps &amp; Tricks","Plus-Size Mode","Plus-Size Outfits"],"inLanguage":"de","potentialAction":[{"@type":"CommentAction","name":"Comment","target":["https:\/\/www.incurvy.de\/trends-grosse-groessen\/bring-farbe-den-herbst\/#respond"]}]},{"@type":"WebPage","@id":"https:\/\/www.incurvy.de\/trends-grosse-groessen\/bring-farbe-den-herbst\/","url":"https:\/\/www.incurvy.de\/trends-grosse-groessen\/bring-farbe-den-herbst\/","name":"Bring Farbe in den Herbst! - INCURVY Plus-Size Fashion - BLOG","isPartOf":{"@id":"https:\/\/www.incurvy.de\/trends-grosse-groessen\/#website"},"primaryImageOfPage":{"@id":"https:\/\/www.incurvy.de\/trends-grosse-groessen\/bring-farbe-den-herbst\/#primaryimage"},"image":{"@id":"https:\/\/www.incurvy.de\/trends-grosse-groessen\/bring-farbe-den-herbst\/#primaryimage"},"thumbnailUrl":"https:\/\/incurvy.co.uk\/wp-content\/uploads\/2015\/10\/Strickmantel.jpg","datePublished":"2015-10-07T07:02:16+00:00","dateModified":"2016-09-13T15:33:43+00:00","description":"Diese Saison sind bunte M\u00e4ntel oder M\u00e4ntel mit auff\u00e4lligem Muster absolut im Trend. Sie werten jedes Outfit auf. Bring Farbe in den Herbst mit diesen Tipps!","breadcrumb":{"@id":"https:\/\/www.incurvy.de\/trends-grosse-groessen\/bring-farbe-den-herbst\/#breadcrumb"},"inLanguage":"de","potentialAction":[{"@type":"ReadAction","target":["https:\/\/www.incurvy.de\/trends-grosse-groessen\/bring-farbe-den-herbst\/"]}]},{"@type":"ImageObject","inLanguage":"de","@id":"https:\/\/www.incurvy.de\/trends-grosse-groessen\/bring-farbe-den-herbst\/#primaryimage","url":"https:\/\/incurvy.co.uk\/wp-content\/uploads\/2015\/10\/Strickmantel.jpg","contentUrl":"https:\/\/incurvy.co.uk\/wp-content\/uploads\/2015\/10\/Strickmantel.jpg","width":709,"height":440,"caption":"Wir verraten die Trendfarben diesen Herbst!"},{"@type":"BreadcrumbList","@id":"https:\/\/www.incurvy.de\/trends-grosse-groessen\/bring-farbe-den-herbst\/#breadcrumb","itemListElement":[{"@type":"ListItem","position":1,"name":"Home","item":"https:\/\/www.incurvy.de\/trends-grosse-groessen\/"},{"@type":"ListItem","position":2,"name":"Bring Farbe in den Herbst!"}]},{"@type":"WebSite","@id":"https:\/\/www.incurvy.de\/trends-grosse-groessen\/#website","url":"https:\/\/www.incurvy.de\/trends-grosse-groessen\/","name":"INCURVY Plus-Size Fashion - BLOG","description":"INCURVY Plus-Size Fashion - BLOG","publisher":{"@id":"https:\/\/www.incurvy.de\/trends-grosse-groessen\/#\/schema\/person\/0f0b11c021b39ea29dafea3a21fef662"},"potentialAction":[{"@type":"SearchAction","target":{"@type":"EntryPoint","urlTemplate":"https:\/\/www.incurvy.de\/trends-grosse-groessen\/?s={search_term_string}"},"query-input":{"@type":"PropertyValueSpecification","valueRequired":true,"valueName":"search_term_string"}}],"inLanguage":"de"},{"@type":["Person","Organization"],"@id":"https:\/\/www.incurvy.de\/trends-grosse-groessen\/#\/schema\/person\/0f0b11c021b39ea29dafea3a21fef662","name":"Eleonore","image":{"@type":"ImageObject","inLanguage":"de","@id":"https:\/\/www.incurvy.de\/trends-grosse-groessen\/wp-content\/uploads\/2024\/02\/inCurvyLogoTransparent.png","url":"https:\/\/www.incurvy.de\/trends-grosse-groessen\/wp-content\/uploads\/2024\/02\/inCurvyLogoTransparent.png","contentUrl":"https:\/\/www.incurvy.de\/trends-grosse-groessen\/wp-content\/uploads\/2024\/02\/inCurvyLogoTransparent.png","width":1920,"height":1080,"caption":"Eleonore"},"logo":{"@id":"https:\/\/www.incurvy.de\/trends-grosse-groessen\/wp-content\/uploads\/2024\/02\/inCurvyLogoTransparent.png"}},{"@type":"Person","@id":"https:\/\/www.incurvy.de\/trends-grosse-groessen\/#\/schema\/person\/b5ea46757ed1493ff98e97d45a03e295","name":"Stephanie","image":{"@type":"ImageObject","inLanguage":"de","@id":"https:\/\/secure.gravatar.com\/avatar\/60cd7bb8fc53af52d8e9590fd7bc2d6f61db0c61fda6350614cb95d6285c8bb0?s=96&d=mm&r=g","url":"https:\/\/secure.gravatar.com\/avatar\/60cd7bb8fc53af52d8e9590fd7bc2d6f61db0c61fda6350614cb95d6285c8bb0?s=96&d=mm&r=g","contentUrl":"https:\/\/secure.gravatar.com\/avatar\/60cd7bb8fc53af52d8e9590fd7bc2d6f61db0c61fda6350614cb95d6285c8bb0?s=96&d=mm&r=g","caption":"Stephanie"},"url":"https:\/\/www.incurvy.de\/trends-grosse-groessen\/author\/stephanie\/"}]}},"_links":{"self":[{"href":"https:\/\/www.incurvy.de\/trends-grosse-groessen\/wp-json\/wp\/v2\/posts\/7840","targetHints":{"allow":["GET"]}}],"collection":[{"href":"https:\/\/www.incurvy.de\/trends-grosse-groessen\/wp-json\/wp\/v2\/posts"}],"about":[{"href":"https:\/\/www.incurvy.de\/trends-grosse-groessen\/wp-json\/wp\/v2\/types\/post"}],"author":[{"embeddable":true,"href":"https:\/\/www.incurvy.de\/trends-grosse-groessen\/wp-json\/wp\/v2\/users\/15"}],"replies":[{"embeddable":true,"href":"https:\/\/www.incurvy.de\/trends-grosse-groessen\/wp-json\/wp\/v2\/comments?post=7840"}],"version-history":[{"count":0,"href":"https:\/\/www.incurvy.de\/trends-grosse-groessen\/wp-json\/wp\/v2\/posts\/7840\/revisions"}],"wp:featuredmedia":[{"embeddable":true,"href":"https:\/\/www.incurvy.de\/trends-grosse-groessen\/wp-json\/wp\/v2\/media\/7858"}],"wp:attachment":[{"href":"https:\/\/www.incurvy.de\/trends-grosse-groessen\/wp-json\/wp\/v2\/media?parent=7840"}],"wp:term":[{"taxonomy":"category","embeddable":true,"href":"https:\/\/www.incurvy.de\/trends-grosse-groessen\/wp-json\/wp\/v2\/categories?post=7840"},{"taxonomy":"post_tag","embeddable":true,"href":"https:\/\/www.incurvy.de\/trends-grosse-groessen\/wp-json\/wp\/v2\/tags?post=7840"}],"curies":[{"name":"wp","href":"https:\/\/api.w.org\/{rel}","templated":true}]}}