{"id":9928,"date":"2016-03-31T11:49:08","date_gmt":"2016-03-31T09:49:08","guid":{"rendered":"http:\/\/www.incurvy.de\/trends-grosse-groessen\/?p=9928"},"modified":"2016-03-31T17:03:11","modified_gmt":"2016-03-31T15:03:11","slug":"fruehling-von-kopf-bis-fuss","status":"publish","type":"post","link":"https:\/\/www.incurvy.de\/trends-grosse-groessen\/fruehling-von-kopf-bis-fuss\/","title":{"rendered":"Von Kopf bis Fu\u00df auf Fr\u00fchling eingestellt"},"content":{"rendered":"<div>\n<p dir=\"ltr\" style=\"text-align: justify;\"><span lang=\"-none-\" xml:lang=\"-none-\">Der Fr\u00fchling steht vor der T\u00fcr und wir k\u00f6nnen unsere Winterkleidung bald endlich einmotten. Doch nicht nur die Fr\u00fchlingsmode will jetzt beachtet werden, auch ein kleines Beautyprogramm stimmt uns auf die warme Jahreszeit ein. Schlie\u00dflich bringen wir auch unsere Wohnungen beim Fr\u00fchjahrsputz auf Vordermann, warum nicht auch unseren K\u00f6rper?<\/span><\/p>\n<h2 dir=\"ltr\" style=\"text-align: justify;\"><span lang=\"-none-\" xml:lang=\"-none-\">Frischer Wind f\u00fcr Deine Frisur<\/span><\/h2>\n<p dir=\"ltr\" style=\"text-align: justify;\"><span lang=\"-none-\" xml:lang=\"-none-\">Der lange Winter hat auch seine Spuren an so macher Frisur hinterlassen: die Spitzen sind splissig, die L\u00e4ngen schlaff und ohne Volumen oder aber vor Trockenheit kaum zu b\u00e4ndigen. Auch wenn Du Deine Haapracht liebst, ist es jetzt an der Zeit, sich von ein paar Zentimetern zu trennen. Kaputte und splissige <\/span><span lang=\"-none-\" xml:lang=\"-none-\">Spitzen schneiden,<\/span><span lang=\"-none-\" xml:lang=\"-none-\"> l\u00e4sst Deine Haare gleich viel ges\u00fcnder und frischer wirken \u2013 und sie wachsen schlie\u00dflich nach. Oder wie w\u00e4re es gleich mit einem komplett neuen Schnitt f\u00fcr den Sommer?<\/span><\/p>\n<p dir=\"ltr\" style=\"text-align: justify;\"><span lang=\"-none-\" xml:lang=\"-none-\">Diejenigen unter Euch, die sich auch gerne mal eine <\/span><span lang=\"-none-\" xml:lang=\"-none-\">neue Haarfarbe<\/span><span lang=\"-none-\" xml:lang=\"-none-\"> g\u00f6nnen, k\u00f6nnen jetzt umso besser zu helleren Farbt\u00f6nen greifen. W\u00e4hrend im Winter Schwarz und dunkles Braun einen schneewittchenhaft-sch\u00f6nen Kontrast zu blasser Haut zauberten und silber-grau ein trendiger Eyecatcher war, ist jetzt die Jahreszeit f\u00fcr hellere, warme Farbt\u00f6ne und Str\u00e4hnen.<\/span><\/p>\n<p dir=\"ltr\" style=\"text-align: justify;\"><span lang=\"-none-\" xml:lang=\"-none-\">Wenn Du viel Zeit in der Sonne verbringst oder der n\u00e4chste Strandurlaub schon geplant ist, empfielt sich auch ein <\/span><span lang=\"-none-\" xml:lang=\"-none-\">Sonnenschutz mit UV-Filter<\/span><span lang=\"-none-\" xml:lang=\"-none-\">. Meistens sind diese in Form von Sprays in der Drogerie oder bei Friseuren erh\u00e4ltlich. So werden Deine Haare nicht auch im Sommer strapaziert. Vor allem f\u00fcr Frauen mit langen Haaren lohnt sich das, denn allzu oft \u00a0kaputte Spitzen abzuschneiden ist bei ihnen nicht drin.<\/span><\/p>\n<h2 dir=\"ltr\" style=\"text-align: justify;\"><span lang=\"-none-\" xml:lang=\"-none-\">Gesichtspflege in Fr\u00fchling und Sommer<\/span><\/h2>\n<p dir=\"ltr\" style=\"text-align: justify;\"><span lang=\"-none-\" xml:lang=\"-none-\">Fahle Haut mit trockenen Hautsch\u00fcppchen, Bl\u00e4sse sowie m\u00fcde Augen samt dunklen Augenringen sind schon im Winter nervig genug, im Fr\u00fchling wollen wir sie nun wirklich nicht mehr mit uns rumtragen! Jetzt ist es wieder an der Zeit f\u00fcr einen frischen, strahlenden Teint und wache Augen.<\/span><\/p>\n<p dir=\"ltr\" style=\"text-align: justify;\"><span lang=\"-none-\" xml:lang=\"-none-\">Als <\/span><strong><span lang=\"-none-\" xml:lang=\"-none-\">Basispflege<\/span><\/strong><span lang=\"-none-\" xml:lang=\"-none-\">, nachdem Deine Haut viel trockene Heizungsluft zu \u00fcberstehen hatte, eignet sich ein Peeling. Ihre Gesichtscreme stellen viele Frauen auf eine leichtere um \u2013 im Fr\u00fchling und Sommer braucht die Haut einfach nicht mehr so viel Feuchtigkeit. Cremes mit<\/span><strong><span lang=\"-none-\" xml:lang=\"-none-\"> leichtem Br\u00e4unungseffekt<\/span><\/strong><span lang=\"-none-\" xml:lang=\"-none-\"> k\u00f6nnen Dir schon vor dem ersten Sonnenbad einen frischen Teint verleihen. Fleckengefahr besteht, sparsam angewendet und gut einmassiert, nicht, denn diese Gesichtscremes br\u00e4unen nicht so stark wie normale Br\u00e4unungscremes. Kleine Patzer fallen meistens nicht auf, da ein Effekt erst nach mehreren Anwendungen sichtbar wird.<\/span><\/p>\n<p dir=\"ltr\" style=\"text-align: justify;\"><span lang=\"-none-\" xml:lang=\"-none-\">Auch das <\/span><strong><span lang=\"-none-\" xml:lang=\"-none-\">Make-up<\/span><\/strong><span lang=\"-none-\" xml:lang=\"-none-\"> wird im Sommer insgesamt leichter, d.h. heller und freundlicher. Das Contouring f\u00e4llt etwas sanfter aus, als Rouge kommen vor allem leichte Pfirsich- oder Ros\u00e9-T\u00f6ne zum Einsatz. Lippenstifte f\u00fcr den Sommer sind auch frischer und leichter als im Winter. Dunkle Farben wie Brombeere eignen sich jetzt f\u00fcr die Abende besser, als Tages-Make-up hingegen sind zarte Nudet\u00f6ne, Ros\u00e9, Pfirsisch und Rot angesagt. Einzige <\/span><strong><span lang=\"-none-\" xml:lang=\"-none-\">Ausnahme<\/span><\/strong><span lang=\"-none-\" xml:lang=\"-none-\">: Concealer und Makeup. Im Sommer brauchen viele Frauen eine dunklere Farbe, weil ihr Hautton gebr\u00e4unter ist als im Winter. Au\u00dferdem solltest Du darauf achten, wie lange Deine Produkte haltbar sind &#8211; <a href=\"https:\/\/www.incurvy.de\/trends-grosse-groessen\/wie-lange-ist-eigentlich-die-haltbarkeit-von-beauty-produkten\/\" target=\"_blank\" rel=\"nofollow\">Haltbarkeit von Beauty-Produkten hier<\/a>!<br \/>\n<\/span><\/p>\n<p dir=\"ltr\" style=\"text-align: justify;\"><span lang=\"-none-\" xml:lang=\"-none-\">Und nicht vergessen: Dicke Rollkragenpullover und Schals verstecken jetzt nichts mehr! Auch Hals und Dekollet\u00e9 wollen wieder strahlen. Also auch hier sch\u00f6n peelen, eincremen und das Verblenden von Makeup nicht vergessen \u2013 sonst gibt es unsch\u00f6ne R\u00e4nder. Da die Sonne jetzt (auch an k\u00fchlen Tagen) wieder kr\u00e4fter wird, solltest Du auch auf eine Sonnencreme mit <\/span><strong><span lang=\"-none-\" xml:lang=\"-none-\">UV-Schutz<\/span><\/strong><span lang=\"-none-\" xml:lang=\"-none-\"> achten. Das sch\u00fctzt nicht nur vor Hauterkrankungen, sondern auch vor F\u00e4ltchen und Pigmentflecken. Dennoch: Ein paar Minuten am Tag solltest Du Deiner Haut auch nach M\u00f6glichkeit Sonne pur g\u00f6nnen. Denn so kann Dein K\u00f6rper ganze ohne Nahrungserg\u00e4nzungsmittel selbst Vitamin D bilden, nachdem die Speicher vieler Menschen nach dem Winter ziemlich aufgebraucht sind. Nur verbrennen der Haut solltest Du nat\u00fcrlich vermeiden.<br \/>\nWie Du im Sommer Deine Haut pflegst, erf\u00e4hrst Du <a href=\"https:\/\/www.incurvy.de\/trends-grosse-groessen\/pflege-fuer-die-haut-im-sommer\/\" target=\"_blank\" rel=\"nofollow\">hier<\/a>.<br \/>\n<\/span><\/p>\n<h2 dir=\"ltr\" style=\"text-align: justify;\"><span lang=\"-none-\" xml:lang=\"-none-\">Fr\u00fchjahrsputz f\u00fcr Deinen K\u00f6rper<\/span><\/h2>\n<p dir=\"ltr\" style=\"text-align: justify;\"><span lang=\"-none-\" xml:lang=\"-none-\">Beim Peelen und Eincremen solltest Du vor allem Knie und Kniekehlen, Ellenbogen und den Oberarmen Beachtung schenken. Denn diese Stellen sind nach dem Winter oft besonders trocken und spr\u00f6de. Solltest Du Selbstbr\u00e4uner benutzen, ist das umso wichtiger, denn diese Bereiche werden sonst gerne mal fleckig und viel dunkler als der Rest.<\/span><\/p>\n<p dir=\"ltr\" style=\"text-align: justify;\"><span lang=\"-none-\" xml:lang=\"-none-\">F\u00fcr eine strahlende Haut und knackige Spannkraft auch ganz wichtig: Trinken, trinken, trinken! Wenn Du es immer vergisst, lohnt es sich, immer ein Wasserglas vor Augen zu haben. Auf die empfohlenen 2 Liter solltest Du dann kommen. Mit einem Schuss Zitrone oder anderen Fr\u00fcchten darin kannst Du auch ein frisches Aroma ins Wasser zaubern. Das ist weitaus nat\u00fcrlicher als kaufbares Wasser mit Geschmack und bringt Dich garantiert gleich in locker-leichtes Summerfeeling. Au\u00dferdem unterst\u00fctzt Bodylotion mit Q10 die Haut, ihre Spannkraft zu behalten und zu strahlen.<\/span><\/p>\n<p dir=\"ltr\" style=\"text-align: justify;\"><span lang=\"-none-\" xml:lang=\"-none-\">Vor allem, da bald wieder Tops und Shirts an der Tagesordnung sind: Haarentfernung. Epilieren ist hier nur etwas f\u00fcr Hartgesottene. Neben Epilieren (autsch!) geht es auch kurz und dadurch weitaus schmerzloser mit Waxing oder Sugaring. Entweder im Studio oder auch allein Zuhause. Daf\u00fcr gibt es Kaltwachsstreifen und Warmwachs in Drogerien zu kaufen. Die Zuckerpaste f\u00fcr das Sugaring l\u00e4sst sich sogar einfach selbst anmischen, Tutorials dazu findest Du viele bei YouTube.<\/span><\/p>\n<p dir=\"ltr\" style=\"text-align: justify;\"><span lang=\"-none-\" xml:lang=\"-none-\">Eine relativ neue M\u00f6glichkeit der Haarentfernung ist die Haarentfernung mit Lichtimpulsen. Dabei handelt es sich nicht etwa um Laser, wie in professionellen Studios eingesetzt werden, sondern um kleine Ger\u00e4te f\u00fcr Zuhause. (z.B. silk&#8217;n glide xpress)<\/span><span lang=\"-none-\" xml:lang=\"-none-\">. Die Haare werden durch die schmerzlosen Lichtimpulse dauerhaft am Wachstum gehindert, wenn Du das Ger\u00e4t einige Male benutzt hast. Allerdings funktioniert das vor allem bei dunklen Haaren, helle und feine H\u00e4rchen lassen sich davon weniger beeindrucken.<\/span><\/p>\n<h2 dir=\"ltr\" style=\"text-align: justify;\"><span lang=\"-none-\" xml:lang=\"-none-\">Auf die R\u00f6cke, fertig, los: Sexy Sommer-Beine<\/span><\/h2>\n<p dir=\"ltr\" style=\"text-align: justify;\"><span lang=\"-none-\" xml:lang=\"-none-\">Jetzt mal ehrlich: Im Winter lassen die meisten von uns auch mal F\u00fcnfe gerade sein und entfernen nicht sofort jeden pieksenden Haarstoppel an den Beinen. Im Sommer wird\u2019s aber wieder Zeit! Wenn Du keine Lust hast, Dich st\u00e4ndig zu rasieren, kannst Du Dir die Haare auch dauerhaft entfernen. Daf\u00fcr kommen alle Methoden in Betracht, die ich oben genannt habe. Epilieren ist an den Beinen mit etwas Gew\u00f6hnung auch meistens ertr\u00e4glich, denn die Beine sind bei vielen Frauen weniger empfindlich. Ein sanftes Peeling nach der Haarentfernung befreit spr\u00f6de Winterhaut von Hautsch\u00fcppchen und l\u00e4sst sie frisch und gesund aussehen. Das Peeling darf ruhig regelm\u00e4\u00dfig wiederholt werden, zum Beispiel einmal in der Woche an Deinem Beautytag. Danach noch eine angenehme Bodylotion und Deine Beine sind bereit f\u00fcr Shorts, Kleider und R\u00f6cke.<\/span><\/p>\n<p dir=\"ltr\" style=\"text-align: justify;\"><span lang=\"-none-\" xml:lang=\"-none-\">Positiver Nebeneffekt: Nachwachsende H\u00e4rchen wachsen nicht mehr so leicht ein. Au\u00dferdem wird Deine Haut in der Sonne gleichm\u00e4\u00dfiger Braun, als wenn schuppige Areale sich erst mit der Zeit von alleine abbauen, sondern regelm\u00e4\u00dfig abgerubbelt werden.<\/span><\/p>\n<h2 dir=\"ltr\" style=\"text-align: justify;\"><span lang=\"-none-\" xml:lang=\"-none-\">Wollen auch nicht zu kurz kommen: Die F\u00fc\u00dfe<\/span><\/h2>\n<p dir=\"ltr\" style=\"text-align: justify;\"><span lang=\"-none-\" xml:lang=\"-none-\">F\u00fc\u00dfe sind wahrscheinlich der Klassiker unter den vernachl\u00e4ssigten K\u00f6rperregionen schlechthin. Man sieht nicht oft hin und denkt auch nicht daran, dass das andere tun k\u00f6nnten \u2013 also nicht weiter beachten. Doch wenn der Blick dann doch mal von den frisch manik\u00fcrten H\u00e4nden hinuntergleitet, an einem wundervollen Outfit vorbei, stechen ungepflegte F\u00fc\u00dfe sofort ins Auge. Flip Flops oder Sandaletten r\u00e4chen sich dann, denn der tollste Schuh kommt nicht gut zur Geltung, wenn der Fu\u00df darin nicht sch\u00f6n aussieht. Und auch, wenn Du Deine F\u00fc\u00dfe sowieso nicht sch\u00f6n findest: Gut gepflegt ist jeder Fu\u00df Sandalen-tauglich und braucht nicht versteckt zu werden!<\/span><\/p>\n<p dir=\"ltr\" style=\"text-align: justify;\"><span lang=\"-none-\" xml:lang=\"-none-\">Ein paar Minuten reichen schon, um Dich sommerbereit zu machen (oder Du g\u00f6nnst Dir einfach gleich einen Besuch bei der professionellen Pedik\u00fcre, das kann auch noch wahnsinnig entspannend sein): Gr\u00f6bere Hornhaut kannst Du mit einer Raspel entfernen. Allerdings solltest Du dabei sehr vorsichtig sein, denn man verletzt sich ziemlich schnell damit. F\u00fcr den Feinschliff eignet sich ein Bimsstein besser und vermeidet solche schmerzhaften Verletzungen. Einfacher geht das Ganze, wenn Du vorher ein Fu\u00dfbad nimmst und die Haut sch\u00f6n weich ist. Eine Fu\u00dflotion ist dann das i-T\u00fcpfelchen und macht sch\u00f6ne, geschmeidige F\u00fc\u00dfe.<\/span><\/p>\n<p dir=\"ltr\" style=\"text-align: justify;\"><span lang=\"-none-\" xml:lang=\"-none-\">Um Hornhaut an unsch\u00f6nen Stellen k\u00fcnftig zu vermeiden, kannst Du auch eine Anti-Hornhaut-Creme verwenden. Sie beugt der vermehrten Bildung vor, wenn Du sie regelm\u00e4\u00dfig anwendest.<br \/>\nMit allen Methoden solltest Du es aber nicht \u00fcbertreiben, denn Hornhaut hat schlie\u00dflich auch einen Nutzen, n\u00e4mlich Dich zu sch\u00fctzen und deine F\u00fc\u00dfe etwas unempfindlicher zu machen. Also: Sch\u00f6n pflegen, aber nicht zu viel heruntenehmen (schlie\u00dflich willst Du auch mal Barfu\u00df \u00fcber den Strand oder durch den Garten gehen, ohne dass es st\u00e4ndig piekst).<\/span><\/p>\n<p dir=\"ltr\" style=\"text-align: justify;\"><span lang=\"-none-\" xml:lang=\"-none-\">Danach wollen die N\u00e4gel geschnitten und gefeilt werden. Die Nagelhaut kannst Du vorsichtig zur\u00fcckschieben. Durch einen Nagelhautentferner-Stift kannst Du die Haut vorher einweichen, dann funktioniert es noch leichter. Einige dieser Stifte l\u00f6sen die Haut auch auf, ohne dass du schieben musst (diese Chemiekeule ist allerdings vielen nicht ganz geheuer). Alle Utensilien gibt es f\u00fcr wenige Euro in jeder Drogiere.\u00a0 Als Finish fehlt nur noch ein Lack. Wer es dezent mag, greift zu Nude-T\u00f6nen oder Klarlack. \u00a0Klassisches Rot oder Schwarz geht auch so gut wie immer, genauso wie alle anderen Sommerfarben. Wer seine F\u00fc\u00dfe besonders gerne mag und sch\u00f6n betont, kann im Sommer auch wieder Fu\u00dfkettchen und Zehenringe aus dem Schmuckk\u00e4stchen holen.<br \/>\n<\/span><\/p>\n<p dir=\"ltr\" style=\"text-align: justify;\">Weitere <a href=\"https:\/\/www.incurvy.de\/trends-grosse-groessen\/10-tipps-fuer-schoene-fuesse\/\" target=\"_blank\" rel=\"nofollow\">10 Tipps f\u00fcr sch\u00f6ne F\u00fc\u00dfe<\/a> gibt es hier auf dem incurvy Blog.<\/p>\n<\/div>\n<p dir=\"ltr\" style=\"text-align: justify;\">\n<p dir=\"ltr\" style=\"text-align: justify;\">Bild Quelle: @ Subbotina Anna &#8211; fotolia.com<\/p>\n","protected":false},"excerpt":{"rendered":"<p>Der Fr\u00fchling steht vor der T\u00fcr und wir k\u00f6nnen unsere Winterkleidung bald endlich einmotten. Doch nicht nur die Fr\u00fchlingsmode will jetzt beachtet&hellip;<\/p>\n","protected":false},"author":4,"featured_media":9942,"comment_status":"open","ping_status":"open","sticky":false,"template":"","format":"standard","meta":{"footnotes":""},"categories":[50,2,5,1],"tags":[1402,1404,1400,1403,1401],"class_list":["post-9928","post","type-post","status-publish","format-standard","has-post-thumbnail","hentry","category-beauty-news-tipps","category-interessante-blog-themen","category-mode-tipps-tricks","category-kategorie-plus-size-mode","tag-fruehjahrsputz-fuer-den-koerper","tag-fuesse-pflegen","tag-gesichtspflege-in-fruehling","tag-sexy-sommer-beine","tag-von-kopf-bis-fuss-auf-fruehling"],"yoast_head":"<!-- This site is optimized with the Yoast SEO plugin v27.5 - https:\/\/yoast.com\/product\/yoast-seo-wordpress\/ -->\n<title>Von Kopf bis Fu\u00df auf Fr\u00fchling eingestellt - INCURVY Plus-Size Fashion - BLOG<\/title>\n<meta name=\"description\" content=\"Starte mit einem Fr\u00fchjahrsputz f\u00fcr Deinen K\u00f6rper in den Fr\u00fchling! Alle Tipps zu K\u00f6rperpflege von Kopf bis Fu\u00df hier bei incurvy!\" \/>\n<meta name=\"robots\" content=\"index, follow, max-snippet:-1, max-image-preview:large, max-video-preview:-1\" \/>\n<link rel=\"canonical\" href=\"https:\/\/www.incurvy.de\/trends-grosse-groessen\/fruehling-von-kopf-bis-fuss\/\" \/>\n<meta property=\"og:locale\" content=\"de_DE\" \/>\n<meta property=\"og:type\" content=\"article\" \/>\n<meta property=\"og:title\" content=\"Von Kopf bis Fu\u00df auf Fr\u00fchling eingestellt - INCURVY Plus-Size Fashion - BLOG\" \/>\n<meta property=\"og:description\" content=\"Starte mit einem Fr\u00fchjahrsputz f\u00fcr Deinen K\u00f6rper in den Fr\u00fchling! Alle Tipps zu K\u00f6rperpflege von Kopf bis Fu\u00df hier bei incurvy!\" \/>\n<meta property=\"og:url\" content=\"https:\/\/www.incurvy.de\/trends-grosse-groessen\/fruehling-von-kopf-bis-fuss\/\" \/>\n<meta property=\"og:site_name\" content=\"INCURVY Plus-Size Fashion - BLOG\" \/>\n<meta property=\"article:published_time\" content=\"2016-03-31T09:49:08+00:00\" \/>\n<meta property=\"article:modified_time\" content=\"2016-03-31T15:03:11+00:00\" \/>\n<meta property=\"og:image\" content=\"https:\/\/incurvy.co.uk\/wp-content\/uploads\/2016\/03\/Trnds2016-Kopie.jpg\" \/>\n\t<meta property=\"og:image:width\" content=\"709\" \/>\n\t<meta property=\"og:image:height\" content=\"440\" \/>\n\t<meta property=\"og:image:type\" content=\"image\/jpeg\" \/>\n<meta name=\"author\" content=\"Laura\" \/>\n<meta name=\"twitter:card\" content=\"summary_large_image\" \/>\n<meta name=\"twitter:label1\" content=\"Verfasst von\" \/>\n\t<meta name=\"twitter:data1\" content=\"Laura\" \/>\n\t<meta name=\"twitter:label2\" content=\"Gesch\u00e4tzte Lesezeit\" \/>\n\t<meta name=\"twitter:data2\" content=\"8\u00a0Minuten\" \/>\n<script type=\"application\/ld+json\" class=\"yoast-schema-graph\">{\"@context\":\"https:\\\/\\\/schema.org\",\"@graph\":[{\"@type\":\"Article\",\"@id\":\"https:\\\/\\\/www.incurvy.de\\\/trends-grosse-groessen\\\/fruehling-von-kopf-bis-fuss\\\/#article\",\"isPartOf\":{\"@id\":\"https:\\\/\\\/www.incurvy.de\\\/trends-grosse-groessen\\\/fruehling-von-kopf-bis-fuss\\\/\"},\"author\":{\"name\":\"Laura\",\"@id\":\"https:\\\/\\\/www.incurvy.de\\\/trends-grosse-groessen\\\/#\\\/schema\\\/person\\\/586d87e196df6f2143f4d27225d8a9c8\"},\"headline\":\"Von Kopf bis Fu\u00df auf Fr\u00fchling eingestellt\",\"datePublished\":\"2016-03-31T09:49:08+00:00\",\"dateModified\":\"2016-03-31T15:03:11+00:00\",\"mainEntityOfPage\":{\"@id\":\"https:\\\/\\\/www.incurvy.de\\\/trends-grosse-groessen\\\/fruehling-von-kopf-bis-fuss\\\/\"},\"wordCount\":1614,\"commentCount\":0,\"publisher\":{\"@id\":\"https:\\\/\\\/www.incurvy.de\\\/trends-grosse-groessen\\\/#\\\/schema\\\/person\\\/0f0b11c021b39ea29dafea3a21fef662\"},\"image\":{\"@id\":\"https:\\\/\\\/www.incurvy.de\\\/trends-grosse-groessen\\\/fruehling-von-kopf-bis-fuss\\\/#primaryimage\"},\"thumbnailUrl\":\"https:\\\/\\\/incurvy.co.uk\\\/wp-content\\\/uploads\\\/2016\\\/03\\\/Trnds2016-Kopie.jpg\",\"keywords\":[\"Fr\u00fchjahrsputz f\u00fcr den K\u00f6rper\",\"F\u00fc\u00dfe pflegen\",\"Gesichtspflege in Fr\u00fchling\",\"Sexy Sommer-Beine\",\"Von Kopf bis Fu\u00df auf Fr\u00fchling\"],\"articleSection\":[\"Beauty\",\"Interessante Themen\",\"Mode Tipps &amp; Tricks\",\"Plus-Size Mode\"],\"inLanguage\":\"de\",\"potentialAction\":[{\"@type\":\"CommentAction\",\"name\":\"Comment\",\"target\":[\"https:\\\/\\\/www.incurvy.de\\\/trends-grosse-groessen\\\/fruehling-von-kopf-bis-fuss\\\/#respond\"]}]},{\"@type\":\"WebPage\",\"@id\":\"https:\\\/\\\/www.incurvy.de\\\/trends-grosse-groessen\\\/fruehling-von-kopf-bis-fuss\\\/\",\"url\":\"https:\\\/\\\/www.incurvy.de\\\/trends-grosse-groessen\\\/fruehling-von-kopf-bis-fuss\\\/\",\"name\":\"Von Kopf bis Fu\u00df auf Fr\u00fchling eingestellt - INCURVY Plus-Size Fashion - BLOG\",\"isPartOf\":{\"@id\":\"https:\\\/\\\/www.incurvy.de\\\/trends-grosse-groessen\\\/#website\"},\"primaryImageOfPage\":{\"@id\":\"https:\\\/\\\/www.incurvy.de\\\/trends-grosse-groessen\\\/fruehling-von-kopf-bis-fuss\\\/#primaryimage\"},\"image\":{\"@id\":\"https:\\\/\\\/www.incurvy.de\\\/trends-grosse-groessen\\\/fruehling-von-kopf-bis-fuss\\\/#primaryimage\"},\"thumbnailUrl\":\"https:\\\/\\\/incurvy.co.uk\\\/wp-content\\\/uploads\\\/2016\\\/03\\\/Trnds2016-Kopie.jpg\",\"datePublished\":\"2016-03-31T09:49:08+00:00\",\"dateModified\":\"2016-03-31T15:03:11+00:00\",\"description\":\"Starte mit einem Fr\u00fchjahrsputz f\u00fcr Deinen K\u00f6rper in den Fr\u00fchling! Alle Tipps zu K\u00f6rperpflege von Kopf bis Fu\u00df hier bei incurvy!\",\"breadcrumb\":{\"@id\":\"https:\\\/\\\/www.incurvy.de\\\/trends-grosse-groessen\\\/fruehling-von-kopf-bis-fuss\\\/#breadcrumb\"},\"inLanguage\":\"de\",\"potentialAction\":[{\"@type\":\"ReadAction\",\"target\":[\"https:\\\/\\\/www.incurvy.de\\\/trends-grosse-groessen\\\/fruehling-von-kopf-bis-fuss\\\/\"]}]},{\"@type\":\"ImageObject\",\"inLanguage\":\"de\",\"@id\":\"https:\\\/\\\/www.incurvy.de\\\/trends-grosse-groessen\\\/fruehling-von-kopf-bis-fuss\\\/#primaryimage\",\"url\":\"https:\\\/\\\/incurvy.co.uk\\\/wp-content\\\/uploads\\\/2016\\\/03\\\/Trnds2016-Kopie.jpg\",\"contentUrl\":\"https:\\\/\\\/incurvy.co.uk\\\/wp-content\\\/uploads\\\/2016\\\/03\\\/Trnds2016-Kopie.jpg\",\"width\":709,\"height\":440,\"caption\":\"\u00a9 Subbotina Anna - fotolia.com\"},{\"@type\":\"BreadcrumbList\",\"@id\":\"https:\\\/\\\/www.incurvy.de\\\/trends-grosse-groessen\\\/fruehling-von-kopf-bis-fuss\\\/#breadcrumb\",\"itemListElement\":[{\"@type\":\"ListItem\",\"position\":1,\"name\":\"Home\",\"item\":\"https:\\\/\\\/www.incurvy.de\\\/trends-grosse-groessen\\\/\"},{\"@type\":\"ListItem\",\"position\":2,\"name\":\"Von Kopf bis Fu\u00df auf Fr\u00fchling eingestellt\"}]},{\"@type\":\"WebSite\",\"@id\":\"https:\\\/\\\/www.incurvy.de\\\/trends-grosse-groessen\\\/#website\",\"url\":\"https:\\\/\\\/www.incurvy.de\\\/trends-grosse-groessen\\\/\",\"name\":\"INCURVY Plus-Size Fashion - BLOG\",\"description\":\"INCURVY Plus-Size Fashion - BLOG\",\"publisher\":{\"@id\":\"https:\\\/\\\/www.incurvy.de\\\/trends-grosse-groessen\\\/#\\\/schema\\\/person\\\/0f0b11c021b39ea29dafea3a21fef662\"},\"potentialAction\":[{\"@type\":\"SearchAction\",\"target\":{\"@type\":\"EntryPoint\",\"urlTemplate\":\"https:\\\/\\\/www.incurvy.de\\\/trends-grosse-groessen\\\/?s={search_term_string}\"},\"query-input\":{\"@type\":\"PropertyValueSpecification\",\"valueRequired\":true,\"valueName\":\"search_term_string\"}}],\"inLanguage\":\"de\"},{\"@type\":[\"Person\",\"Organization\"],\"@id\":\"https:\\\/\\\/www.incurvy.de\\\/trends-grosse-groessen\\\/#\\\/schema\\\/person\\\/0f0b11c021b39ea29dafea3a21fef662\",\"name\":\"Eleonore\",\"image\":{\"@type\":\"ImageObject\",\"inLanguage\":\"de\",\"@id\":\"https:\\\/\\\/www.incurvy.de\\\/trends-grosse-groessen\\\/wp-content\\\/uploads\\\/2024\\\/02\\\/inCurvyLogoTransparent.png\",\"url\":\"https:\\\/\\\/www.incurvy.de\\\/trends-grosse-groessen\\\/wp-content\\\/uploads\\\/2024\\\/02\\\/inCurvyLogoTransparent.png\",\"contentUrl\":\"https:\\\/\\\/www.incurvy.de\\\/trends-grosse-groessen\\\/wp-content\\\/uploads\\\/2024\\\/02\\\/inCurvyLogoTransparent.png\",\"width\":1920,\"height\":1080,\"caption\":\"Eleonore\"},\"logo\":{\"@id\":\"https:\\\/\\\/www.incurvy.de\\\/trends-grosse-groessen\\\/wp-content\\\/uploads\\\/2024\\\/02\\\/inCurvyLogoTransparent.png\"}},{\"@type\":\"Person\",\"@id\":\"https:\\\/\\\/www.incurvy.de\\\/trends-grosse-groessen\\\/#\\\/schema\\\/person\\\/586d87e196df6f2143f4d27225d8a9c8\",\"name\":\"Laura\",\"image\":{\"@type\":\"ImageObject\",\"inLanguage\":\"de\",\"@id\":\"https:\\\/\\\/secure.gravatar.com\\\/avatar\\\/adc93ab659804cae78adaf3c557a7791819f88f944ddbd966f2cbf0197760f92?s=96&d=mm&r=g\",\"url\":\"https:\\\/\\\/secure.gravatar.com\\\/avatar\\\/adc93ab659804cae78adaf3c557a7791819f88f944ddbd966f2cbf0197760f92?s=96&d=mm&r=g\",\"contentUrl\":\"https:\\\/\\\/secure.gravatar.com\\\/avatar\\\/adc93ab659804cae78adaf3c557a7791819f88f944ddbd966f2cbf0197760f92?s=96&d=mm&r=g\",\"caption\":\"Laura\"},\"url\":\"https:\\\/\\\/www.incurvy.de\\\/trends-grosse-groessen\\\/author\\\/laura\\\/\"}]}<\/script>\n<!-- \/ Yoast SEO plugin. -->","yoast_head_json":{"title":"Von Kopf bis Fu\u00df auf Fr\u00fchling eingestellt - INCURVY Plus-Size Fashion - BLOG","description":"Starte mit einem Fr\u00fchjahrsputz f\u00fcr Deinen K\u00f6rper in den Fr\u00fchling! Alle Tipps zu K\u00f6rperpflege von Kopf bis Fu\u00df hier bei incurvy!","robots":{"index":"index","follow":"follow","max-snippet":"max-snippet:-1","max-image-preview":"max-image-preview:large","max-video-preview":"max-video-preview:-1"},"canonical":"https:\/\/www.incurvy.de\/trends-grosse-groessen\/fruehling-von-kopf-bis-fuss\/","og_locale":"de_DE","og_type":"article","og_title":"Von Kopf bis Fu\u00df auf Fr\u00fchling eingestellt - INCURVY Plus-Size Fashion - BLOG","og_description":"Starte mit einem Fr\u00fchjahrsputz f\u00fcr Deinen K\u00f6rper in den Fr\u00fchling! Alle Tipps zu K\u00f6rperpflege von Kopf bis Fu\u00df hier bei incurvy!","og_url":"https:\/\/www.incurvy.de\/trends-grosse-groessen\/fruehling-von-kopf-bis-fuss\/","og_site_name":"INCURVY Plus-Size Fashion - BLOG","article_published_time":"2016-03-31T09:49:08+00:00","article_modified_time":"2016-03-31T15:03:11+00:00","og_image":[{"width":709,"height":440,"url":"https:\/\/incurvy.co.uk\/wp-content\/uploads\/2016\/03\/Trnds2016-Kopie.jpg","type":"image\/jpeg"}],"author":"Laura","twitter_card":"summary_large_image","twitter_misc":{"Verfasst von":"Laura","Gesch\u00e4tzte Lesezeit":"8\u00a0Minuten"},"schema":{"@context":"https:\/\/schema.org","@graph":[{"@type":"Article","@id":"https:\/\/www.incurvy.de\/trends-grosse-groessen\/fruehling-von-kopf-bis-fuss\/#article","isPartOf":{"@id":"https:\/\/www.incurvy.de\/trends-grosse-groessen\/fruehling-von-kopf-bis-fuss\/"},"author":{"name":"Laura","@id":"https:\/\/www.incurvy.de\/trends-grosse-groessen\/#\/schema\/person\/586d87e196df6f2143f4d27225d8a9c8"},"headline":"Von Kopf bis Fu\u00df auf Fr\u00fchling eingestellt","datePublished":"2016-03-31T09:49:08+00:00","dateModified":"2016-03-31T15:03:11+00:00","mainEntityOfPage":{"@id":"https:\/\/www.incurvy.de\/trends-grosse-groessen\/fruehling-von-kopf-bis-fuss\/"},"wordCount":1614,"commentCount":0,"publisher":{"@id":"https:\/\/www.incurvy.de\/trends-grosse-groessen\/#\/schema\/person\/0f0b11c021b39ea29dafea3a21fef662"},"image":{"@id":"https:\/\/www.incurvy.de\/trends-grosse-groessen\/fruehling-von-kopf-bis-fuss\/#primaryimage"},"thumbnailUrl":"https:\/\/incurvy.co.uk\/wp-content\/uploads\/2016\/03\/Trnds2016-Kopie.jpg","keywords":["Fr\u00fchjahrsputz f\u00fcr den K\u00f6rper","F\u00fc\u00dfe pflegen","Gesichtspflege in Fr\u00fchling","Sexy Sommer-Beine","Von Kopf bis Fu\u00df auf Fr\u00fchling"],"articleSection":["Beauty","Interessante Themen","Mode Tipps &amp; Tricks","Plus-Size Mode"],"inLanguage":"de","potentialAction":[{"@type":"CommentAction","name":"Comment","target":["https:\/\/www.incurvy.de\/trends-grosse-groessen\/fruehling-von-kopf-bis-fuss\/#respond"]}]},{"@type":"WebPage","@id":"https:\/\/www.incurvy.de\/trends-grosse-groessen\/fruehling-von-kopf-bis-fuss\/","url":"https:\/\/www.incurvy.de\/trends-grosse-groessen\/fruehling-von-kopf-bis-fuss\/","name":"Von Kopf bis Fu\u00df auf Fr\u00fchling eingestellt - INCURVY Plus-Size Fashion - BLOG","isPartOf":{"@id":"https:\/\/www.incurvy.de\/trends-grosse-groessen\/#website"},"primaryImageOfPage":{"@id":"https:\/\/www.incurvy.de\/trends-grosse-groessen\/fruehling-von-kopf-bis-fuss\/#primaryimage"},"image":{"@id":"https:\/\/www.incurvy.de\/trends-grosse-groessen\/fruehling-von-kopf-bis-fuss\/#primaryimage"},"thumbnailUrl":"https:\/\/incurvy.co.uk\/wp-content\/uploads\/2016\/03\/Trnds2016-Kopie.jpg","datePublished":"2016-03-31T09:49:08+00:00","dateModified":"2016-03-31T15:03:11+00:00","description":"Starte mit einem Fr\u00fchjahrsputz f\u00fcr Deinen K\u00f6rper in den Fr\u00fchling! Alle Tipps zu K\u00f6rperpflege von Kopf bis Fu\u00df hier bei incurvy!","breadcrumb":{"@id":"https:\/\/www.incurvy.de\/trends-grosse-groessen\/fruehling-von-kopf-bis-fuss\/#breadcrumb"},"inLanguage":"de","potentialAction":[{"@type":"ReadAction","target":["https:\/\/www.incurvy.de\/trends-grosse-groessen\/fruehling-von-kopf-bis-fuss\/"]}]},{"@type":"ImageObject","inLanguage":"de","@id":"https:\/\/www.incurvy.de\/trends-grosse-groessen\/fruehling-von-kopf-bis-fuss\/#primaryimage","url":"https:\/\/incurvy.co.uk\/wp-content\/uploads\/2016\/03\/Trnds2016-Kopie.jpg","contentUrl":"https:\/\/incurvy.co.uk\/wp-content\/uploads\/2016\/03\/Trnds2016-Kopie.jpg","width":709,"height":440,"caption":"\u00a9 Subbotina Anna - fotolia.com"},{"@type":"BreadcrumbList","@id":"https:\/\/www.incurvy.de\/trends-grosse-groessen\/fruehling-von-kopf-bis-fuss\/#breadcrumb","itemListElement":[{"@type":"ListItem","position":1,"name":"Home","item":"https:\/\/www.incurvy.de\/trends-grosse-groessen\/"},{"@type":"ListItem","position":2,"name":"Von Kopf bis Fu\u00df auf Fr\u00fchling eingestellt"}]},{"@type":"WebSite","@id":"https:\/\/www.incurvy.de\/trends-grosse-groessen\/#website","url":"https:\/\/www.incurvy.de\/trends-grosse-groessen\/","name":"INCURVY Plus-Size Fashion - BLOG","description":"INCURVY Plus-Size Fashion - BLOG","publisher":{"@id":"https:\/\/www.incurvy.de\/trends-grosse-groessen\/#\/schema\/person\/0f0b11c021b39ea29dafea3a21fef662"},"potentialAction":[{"@type":"SearchAction","target":{"@type":"EntryPoint","urlTemplate":"https:\/\/www.incurvy.de\/trends-grosse-groessen\/?s={search_term_string}"},"query-input":{"@type":"PropertyValueSpecification","valueRequired":true,"valueName":"search_term_string"}}],"inLanguage":"de"},{"@type":["Person","Organization"],"@id":"https:\/\/www.incurvy.de\/trends-grosse-groessen\/#\/schema\/person\/0f0b11c021b39ea29dafea3a21fef662","name":"Eleonore","image":{"@type":"ImageObject","inLanguage":"de","@id":"https:\/\/www.incurvy.de\/trends-grosse-groessen\/wp-content\/uploads\/2024\/02\/inCurvyLogoTransparent.png","url":"https:\/\/www.incurvy.de\/trends-grosse-groessen\/wp-content\/uploads\/2024\/02\/inCurvyLogoTransparent.png","contentUrl":"https:\/\/www.incurvy.de\/trends-grosse-groessen\/wp-content\/uploads\/2024\/02\/inCurvyLogoTransparent.png","width":1920,"height":1080,"caption":"Eleonore"},"logo":{"@id":"https:\/\/www.incurvy.de\/trends-grosse-groessen\/wp-content\/uploads\/2024\/02\/inCurvyLogoTransparent.png"}},{"@type":"Person","@id":"https:\/\/www.incurvy.de\/trends-grosse-groessen\/#\/schema\/person\/586d87e196df6f2143f4d27225d8a9c8","name":"Laura","image":{"@type":"ImageObject","inLanguage":"de","@id":"https:\/\/secure.gravatar.com\/avatar\/adc93ab659804cae78adaf3c557a7791819f88f944ddbd966f2cbf0197760f92?s=96&d=mm&r=g","url":"https:\/\/secure.gravatar.com\/avatar\/adc93ab659804cae78adaf3c557a7791819f88f944ddbd966f2cbf0197760f92?s=96&d=mm&r=g","contentUrl":"https:\/\/secure.gravatar.com\/avatar\/adc93ab659804cae78adaf3c557a7791819f88f944ddbd966f2cbf0197760f92?s=96&d=mm&r=g","caption":"Laura"},"url":"https:\/\/www.incurvy.de\/trends-grosse-groessen\/author\/laura\/"}]}},"_links":{"self":[{"href":"https:\/\/www.incurvy.de\/trends-grosse-groessen\/wp-json\/wp\/v2\/posts\/9928","targetHints":{"allow":["GET"]}}],"collection":[{"href":"https:\/\/www.incurvy.de\/trends-grosse-groessen\/wp-json\/wp\/v2\/posts"}],"about":[{"href":"https:\/\/www.incurvy.de\/trends-grosse-groessen\/wp-json\/wp\/v2\/types\/post"}],"author":[{"embeddable":true,"href":"https:\/\/www.incurvy.de\/trends-grosse-groessen\/wp-json\/wp\/v2\/users\/4"}],"replies":[{"embeddable":true,"href":"https:\/\/www.incurvy.de\/trends-grosse-groessen\/wp-json\/wp\/v2\/comments?post=9928"}],"version-history":[{"count":0,"href":"https:\/\/www.incurvy.de\/trends-grosse-groessen\/wp-json\/wp\/v2\/posts\/9928\/revisions"}],"wp:featuredmedia":[{"embeddable":true,"href":"https:\/\/www.incurvy.de\/trends-grosse-groessen\/wp-json\/wp\/v2\/media\/9942"}],"wp:attachment":[{"href":"https:\/\/www.incurvy.de\/trends-grosse-groessen\/wp-json\/wp\/v2\/media?parent=9928"}],"wp:term":[{"taxonomy":"category","embeddable":true,"href":"https:\/\/www.incurvy.de\/trends-grosse-groessen\/wp-json\/wp\/v2\/categories?post=9928"},{"taxonomy":"post_tag","embeddable":true,"href":"https:\/\/www.incurvy.de\/trends-grosse-groessen\/wp-json\/wp\/v2\/tags?post=9928"}],"curies":[{"name":"wp","href":"https:\/\/api.w.org\/{rel}","templated":true}]}}